{"id":122168,"date":"2025-07-20T17:20:00","date_gmt":"2025-07-20T17:20:00","guid":{"rendered":"https:\/\/tvbrazilusa.com\/2025\/07\/20\/pastor-mirim-miguel-oliveira-envia-duro-recado-ao-presidente-lula-tv-florida-usa-a-sua-tv-brasileira-nos-estados-unidos\/"},"modified":"2025-07-20T21:10:12","modified_gmt":"2025-07-20T21:10:12","slug":"pastor-mirim-miguel-oliveira-envia-duro-recado-ao-presidente-lula-tv-florida-usa-a-sua-tv-brasileira-nos-estados-unidos","status":"publish","type":"post","link":"https:\/\/tvbrazilusa.com\/pt\/2025\/07\/20\/pastor-mirim-miguel-oliveira-envia-duro-recado-ao-presidente-lula-tv-florida-usa-a-sua-tv-brasileira-nos-estados-unidos\/","title":{"rendered":"Pastor mirim Miguel Oliveira envia duro recado ao presidente Lula \u2013 TV Florida USA \u2013 A sua TV Brasileira nos Estados Unidos"},"content":{"rendered":"<p> <script async src=\"https:\/\/pagead2.googlesyndication.com\/pagead\/js\/adsbygoogle.js?client=ca-pub-8864793242727901\"\r\n     crossorigin=\"anonymous\"><\/script><br \/>\n<\/p>\n<div>\n<p>Jeffrey Chiquini, advogado do ex-assessor de Jair Bolsonaro (PL), Filipe Martins, levantou uma suspeita acerca das tornozeleiras eletr\u00f4nicas em publica\u00e7\u00e3o nas redes sociais, neste s\u00e1bado (19). Ele publicou um v\u00eddeo afirmando que existem modelos do dispositivo que servem como escuta, j\u00e1 que possuem um microfone no interior do aparelho.<\/p>\n<p>O ex-presidente Jair Bolsonaro foi submetido ao uso do dispositivo eletr\u00f4nico por ordem de Moraes, em opera\u00e7\u00e3o da Pol\u00edcia Federal nesta sexta-feira (18). Outras medidas cautelares foram adotadas contra o ex-presidente, sem que h\u00e1 qualquer condena\u00e7\u00e3o contra ele.\n<\/p>\n<p>\u2013 Para que fique bem claro, n\u00e3o estou insinuando nada, s\u00f3 quero mostrar para voc\u00eas. Voc\u00eas sabiam que existe tornozeleira [eletr\u00f4nica] com essa tecnologia j\u00e1? Tornozeleira eletr\u00f4nica com microfone. J\u00e1 tem essa tecnologia no Brasil \u2013 disse Chiquini, que voltou a afirmar n\u00e3o estar insinuando nada.\n<\/p>\n<p>Em tom ir\u00f4nico, o advogado pergunta:<\/p>\n<div class=\"mvp-post-ad-wrap\"><span class=\"mvp-ad-label\">Publicidade<\/span><\/p>\n<div class=\"mvp-post-ad\"><a rel=\"nofollow\" target=\"_blank\" href=\"https:\/\/pay.cakto.com.br\/35dueap_485359\"><br \/><\/a><\/div>\n<\/div>\n<p>\u2013 Imagina s\u00f3, quem iria querer ouvir o Jair Bolsonaro, saber com quem ele conversa, o que ele fala? Imagina\u2026 Isso n\u00e3o existe! \u2013 declarou sarcasticamente.\n<\/p>\n<p>Em seguida, ele fez coloca\u00e7\u00f5es oportunas que levantam suspeitas sobre a pesada medida cautelar imposta por Moraes ao ex-presidente Jair Bolsonaro.\n<\/p>\n<p>\u2013 Imagina s\u00f3 deixar esse acusado sem tornozeleira? Foi todas as vezes que foi chamado na PF, esteve pessoalmente no plen\u00e1rio [do STF] acompanhar o recebimento da den\u00fancia, j\u00e1 foi interrogado pessoalmente, tem advogado no processo, resid\u00eancia fixa, mora no mesmo lugar a vida inteira, esteve em Orlando sem tornozeleira e voltou para o Brasil\u2026 Imaginem s\u00f3 esse cara sem tornozeleira, o risco de fuga que \u00e9 \u2013 ironizou.\n<\/p>\n<div class=\"mvp-post-ad-wrap\"><span class=\"mvp-ad-label\">Publicidade<\/span><\/p>\n<div class=\"mvp-post-ad\"><a rel=\"nofollow\" target=\"_blank\" href=\"https:\/\/pay.cakto.com.br\/35dueap_485359\"><br \/><img fetchpriority=\"high\" width=\"960\" height=\"288\" decoding=\"async\" src=\"data:image\/svg+xml,%3Csvg%20xmlns=\" http:=\"\" alt=\"Banner do Livro\" style=\"max-width:100%; height:auto;\" data-lazy-src=\"https:\/\/podernacional.com.br\/wp-content\/uploads\/2025\/04\/Livro-Banner.png\" data-rel=\"penci-gallery-image-content\" \/><img fetchpriority=\"high\" width=\"960\" height=\"288\" decoding=\"async\" src=\"https:\/\/podernacional.com.br\/wp-content\/uploads\/2025\/04\/Livro-Banner.png\" alt=\"Banner do Livro\" style=\"max-width:100%; height:auto;\"\/><\/a><\/div>\n<\/div>\n<\/div>\n<p><br \/>\n<br \/><a href=\"https:\/\/tvfloridausa.com\/2025\/07\/20\/video-pastor-mirim-miguel-oliveira-envia-duro-recado-ao-presidente-lula\/\">Source link <\/a><\/p>","protected":false},"excerpt":{"rendered":"<p>Jeffrey Chiquini, advogado do ex-assessor de Jair Bolsonaro (PL), Filipe Martins, levantou uma suspeita acerca das tornozeleiras eletr\u00f4nicas em publica\u00e7\u00e3o nas redes sociais, neste s\u00e1bado (19). Ele publicou um v\u00eddeo&hellip;<\/p>","protected":false},"author":1,"featured_media":122139,"comment_status":"closed","ping_status":"open","sticky":false,"template":"","format":"standard","meta":{"content-type":"","footnotes":""},"categories":[22],"tags":[],"class_list":["post-122168","post","type-post","status-publish","format-standard","has-post-thumbnail","hentry","category-tv-florida-usa"],"_links":{"self":[{"href":"https:\/\/tvbrazilusa.com\/pt\/wp-json\/wp\/v2\/posts\/122168","targetHints":{"allow":["GET"]}}],"collection":[{"href":"https:\/\/tvbrazilusa.com\/pt\/wp-json\/wp\/v2\/posts"}],"about":[{"href":"https:\/\/tvbrazilusa.com\/pt\/wp-json\/wp\/v2\/types\/post"}],"author":[{"embeddable":true,"href":"https:\/\/tvbrazilusa.com\/pt\/wp-json\/wp\/v2\/users\/1"}],"replies":[{"embeddable":true,"href":"https:\/\/tvbrazilusa.com\/pt\/wp-json\/wp\/v2\/comments?post=122168"}],"version-history":[{"count":1,"href":"https:\/\/tvbrazilusa.com\/pt\/wp-json\/wp\/v2\/posts\/122168\/revisions"}],"predecessor-version":[{"id":122169,"href":"https:\/\/tvbrazilusa.com\/pt\/wp-json\/wp\/v2\/posts\/122168\/revisions\/122169"}],"wp:featuredmedia":[{"embeddable":true,"href":"https:\/\/tvbrazilusa.com\/pt\/wp-json\/wp\/v2\/media\/122139"}],"wp:attachment":[{"href":"https:\/\/tvbrazilusa.com\/pt\/wp-json\/wp\/v2\/media?parent=122168"}],"wp:term":[{"taxonomy":"category","embeddable":true,"href":"https:\/\/tvbrazilusa.com\/pt\/wp-json\/wp\/v2\/categories?post=122168"},{"taxonomy":"post_tag","embeddable":true,"href":"https:\/\/tvbrazilusa.com\/pt\/wp-json\/wp\/v2\/tags?post=122168"}],"curies":[{"name":"wp","href":"https:\/\/api.w.org\/{rel}","templated":true}]}}