{"id":122246,"date":"2025-07-21T21:51:00","date_gmt":"2025-07-21T21:51:00","guid":{"rendered":"https:\/\/tvbrazilusa.com\/2025\/07\/21\/bolsonaro-mostra-tornozeleira-eletronica-e-manda-recado-ao-mundo-tv-florida-usa-a-sua-tv-brasileira-nos-estados-unidos\/"},"modified":"2025-07-21T22:58:34","modified_gmt":"2025-07-21T22:58:34","slug":"bolsonaro-mostra-tornozeleira-eletronica-e-manda-recado-ao-mundo-tv-florida-usa-a-sua-tv-brasileira-nos-estados-unidos","status":"publish","type":"post","link":"https:\/\/tvbrazilusa.com\/pt\/2025\/07\/21\/bolsonaro-mostra-tornozeleira-eletronica-e-manda-recado-ao-mundo-tv-florida-usa-a-sua-tv-brasileira-nos-estados-unidos\/","title":{"rendered":"Bolsonaro mostra tornozeleira eletr\u00f4nica e manda recado ao mundo \u2013 TV Florida USA \u2013 A sua TV Brasileira nos Estados Unidos"},"content":{"rendered":"<p> <script async src=\"https:\/\/pagead2.googlesyndication.com\/pagead\/js\/adsbygoogle.js?client=ca-pub-8864793242727901\"\r\n     crossorigin=\"anonymous\"><\/script><br \/>\n<\/p>\n<div>\n<p>Medidas restritivas in\u00e9ditas atingem o ex-presidente\u00a0<strong>Jair Bolsonaro<\/strong>\u00a0(PL), que agora est\u00e1 impedido por decis\u00e3o do ministro Alexandre de Moraes, do Supremo Tribunal Federal (<strong><a rel=\"nofollow\" target=\"_blank\" href=\"https:\/\/portal.stf.jus.br\/\">STF<\/a><\/strong>), de manter contato com mais de 190 pessoas. O alcance da proibi\u00e7\u00e3o pode ser ainda maior, pois a decis\u00e3o inclui tamb\u00e9m a veda\u00e7\u00e3o de comunica\u00e7\u00e3o por interm\u00e9dio de terceiros e contato com quaisquer autoridades estrangeiras.<\/p>\n<p>A lista determinada por Moraes envolve nomes como o deputado licenciado Eduardo Bolsonaro (PL-SP), filho do ex-presidente, al\u00e9m dos r\u00e9us das a\u00e7\u00f5es penais 2.668\/DF, 2.693\/DF, 2.694\/DF, 2.695\/DF, do inqu\u00e9rito 4.995\/DF e da peti\u00e7\u00e3o 12.100\/DF. Todos os embaixadores estrangeiros do Brasil tamb\u00e9m est\u00e3o entre os proibidos, considerando as 132 representa\u00e7\u00f5es diplom\u00e1ticas instaladas em Bras\u00edlia.\n<\/p>\n<h2 id=\"relacao-das-restricoes-e-justificativas\" class=\"wp-block-heading\">Rela\u00e7\u00e3o das restri\u00e7\u00f5es e justificativas de Alexandre de Moraes<\/h2>\n<p>Essas restri\u00e7\u00f5es t\u00eam rela\u00e7\u00e3o direta com acusa\u00e7\u00f5es de atentado contra o Estado Democr\u00e1tico de Direito. Os envolvidos negam participa\u00e7\u00e3o nos crimes apontados nos processos. As determina\u00e7\u00f5es do STF foram impostas na sexta-feira 18, e incluem ainda o uso obrigat\u00f3rio de tornozeleira eletr\u00f4nica para Jair Bolsonaro.\n<\/p>\n<p>O ex-presidente est\u00e1 obrigado a permanecer em casa das 19h \u00e0s 6h nos dias \u00fateis, e durante todo o tempo nos finais de semana e feriados. Outra restri\u00e7\u00e3o imposta \u00e9 a dist\u00e2ncia m\u00ednima de 200 metros de qualquer embaixada sediada no pa\u00eds. O uso de redes sociais, seja de forma direta ou indireta atrav\u00e9s de terceiros, tamb\u00e9m est\u00e1 proibido para Bolsonaro.<\/p>\n<div class=\"mvp-post-ad-wrap\"><span class=\"mvp-ad-label\">Publicidade<\/span><\/p>\n<div class=\"mvp-post-ad\"><a rel=\"nofollow\" target=\"_blank\" href=\"https:\/\/pay.cakto.com.br\/35dueap_485359\"><br \/><\/a><\/div>\n<\/div>\n<p>A justificativa principal para o conjunto de medidas \u00e9 o risco de fuga, embora a decis\u00e3o judicial mencione o termo \u201cfuga\u201d duas vezes em 45 p\u00e1ginas. Moraes autorizou o uso da for\u00e7a, caso necess\u00e1rio, para garantir o cumprimento dos mandados, incluindo arrombamento de portas e cofres, se houver resist\u00eancia ou aus\u00eancia do investigado no local.\n<\/p>\n<p>Al\u00e9m das restri\u00e7\u00f5es pessoais a Bolsonaro, a ordem judicial permite busca pessoal em qualquer indiv\u00edduo presente no local durante o cumprimento, caso haja suspeita de posse de documentos ou objetos relevantes para a investiga\u00e7\u00e3o. As a\u00e7\u00f5es penais e inqu\u00e9ritos citados envolvem militares, ex-assessores, delegados e nomes ligados ao governo anterior, detalhados nas listas dos processos em andamento.\n<\/p>\n<ul class=\"wp-block-list\">\n<li>Alexandre Ramagem<\/li>\n<li>Almir Garnier<\/li>\n<li>Anderson Torres<\/li>\n<li>Augusto Heleno<\/li>\n<li>Mauro Cid<\/li>\n<li>Paulo S\u00e9rgio Nogueira<\/li>\n<li>Walter Braga Netto<\/li>\n<\/ul>\n<p>A\u00e7\u00e3o Penal 2693\n<\/p>\n<ul class=\"wp-block-list\">\n<li>Fernando de Sousa Oliveira (delegado da Pol\u00edcia Federal)<\/li>\n<li>Filipe Garcia Martins Pereira (ex-assessor internacional da Presid\u00eancia da Rep\u00fablica)<\/li>\n<li>Marcelo Costa C\u00e2mara (coronel da reserva do Ex\u00e9rcito e ex-assessor da Presid\u00eancia)<\/li>\n<li>Mar\u00edlia Ferreira de Alencar (delegada e ex-diretora de Intelig\u00eancia da Pol\u00edcia Federal)<\/li>\n<li>M\u00e1rio Fernandes (general da reserva do Ex\u00e9rcito)<\/li>\n<li>Silvinei Vasques (ex-diretor-geral da Pol\u00edcia Rodovi\u00e1ria Federal)<\/li>\n<\/ul>\n<p>A\u00e7\u00e3o Penal 2694\n<\/p>\n<ul class=\"wp-block-list\">\n<li>Ailton Gon\u00e7alves Moraes Barros<\/li>\n<li>Angelo Martins Denicoli<\/li>\n<li>Carlos C\u00e9sar Moretzsohn Rocha<\/li>\n<li>Giancarlo Gomes Rodrigues<\/li>\n<li>Guilherme Marques Almeida<\/li>\n<li>Marcelo Ara\u00fajo Bormevet<\/li>\n<li>Reginaldo Vieira de Abreu<\/li>\n<\/ul>\n<p>A\u00e7\u00e3o Penal 2695\n<\/p>\n<ul class=\"wp-block-list\">\n<li>Antonio Clesio Ferreira (ex-candidato \u00e0 Prefeitura de Ouro Preto)<\/li>\n<\/ul>\n<p>Inqu\u00e9rito 4995\n<\/p>\n<p>Peti\u00e7\u00e3o 12100\n<\/p>\n<ul class=\"wp-block-list\">\n<li>Ailton Gon\u00e7alves Moraes Barros<\/li>\n<li>Alexandre Castilho Bitencourt da Silva<\/li>\n<li>Alexandre Rodrigues Ramagem<\/li>\n<li>Almir Garnier Santos<\/li>\n<li>Amauri Feres Saad<\/li>\n<li>Anderson Gustavo Torres<\/li>\n<li>Anderson Lima de Moura<\/li>\n<li>Angelo Martins Denicoli<\/li>\n<li>Augusto Heleno Ribeiro Pereira<\/li>\n<li>Bernardo Rom\u00e3o Corr\u00eaa Netto<\/li>\n<li>Carlos C\u00e9sar Moretzsohn Rocha<\/li>\n<li>Carlos Giovani Delevati Pasini<\/li>\n<li>Cleverson Ney Magalh\u00e3es<\/li>\n<li>Estevam Cals Theophilo Gaspar de Oliveira<\/li>\n<li>Fabr\u00edcio Moreira de Bastos<\/li>\n<li>Filipe Garcia Martins<\/li>\n<li>Fernando Cerimedo<\/li>\n<li>Giancarlo Gomes Rodrigues<\/li>\n<li>Guilherme Marques de Almeida<\/li>\n<li>H\u00e9lio Ferreira Lima<\/li>\n<li>Jair Messias Bolsonaro<\/li>\n<li>Jos\u00e9 Eduardo de Oliveira e Silva<\/li>\n<li>La\u00e9rcio Vergilio<\/li>\n<li>Marcelo Bormevet<\/li>\n<li>Marcelo Costa C\u00e2mara<\/li>\n<li>M\u00e1rio Fernandes<\/li>\n<li>Mauro C\u00e9sar Barbosa Cid<\/li>\n<li>Nilton Diniz Rodrigues<\/li>\n<li>Paulo Renato de Oliveira Figueiredo Filho<\/li>\n<li>Paulo S\u00e9rgio Nogueira de Oliveira<\/li>\n<li>Rafael Martins de Oliveira<\/li>\n<li>Ronald Ferreira de Ara\u00fajo Junior<\/li>\n<li>Sergio Ricardo Cavalieri de Medeiros<\/li>\n<\/ul>\n<p>Representa\u00e7\u00f5es diplom\u00e1ticas\n<\/p>\n<ul class=\"wp-block-list\">\n<li>Embaixadores estrangeiros com sede em Bras\u00edlia (132 representa\u00e7\u00f5es)<\/li>\n<\/ul>\n<\/div>\n<p><br \/>\n<br \/><a href=\"https:\/\/tvfloridausa.com\/2025\/07\/21\/urgente-bolsonaro-mostra-tornozeleira-eletronica-e-manda-recado-ao-mundo\/\">Source link <\/a><\/p>","protected":false},"excerpt":{"rendered":"<p>Medidas restritivas in\u00e9ditas atingem o ex-presidente\u00a0Jair Bolsonaro\u00a0(PL), que agora est\u00e1 impedido por decis\u00e3o do ministro Alexandre de Moraes, do Supremo Tribunal Federal (STF), de manter contato com mais de 190&hellip;<\/p>","protected":false},"author":1,"featured_media":122139,"comment_status":"closed","ping_status":"open","sticky":false,"template":"","format":"standard","meta":{"content-type":"","footnotes":""},"categories":[22],"tags":[],"class_list":["post-122246","post","type-post","status-publish","format-standard","has-post-thumbnail","hentry","category-tv-florida-usa"],"_links":{"self":[{"href":"https:\/\/tvbrazilusa.com\/pt\/wp-json\/wp\/v2\/posts\/122246","targetHints":{"allow":["GET"]}}],"collection":[{"href":"https:\/\/tvbrazilusa.com\/pt\/wp-json\/wp\/v2\/posts"}],"about":[{"href":"https:\/\/tvbrazilusa.com\/pt\/wp-json\/wp\/v2\/types\/post"}],"author":[{"embeddable":true,"href":"https:\/\/tvbrazilusa.com\/pt\/wp-json\/wp\/v2\/users\/1"}],"replies":[{"embeddable":true,"href":"https:\/\/tvbrazilusa.com\/pt\/wp-json\/wp\/v2\/comments?post=122246"}],"version-history":[{"count":1,"href":"https:\/\/tvbrazilusa.com\/pt\/wp-json\/wp\/v2\/posts\/122246\/revisions"}],"predecessor-version":[{"id":122247,"href":"https:\/\/tvbrazilusa.com\/pt\/wp-json\/wp\/v2\/posts\/122246\/revisions\/122247"}],"wp:featuredmedia":[{"embeddable":true,"href":"https:\/\/tvbrazilusa.com\/pt\/wp-json\/wp\/v2\/media\/122139"}],"wp:attachment":[{"href":"https:\/\/tvbrazilusa.com\/pt\/wp-json\/wp\/v2\/media?parent=122246"}],"wp:term":[{"taxonomy":"category","embeddable":true,"href":"https:\/\/tvbrazilusa.com\/pt\/wp-json\/wp\/v2\/categories?post=122246"},{"taxonomy":"post_tag","embeddable":true,"href":"https:\/\/tvbrazilusa.com\/pt\/wp-json\/wp\/v2\/tags?post=122246"}],"curies":[{"name":"wp","href":"https:\/\/api.w.org\/{rel}","templated":true}]}}