{"id":122250,"date":"2025-07-21T23:19:00","date_gmt":"2025-07-21T23:19:00","guid":{"rendered":"https:\/\/tvbrazilusa.com\/2025\/07\/21\/moraes-ameaca-bolsonaro-de-prisao-se-entrevistas-dele-forem-publicadas-em-redes-sociais\/"},"modified":"2025-07-22T00:08:36","modified_gmt":"2025-07-22T00:08:36","slug":"moraes-ameaca-bolsonaro-de-prisao-se-entrevistas-dele-forem-publicadas-em-redes-sociais","status":"publish","type":"post","link":"https:\/\/tvbrazilusa.com\/pt\/2025\/07\/21\/moraes-ameaca-bolsonaro-de-prisao-se-entrevistas-dele-forem-publicadas-em-redes-sociais\/","title":{"rendered":"Moraes amea\u00e7a Bolsonaro de pris\u00e3o se entrevistas dele forem publicadas em redes sociais"},"content":{"rendered":"<p> <script async src=\"https:\/\/pagead2.googlesyndication.com\/pagead\/js\/adsbygoogle.js?client=ca-pub-8864793242727901\"\r\n     crossorigin=\"anonymous\"><\/script><br \/>\n<\/p>\n<div id=\"mvp-content-main\">\n<p>Enquanto a Argentina sob o governo Javier Milei avan\u00e7a em uma agenda liberal de corte de gastos e desburocratiza\u00e7\u00e3o, o Brasil segue em sentido oposto, com o governo Lula acumulando a cria\u00e7\u00e3o ou eleva\u00e7\u00e3o de 24 tributos desde o in\u00edcio de 2023.<\/p>\n<p>Desde que assumiu a presid\u00eancia em dezembro de 2023, Milei tem implementado um amplo programa de austeridade fiscal, apelidado de \u201cmotosserra\u201d. Entre as medidas anunciadas, est\u00e1 a proposta de eliminar at\u00e9 90% dos impostos nacionais at\u00e9 o fim de seu mandato. A iniciativa visa enxugar o Estado, estimular a atividade econ\u00f4mica e atrair investimentos. At\u00e9 o momento, mais de dez tributos j\u00e1 foram extintos ou reduzidos significativamente, como parte do plano de desregulamenta\u00e7\u00e3o e liberdade econ\u00f4mica defendido pelo libert\u00e1rio argentino.\n<\/p>\n<p>No Brasil, em contrapartida, o governo Lula tem adotado uma pol\u00edtica tribut\u00e1ria marcada por aumentos de impostos e novas cobran\u00e7as. Levantamento recente aponta que, desde janeiro de 2023, ao menos 24 medidas foram tomadas com impacto direto na carga tribut\u00e1ria \u2014 uma m\u00e9dia de uma nova tributa\u00e7\u00e3o a cada 37 dias. Entre os exemplos est\u00e3o a reonera\u00e7\u00e3o dos combust\u00edveis, taxa\u00e7\u00e3o de apostas eletr\u00f4nicas, aumento do IOF, cobran\u00e7a sobre e-commerce internacional, cria\u00e7\u00e3o de um \u201cimposto seletivo\u201d sobre produtos como bebidas e cigarros, e a tributa\u00e7\u00e3o de fundos exclusivos e offshores.\n<\/p>\n<p>A diferen\u00e7a de abordagem fiscal entre os dois pa\u00edses tem gerado compara\u00e7\u00f5es frequentes entre analistas e parlamentares da oposi\u00e7\u00e3o. Enquanto Milei aposta na redu\u00e7\u00e3o do Estado para reerguer a economia argentina, o governo brasileiro sustenta que a eleva\u00e7\u00e3o da arrecada\u00e7\u00e3o \u00e9 necess\u00e1ria para equilibrar as contas p\u00fablicas e viabilizar pol\u00edticas sociais.<\/p>\n<div class=\"mvp-post-ad-wrap\"><span class=\"mvp-ad-label\">Publicidade<\/span><\/p>\n<div class=\"mvp-post-ad\"><a rel=\"nofollow\" target=\"_blank\" href=\"https:\/\/pay.cakto.com.br\/35dueap_485359\"><br \/><\/a><\/div>\n<\/div>\n<\/div>\n<p><br \/>\n<br \/><a href=\"https:\/\/tvfloridausa.com\/2025\/07\/21\/moraes-ameaca-bolsonaro-de-prisao-se-entrevistas-dele-forem-publicadas-em-redes-sociais\/\">Source link <\/a><\/p>","protected":false},"excerpt":{"rendered":"<p>Enquanto a Argentina sob o governo Javier Milei avan\u00e7a em uma agenda liberal de corte de gastos e desburocratiza\u00e7\u00e3o, o Brasil segue em sentido oposto, com o governo Lula acumulando&hellip;<\/p>","protected":false},"author":1,"featured_media":122139,"comment_status":"closed","ping_status":"open","sticky":false,"template":"","format":"standard","meta":{"content-type":"","footnotes":""},"categories":[22],"tags":[],"class_list":["post-122250","post","type-post","status-publish","format-standard","has-post-thumbnail","hentry","category-tv-florida-usa"],"_links":{"self":[{"href":"https:\/\/tvbrazilusa.com\/pt\/wp-json\/wp\/v2\/posts\/122250","targetHints":{"allow":["GET"]}}],"collection":[{"href":"https:\/\/tvbrazilusa.com\/pt\/wp-json\/wp\/v2\/posts"}],"about":[{"href":"https:\/\/tvbrazilusa.com\/pt\/wp-json\/wp\/v2\/types\/post"}],"author":[{"embeddable":true,"href":"https:\/\/tvbrazilusa.com\/pt\/wp-json\/wp\/v2\/users\/1"}],"replies":[{"embeddable":true,"href":"https:\/\/tvbrazilusa.com\/pt\/wp-json\/wp\/v2\/comments?post=122250"}],"version-history":[{"count":1,"href":"https:\/\/tvbrazilusa.com\/pt\/wp-json\/wp\/v2\/posts\/122250\/revisions"}],"predecessor-version":[{"id":122251,"href":"https:\/\/tvbrazilusa.com\/pt\/wp-json\/wp\/v2\/posts\/122250\/revisions\/122251"}],"wp:featuredmedia":[{"embeddable":true,"href":"https:\/\/tvbrazilusa.com\/pt\/wp-json\/wp\/v2\/media\/122139"}],"wp:attachment":[{"href":"https:\/\/tvbrazilusa.com\/pt\/wp-json\/wp\/v2\/media?parent=122250"}],"wp:term":[{"taxonomy":"category","embeddable":true,"href":"https:\/\/tvbrazilusa.com\/pt\/wp-json\/wp\/v2\/categories?post=122250"},{"taxonomy":"post_tag","embeddable":true,"href":"https:\/\/tvbrazilusa.com\/pt\/wp-json\/wp\/v2\/tags?post=122250"}],"curies":[{"name":"wp","href":"https:\/\/api.w.org\/{rel}","templated":true}]}}