{"id":122254,"date":"2025-07-22T00:56:00","date_gmt":"2025-07-22T00:56:00","guid":{"rendered":"https:\/\/tvbrazilusa.com\/2025\/07\/22\/moraes-da-24h-para-defesa-de-bolsonaro-explicar-descumprimento-de-cautelar-sob-pena-de-prisao-imediata\/"},"modified":"2025-07-22T03:34:24","modified_gmt":"2025-07-22T03:34:24","slug":"moraes-da-24h-para-defesa-de-bolsonaro-explicar-descumprimento-de-cautelar-sob-pena-de-prisao-imediata","status":"publish","type":"post","link":"https:\/\/tvbrazilusa.com\/pt\/2025\/07\/22\/moraes-da-24h-para-defesa-de-bolsonaro-explicar-descumprimento-de-cautelar-sob-pena-de-prisao-imediata\/","title":{"rendered":"Moraes d\u00e1 24h para defesa de Bolsonaro explicar descumprimento de cautelar, sob pena de pris\u00e3o imediata"},"content":{"rendered":"<p> <script async src=\"https:\/\/pagead2.googlesyndication.com\/pagead\/js\/adsbygoogle.js?client=ca-pub-8864793242727901\"\r\n     crossorigin=\"anonymous\"><\/script><br \/>\n<\/p>\n<div>\n<p>O ministro Alexandre de Moraes (STF) bloqueou as contas do deputado federal Eduardo Bolsonaro (PL-SP). A informa\u00e7\u00e3o foi revelada \u00e0 coluna pelo pr\u00f3prio parlamentar, que tentou fazer duas transa\u00e7\u00f5es via Pix, nesta segunda-feira (21\/7), sem que conseguisse concluir as opera\u00e7\u00f5es.<\/p>\n<blockquote>\n<p>\u201cEsse bloqueio j\u00e1 era esperado. \u00c9 um passo natural de ditadura. Tentativa de asfixia financeira como forma de chantagem\u201d, opinou.<\/p>\n<\/blockquote>\n<p>Apesar da nova decis\u00e3o judicial, Eduardo Bolsonaro diz que n\u00e3o recuar\u00e1 na sua atua\u00e7\u00e3o para que o governo Trump avance em mais san\u00e7\u00f5es a ministros do Supremo Tribunal Federal, como o pr\u00f3prio Moraes.\n<\/p>\n<p>\u201cEstou preparado para seguir adiante mesmo sob condi\u00e7\u00f5es dif\u00edceis\u201d, disse o deputado.\n<\/p>\n<p>Por determina\u00e7\u00e3o de Alexandre de Moraes, Eduardo est\u00e1 proibido de falar com o pai, Jair Bolsonaro, por conta das investiga\u00e7\u00f5es que apuram suposta coa\u00e7\u00e3o no curso do processo, devido \u00e0s articula\u00e7\u00f5es junto aos Estados Unidos.<\/p>\n<div class=\"mvp-post-ad-wrap\"><span class=\"mvp-ad-label\">Publicidade<\/span><\/p>\n<div class=\"mvp-post-ad\"><a rel=\"nofollow\" target=\"_blank\" href=\"https:\/\/pay.cakto.com.br\/35dueap_485359\"><br \/><\/a><\/div>\n<\/div>\n<p>No \u00e2mbito dessa apura\u00e7\u00e3o, o ex-presidente \u00e9 apontado como o \u201cfinanciador\u201d de Eduardo, uma vez que j\u00e1 revelou ter feito transfer\u00eancias via Pix para manter o filho em solo norte-americano.\n<\/p>\n<h3>Rubio anuncia perda do visto<\/h3>\n<p>Na \u00faltima sexta-feira (18\/7), o secret\u00e1rio de Estado dos Estados Unidos, Marco Rubio, anunciou que o governo Trump suspendeu o visto de Alexandre de Moraes e de \u201caliados\u201d do magistrado no STF.\n<\/p>\n<p>\u201cA pol\u00edtica de ca\u00e7a \u00e0s bruxas de Alexandre de Moraes contra Jair Bolsonaro criou um complexo de persegui\u00e7\u00e3o e censura que viola os direitos dos brasileiros e tamb\u00e9m atinge os americanos. Ordenei a revoga\u00e7\u00e3o dos vistos de Moraes, seus aliados na corte, e seus familiares, de forma imediata\u201d, declarou Rubio.\n<\/p>\n<div class=\"mvp-post-ad-wrap\"><span class=\"mvp-ad-label\">Publicidade<\/span><\/p>\n<div class=\"mvp-post-ad\"><a rel=\"nofollow\" target=\"_blank\" href=\"https:\/\/pay.cakto.com.br\/35dueap_485359\"><br \/><img fetchpriority=\"high\" width=\"960\" height=\"288\" decoding=\"async\" alt=\"Banner do Livro\" style=\"max-width:100%; height:auto;\" src=\"https:\/\/podernacional.com.br\/wp-content\/uploads\/2025\/04\/Livro-Banner.png\" data-rel=\"penci-gallery-image-content\" \/><img fetchpriority=\"high\" width=\"960\" height=\"288\" decoding=\"async\" src=\"https:\/\/podernacional.com.br\/wp-content\/uploads\/2025\/04\/Livro-Banner.png\" alt=\"Banner do Livro\" style=\"max-width:100%; height:auto;\"\/><\/a><\/div>\n<\/div>\n<\/div>\n<p><br \/>\n<br \/><a href=\"https:\/\/tvfloridausa.com\/2025\/07\/22\/moraes-da-24h-para-defesa-de-bolsonaro-explicar-descumprimento-de-cautelar-sob-pena-de-prisao-imediata\/\">Source link <\/a><\/p>","protected":false},"excerpt":{"rendered":"<p>O ministro Alexandre de Moraes (STF) bloqueou as contas do deputado federal Eduardo Bolsonaro (PL-SP). A informa\u00e7\u00e3o foi revelada \u00e0 coluna pelo pr\u00f3prio parlamentar, que tentou fazer duas transa\u00e7\u00f5es via&hellip;<\/p>","protected":false},"author":1,"featured_media":122139,"comment_status":"closed","ping_status":"open","sticky":false,"template":"","format":"standard","meta":{"content-type":"","footnotes":""},"categories":[22],"tags":[],"class_list":["post-122254","post","type-post","status-publish","format-standard","has-post-thumbnail","hentry","category-tv-florida-usa"],"_links":{"self":[{"href":"https:\/\/tvbrazilusa.com\/pt\/wp-json\/wp\/v2\/posts\/122254","targetHints":{"allow":["GET"]}}],"collection":[{"href":"https:\/\/tvbrazilusa.com\/pt\/wp-json\/wp\/v2\/posts"}],"about":[{"href":"https:\/\/tvbrazilusa.com\/pt\/wp-json\/wp\/v2\/types\/post"}],"author":[{"embeddable":true,"href":"https:\/\/tvbrazilusa.com\/pt\/wp-json\/wp\/v2\/users\/1"}],"replies":[{"embeddable":true,"href":"https:\/\/tvbrazilusa.com\/pt\/wp-json\/wp\/v2\/comments?post=122254"}],"version-history":[{"count":1,"href":"https:\/\/tvbrazilusa.com\/pt\/wp-json\/wp\/v2\/posts\/122254\/revisions"}],"predecessor-version":[{"id":122255,"href":"https:\/\/tvbrazilusa.com\/pt\/wp-json\/wp\/v2\/posts\/122254\/revisions\/122255"}],"wp:featuredmedia":[{"embeddable":true,"href":"https:\/\/tvbrazilusa.com\/pt\/wp-json\/wp\/v2\/media\/122139"}],"wp:attachment":[{"href":"https:\/\/tvbrazilusa.com\/pt\/wp-json\/wp\/v2\/media?parent=122254"}],"wp:term":[{"taxonomy":"category","embeddable":true,"href":"https:\/\/tvbrazilusa.com\/pt\/wp-json\/wp\/v2\/categories?post=122254"},{"taxonomy":"post_tag","embeddable":true,"href":"https:\/\/tvbrazilusa.com\/pt\/wp-json\/wp\/v2\/tags?post=122254"}],"curies":[{"name":"wp","href":"https:\/\/api.w.org\/{rel}","templated":true}]}}