{"id":122270,"date":"2025-07-21T15:49:02","date_gmt":"2025-07-21T15:49:02","guid":{"rendered":"https:\/\/tvbrazilusa.com\/2025\/07\/21\/show-da-manha-debate-sobre-o-fim-da-liberdade-com-o-dr-sebastiao-coelho-21-07-2025\/"},"modified":"2025-07-21T15:49:02","modified_gmt":"2025-07-21T15:49:02","slug":"show-da-manha-debate-sobre-o-fim-da-liberdade-com-o-dr-sebastiao-coelho-21-07-2025","status":"publish","type":"post","link":"https:\/\/tvbrazilusa.com\/pt\/2025\/07\/21\/show-da-manha-debate-sobre-o-fim-da-liberdade-com-o-dr-sebastiao-coelho-21-07-2025\/","title":{"rendered":"SHOW DA MANH\u00c3 &#8211; DEBATE SOBRE O FIM DA LIBERDADE COM O DR. SEBASTI\u00c3O COELHO &#8211; 21\/07\/2025"},"content":{"rendered":"<p><iframe  width=\"580\" height=\"385\" src=\"https:\/\/www.youtube.com\/embed\/4_QRM15KU1U?modestbranding=1\" frameborder=\"0\" allowfullscreen><\/iframe><br \/>\n<br \/>Apresentado por Marco Ant\u00f4nio Costa<br \/>\nConvidados: Ver. Adrilles Jorge e Paula Marisa<br \/>\nParticipa\u00e7\u00e3o Especial: Sebasti\u00e3o Coelho<\/p>\n<p>INSCREVA-SE NO NOSSO CANAL!<\/p>\n<p>FA\u00c7A SUA DOA\u00c7\u00c3O PARA O FIO DI\u00c1RIO PELO PIX: contato@fiodiario.com<\/p>\n<p>O SHOW DA MANH\u00c3 VAI AO AR DE SEGUNDA A SEXTA, DAS 10H \u00c0S 12H.<\/p>\n<p>\ud83d\udd25NOVIDADES NO FIO DIA\u0301RIO! ASSINE COM 33% OFF NO PLANO ANUAL OU 66% OFF NO DEZ A FIO! \ud83d\udc49 <\/p>\n<p>\ud83d\udd25CAMISETAS FIO DIA\u0301RIO (CUPOM \u201cFIODIARIO10\u201d PARA 10% DE DESCONTO) \ud83d\udc49 <\/p>\n<p>\ud83d\udd25APROVEITE AS PROMO\u00c7\u00d5ES DA LIVRARIA FIO DI\u00c1RIO E N\u00c3O CAIA EM NARRATIVAS! \ud83d\udc49 <\/p>\n<p>SEJA UM VOLUNT\u00c1RIO E NOS AJUDE EM NOSSA LUTA PELA LIBERDADE: <\/p>\n<p>SIGA O CANAL FIO DI\u00c1RIO NO WHATSAPP: <\/p>\n<p>SIGA O CANAL FIO DI\u00c1RIO NO TELEGRAM: <\/p>\n<p>SIGA O CANAL MARCO ANT\u00d4NIO COSTA NO TELEGRAM: <\/p>\n<p>OU\u00c7A NO SPOTIFY: <\/p>\n<p>SIGA NO INSTAGRAM:<br \/>\nMarco Ant\u00f4nio Costa: <\/p>\n<p>Fio Di\u00e1rio: <\/p>\n<p>Fabiano Silva (Charges):<br \/>\nInstagram: <\/p>\n<p><a href=\"https:\/\/www.youtube.com\/watch?v=4_QRM15KU1U\">source<\/a><\/p>","protected":false},"excerpt":{"rendered":"<p>Apresentado por Marco Ant\u00f4nio Costa Convidados: Ver. Adrilles Jorge e Paula Marisa Participa\u00e7\u00e3o Especial: Sebasti\u00e3o Coelho INSCREVA-SE NO NOSSO CANAL! FA\u00c7A SUA DOA\u00c7\u00c3O PARA O FIO DI\u00c1RIO PELO PIX: contato@fiodiario.com&hellip;<\/p>","protected":false},"author":1,"featured_media":122271,"comment_status":"","ping_status":"open","sticky":false,"template":"","format":"standard","meta":{"content-type":"","footnotes":""},"categories":[17],"tags":[895,3538,1806,750,557,894,63,76],"class_list":["post-122270","post","type-post","status-publish","format-standard","has-post-thumbnail","hentry","category-programas","tag-coelho","tag-debate","tag-fim","tag-liberdade","tag-manha","tag-sebastiao","tag-show","tag-sobre"],"_links":{"self":[{"href":"https:\/\/tvbrazilusa.com\/pt\/wp-json\/wp\/v2\/posts\/122270","targetHints":{"allow":["GET"]}}],"collection":[{"href":"https:\/\/tvbrazilusa.com\/pt\/wp-json\/wp\/v2\/posts"}],"about":[{"href":"https:\/\/tvbrazilusa.com\/pt\/wp-json\/wp\/v2\/types\/post"}],"author":[{"embeddable":true,"href":"https:\/\/tvbrazilusa.com\/pt\/wp-json\/wp\/v2\/users\/1"}],"replies":[{"embeddable":true,"href":"https:\/\/tvbrazilusa.com\/pt\/wp-json\/wp\/v2\/comments?post=122270"}],"version-history":[{"count":0,"href":"https:\/\/tvbrazilusa.com\/pt\/wp-json\/wp\/v2\/posts\/122270\/revisions"}],"wp:featuredmedia":[{"embeddable":true,"href":"https:\/\/tvbrazilusa.com\/pt\/wp-json\/wp\/v2\/media\/122271"}],"wp:attachment":[{"href":"https:\/\/tvbrazilusa.com\/pt\/wp-json\/wp\/v2\/media?parent=122270"}],"wp:term":[{"taxonomy":"category","embeddable":true,"href":"https:\/\/tvbrazilusa.com\/pt\/wp-json\/wp\/v2\/categories?post=122270"},{"taxonomy":"post_tag","embeddable":true,"href":"https:\/\/tvbrazilusa.com\/pt\/wp-json\/wp\/v2\/tags?post=122270"}],"curies":[{"name":"wp","href":"https:\/\/api.w.org\/{rel}","templated":true}]}}