{"id":122280,"date":"2025-07-22T00:46:00","date_gmt":"2025-07-22T00:46:00","guid":{"rendered":"https:\/\/tvbrazilusa.com\/2025\/07\/22\/nikolas-e-atingido-no-rosto-e-sangra-ao-acompanhar-bolsonaro-na-camara-tv-florida-usa-a-sua-tv-brasileira-nos-estados-unidos\/"},"modified":"2025-07-22T07:04:42","modified_gmt":"2025-07-22T07:04:42","slug":"nikolas-e-atingido-no-rosto-e-sangra-ao-acompanhar-bolsonaro-na-camara-tv-florida-usa-a-sua-tv-brasileira-nos-estados-unidos","status":"publish","type":"post","link":"https:\/\/tvbrazilusa.com\/pt\/2025\/07\/22\/nikolas-e-atingido-no-rosto-e-sangra-ao-acompanhar-bolsonaro-na-camara-tv-florida-usa-a-sua-tv-brasileira-nos-estados-unidos\/","title":{"rendered":"Nikolas \u00e9 atingido no rosto e sangra ao acompanhar Bolsonaro na C\u00e2mara \u2013 TV Florida USA \u2013 A sua TV Brasileira nos Estados Unidos"},"content":{"rendered":"<p> <script async src=\"https:\/\/pagead2.googlesyndication.com\/pagead\/js\/adsbygoogle.js?client=ca-pub-8864793242727901\"\r\n     crossorigin=\"anonymous\"><\/script><br \/>\n<\/p>\n<div>\n<p>O ministro Alexandre de Moraes, do Supremo Tribunal Federal (STF), afirmou nesta segunda-feira (21\/7) que as restri\u00e7\u00f5es impostas a Jair Bolsonaro (PL) na \u00faltima sexta-feira incluem a veicula\u00e7\u00e3o de \u00e1udios, v\u00eddeos e entrevistas do ex-presidente por redes sociais de terceiros.<\/p>\n<p>Em despacho no qual detalha a decis\u00e3o de sexta, Moraes afirmou que as restri\u00e7\u00f5es a Bolsonaro abarcam \u201ctransmiss\u00f5es, retransmiss\u00f5es ou veicula\u00e7\u00e3o de \u00e1udios, v\u00eddeos ou transcri\u00e7\u00f5es de entrevistas em qualquer das plataformas das redes sociais de terceiros, n\u00e3o podendo o investigado [Bolsonaro] se valer desses meios para burlar a medida, sob pena de imediata revoga\u00e7\u00e3o e decreta\u00e7\u00e3o da pris\u00e3o\u201d.\n<\/p>\n<p>A BBC News Brasil questionou o STF se Bolsonaro est\u00e1 proibido de dar entrevistas.\n<\/p>\n<p>Atrav\u00e9s da assessoria de imprensa, a Suprema Corte informou que n\u00e3o h\u00e1 proibi\u00e7\u00e3o de dar entrevistas mas que, se essas entrevistas forem reproduzidas nas redes sociais pelos \u00f3rg\u00e3os de imprensa \u2014 ou postadas ou reproduzidas nas redes por qualquer pessoa \u2014, isso fere as medidas cautelares e Bolsonaro pode ir preso.<\/p>\n<div class=\"mvp-post-ad-wrap\"><span class=\"mvp-ad-label\">Publicidade<\/span><\/p>\n<div class=\"mvp-post-ad\"><a rel=\"nofollow\" target=\"_blank\" href=\"https:\/\/pay.cakto.com.br\/35dueap_485359\"><br \/><\/a><\/div>\n<\/div>\n<p>A BBC questionou o STF se isso n\u00e3o configura na pr\u00e1tica uma proibi\u00e7\u00e3o de dar entrevistas, mas o \u00f3rg\u00e3o informou que n\u00e3o prestaria esclarecimentos adicionais e que vale o que est\u00e1 no despacho de Moraes.\n<\/p>\n<\/div>\n<p><br \/>\n<br \/><a href=\"https:\/\/tvfloridausa.com\/2025\/07\/22\/video-nikolas-e-atingido-no-rosto-e-sangra-ao-acompanhar-bolsonaro-na-camara\/\">Source link <\/a><\/p>","protected":false},"excerpt":{"rendered":"<p>O ministro Alexandre de Moraes, do Supremo Tribunal Federal (STF), afirmou nesta segunda-feira (21\/7) que as restri\u00e7\u00f5es impostas a Jair Bolsonaro (PL) na \u00faltima sexta-feira incluem a veicula\u00e7\u00e3o de \u00e1udios,&hellip;<\/p>","protected":false},"author":1,"featured_media":122139,"comment_status":"closed","ping_status":"open","sticky":false,"template":"","format":"standard","meta":{"content-type":"","footnotes":""},"categories":[22],"tags":[],"class_list":["post-122280","post","type-post","status-publish","format-standard","has-post-thumbnail","hentry","category-tv-florida-usa"],"_links":{"self":[{"href":"https:\/\/tvbrazilusa.com\/pt\/wp-json\/wp\/v2\/posts\/122280","targetHints":{"allow":["GET"]}}],"collection":[{"href":"https:\/\/tvbrazilusa.com\/pt\/wp-json\/wp\/v2\/posts"}],"about":[{"href":"https:\/\/tvbrazilusa.com\/pt\/wp-json\/wp\/v2\/types\/post"}],"author":[{"embeddable":true,"href":"https:\/\/tvbrazilusa.com\/pt\/wp-json\/wp\/v2\/users\/1"}],"replies":[{"embeddable":true,"href":"https:\/\/tvbrazilusa.com\/pt\/wp-json\/wp\/v2\/comments?post=122280"}],"version-history":[{"count":1,"href":"https:\/\/tvbrazilusa.com\/pt\/wp-json\/wp\/v2\/posts\/122280\/revisions"}],"predecessor-version":[{"id":122281,"href":"https:\/\/tvbrazilusa.com\/pt\/wp-json\/wp\/v2\/posts\/122280\/revisions\/122281"}],"wp:featuredmedia":[{"embeddable":true,"href":"https:\/\/tvbrazilusa.com\/pt\/wp-json\/wp\/v2\/media\/122139"}],"wp:attachment":[{"href":"https:\/\/tvbrazilusa.com\/pt\/wp-json\/wp\/v2\/media?parent=122280"}],"wp:term":[{"taxonomy":"category","embeddable":true,"href":"https:\/\/tvbrazilusa.com\/pt\/wp-json\/wp\/v2\/categories?post=122280"},{"taxonomy":"post_tag","embeddable":true,"href":"https:\/\/tvbrazilusa.com\/pt\/wp-json\/wp\/v2\/tags?post=122280"}],"curies":[{"name":"wp","href":"https:\/\/api.w.org\/{rel}","templated":true}]}}