{"id":12237,"date":"2024-07-30T13:26:39","date_gmt":"2024-07-30T13:26:39","guid":{"rendered":"https:\/\/tvbrazilusa.com\/2024\/07\/30\/jerod-mayo-admite-que-nao-teve-nenhuma-comunicacao-com-bill-belichick\/"},"modified":"2024-07-30T13:32:03","modified_gmt":"2024-07-30T13:32:03","slug":"jerod-mayo-admite-que-nao-teve-nenhuma-comunicacao-com-bill-belichick","status":"publish","type":"post","link":"https:\/\/tvbrazilusa.com\/pt\/2024\/07\/30\/jerod-mayo-admite-que-nao-teve-nenhuma-comunicacao-com-bill-belichick\/","title":{"rendered":"Jerod Mayo admite que n\u00e3o teve nenhuma &#39;comunica\u00e7\u00e3o&#39; com Bill Belichick"},"content":{"rendered":"<p> <script async src=\"https:\/\/pagead2.googlesyndication.com\/pagead\/js\/adsbygoogle.js?client=ca-pub-8864793242727901\"\r\n     crossorigin=\"anonymous\"><\/script><br \/>\n<\/p>\n<div id=\"\">\n<header class=\"m-article-header m-article-header--standard\">\n\t\t\t\t\t\t\t\t\t\t\t\t<span id=\"article-header-primary-term\"><br \/>\n\t\t\t\t\t\t\t\t<a class=\"a-term a-term--primary\" href=\"https:\/\/www.boston.com\/tag\/new-england-patriots\/\"><\/p>\n<p>\t\t\t\t\t\t\t\tPatriotas\t\t\t\t\t\t\t\t<\/a><br \/>\n\t\t\t\t\t\t\t<\/span><\/p>\n<h2 class=\"m-article-header__sub-headline\">&#8220;\u00c9 uma era e um momento diferente, e espero que possamos ter o mesmo sucesso.&#8221;<\/h2>\n<figure class=\"a-photo m-article-header__photo\"><figcaption class=\"a-photo__caption\">\n<p>\tJerod Mayo serviu na comiss\u00e3o t\u00e9cnica de Bill Belichick por cinco temporadas. <em> Mark Brown\/Getty Images<\/em>\t<\/figcaption><\/figure>\n<\/header>\n<p>Jerod Mayo est\u00e1 navegando em \u00e1guas desconhecidas em sua primeira temporada como treinador principal dos Patriots.<\/p>\n<p>E parece que ele n\u00e3o est\u00e1 recebendo nenhuma dica ao longo do caminho de seu antigo treinador, Bill Belichick.<\/p>\n<p>Belichick e Mayo t\u00eam uma longa hist\u00f3ria juntos, com Belichick selecionando o talentoso linebacker com a 10\u00aa escolha no Draft da NFL de 2008. Mayo jogou oito temporadas com os Patriots, antes de se juntar \u00e0 equipe de Belichick como treinador em mar\u00e7o de 2019.<\/p>\n<p>Mas depois que o mandato de Belichick na Nova Inglaterra terminou em janeiro, ap\u00f3s 24 temporadas com o time, n\u00e3o parece que o futuro membro do Hall da Fama esteja particularmente inclinado a ajudar o treinador que o substituiu em Foxborough. <\/p>\n<p>Falando no programa &#8220;Up &#038; Adams&#8221; na segunda-feira, nos campos de treinamento atr\u00e1s do Gillette Stadium, Mayo foi questionado se Belichick havia entrado em contato com ele desde que assumiu seu antigo posto na Nova Inglaterra. <\/p>\n<p>\u201cEssa \u00e9 uma pergunta dif\u00edcil\u201d, Mayo disse a Kay Adams. \u201cN\u00e3o tivemos muita comunica\u00e7\u00e3o desde que cheguei aqui. Aprendi muito com Bill, honestamente aprendi \u2014 X&#39;s e O&#39;s e tamb\u00e9m estrutura na pr\u00e1tica e coisas assim. Mas, como eu disse, \u00e9 uma era diferente e um tempo diferente, e espero que possamos ter o mesmo sucesso.\u201d<\/p>\n<figure class=\"wp-block-embed is-type-rich is-provider-twitter wp-block-embed-twitter\"\/>\n<p>Considerando o curr\u00edculo de Belichick e sua influ\u00eancia crescente sobre a organiza\u00e7\u00e3o dos Patriots por mais de duas d\u00e9cadas, n\u00e3o \u00e9 de se surpreender que haja algum tempo para ajustes agora que Mayo assumiu o comando na Nova Inglaterra.<\/p>\n<p>Pouco depois de ser nomeado o novo treinador principal da Nova Inglaterra em janeiro, Mayo enfatizou que queria deixar seu pr\u00f3prio impacto nos Patriots, em vez de implementar uma c\u00f3pia exata da abordagem de Belichick na lateral do campo.<\/p>\n<p>\u201cPara mim, n\u00e3o estou tentando ser Bill\u201d, <a target=\"_blank\" href=\"https:\/\/www.boston.com\/sports\/new-england-patriots\/2024\/01\/18\/jerod-mayo-bill-belichick-patriots\/\" rel=\"noreferrer noopener\">disse Mayo.<\/a> \u201cEu acho que Bill \u00e9 um homem independente. Se voc\u00ea n\u00e3o consegue perceber agora, eu sou um pouco diferente at\u00e9 aqui em cima. Mas o que eu vou dizer \u00e9 que quanto mais eu penso nas li\u00e7\u00f5es que aprendi com Bill, trabalho duro funciona. Trabalho duro funciona, e \u00e9 disso que se trata.\u201d<\/p>\n<p>Embora Mayo esteja buscando ampliar a cultura e a abordagem da Nova Inglaterra da era Belichick, ele enfatizou em diversas ocasi\u00f5es que quaisquer mudan\u00e7as n\u00e3o devem ser vistas como uma afronta \u00e0 maneira como as coisas eram conduzidas durante o mandato de Belichick. <\/p>\n<p>\u201cOlha, vai ser diferente, mas, ao mesmo tempo, eu diria que Bill fez um \u00f3timo trabalho por um longo per\u00edodo de tempo\u201d, disse Mayo.<a target=\"_blank\" href=\"https:\/\/www.boston.com\/sports\/morning-sports-update\/2024\/02\/28\/bill-belichick-jerod-mayo-patriots-changes\/\" rel=\"noreferrer noopener\"> disse aos rep\u00f3rteres do Patriots em fevereiro no NFL Scouting Combine<\/a>. \u201cN\u00e3o quero que voc\u00eas tomem isso como se estiv\u00e9ssemos mudando como tiros em dire\u00e7\u00e3o ao regime anterior. E dizendo isso, faremos diferente. E vai parecer diferente.<\/p>\n<p>\u201cMas no final do dia, gostar\u00edamos de replicar o sucesso que o regime anterior teve\u201d, Mayo acrescentou. \u201cEnt\u00e3o, aprendi muito com Bill e tamb\u00e9m com sua equipe, mas agora veremos como ser\u00e1 esse cap\u00edtulo.\u201d<\/p>\n<div class=\"m-block m-generic-cta\t m-generic-cta--post-content\t m-generic-cta--dark\t m-generic-cta--homepage\t m-generic-cta--email-signup\t\t m-generic-cta-block-style--default \tt-amp__generic-cta\"><\/p>\n<div class=\"m-generic-cta__wrap\">\n<div class=\"m-generic-cta__content\">\n<h3 class=\"m-generic-cta__title\">Inscreva-se para receber atualiza\u00e7\u00f5es dos Patriots\ud83c\udfc8<\/h3>\n<p class=\"m-generic-cta__subtitle\">Receba not\u00edcias de \u00faltima hora e an\u00e1lises na sua caixa de entrada durante a temporada de futebol.<\/p>\n<\/p><\/div>\n<\/p><\/div>\n<\/div><\/div>\n<p><script>\n\t\tvar consent=\"grant\";\n\t\t\/* The above code is parsing the JSON data from the local storage and storing it in a variable. *\/\n\t\t\t\t\tconst onetrustStorageConsent = JSON.parse(localStorage.getItem( 'consent_one_trust_bdc' ) );\n\t\t\tif ( ( onetrustStorageConsent !== null ) ) {\n\t\t\t\t\/* Checking to see if the user has consented to the use of cookies.\n\t\t\t\t* If they have not, it is deleting the cookie.\n\t\t\t\t* This will comment for now, until further notice.\n\t\t\t\t*\/\n\t\t\t\t\/\/if ( onetrustStorageConsent.C0002 === false ) {\n\t\t\t\t\/\/\tdocument.cookie=\"_fbp=;expires=Thu, 01 Jan 2010 00:00:00 UTC; path=\/; domain=.boston.com\";\n\t\t\t\t\/\/}\n\t\t\t\t\/* Checking if the user has given consent for the cookie C0002.\n\t\t\t\t* If the user has given consent, the variable consent will be set to 'grant'.\n\t\t\t\t* If the user has not given consent,the variable consent will be set to 'revoke'.\n\t\t\t\t* Documentation https:\/\/developers.facebook.com\/docs\/meta-pixel\/implementation\/gdpr\n\t\t\t\t*\/\n\t\t\t\tif ( onetrustStorageConsent.C0002 !== true ) {\n\t\t\t\t\tconsent=\"revoke\";\n\t\t\t\t}\n\t\t\t}\n\t\t\t\t!function(f,b,e,v,n,t,s)\n\t\t{if(f.fbq)return;n=f.fbq=function(){n.callMethod?\n\t\tn.callMethod.apply(n,arguments):n.queue.push(arguments)};\n\t\tif(!f._fbq)f._fbq=n;n.push=n;n.loaded=!0;n.version='2.0';\n\t\tn.queue=[];t=b.createElement(e);t.async=!0;\n\t\tt.src=v;s=b.getElementsByTagName(e)[0];\n\t\ts.parentNode.insertBefore(t,s)}(window, document,'script',\n\t\t'https:\/\/connect.facebook.net\/en_US\/fbevents.js');\n\t\tfbq('consent', consent);\n\t\tfbq('init', '989222871864976');\n\t\tfbq('track', 'PageView');\n\t<\/script><script type=\"module\">\n\t\tvar consent=\"grant\";\n\t\t\/* The above code is parsing the JSON data from the local storage and storing it in a variable. *\/\n\t\t\tconst onetrustStorageConsent = JSON.parse(localStorage.getItem( 'consent_one_trust_bdc' ) );\n\t\t\t\/* Checking to see if the user has consented to the use of cookies.\n\t\t\t* If they have not, it is deleting the cookie.\n\t\t\t* This will comment for now, until further notice.\n\t\t\t*\/\n\t\t\t\/\/if ( onetrustStorageConsent.C0002 === false ) {\n\t\t\t\/\/\tdocument.cookie=\"_fbp=;expires=Thu, 01 Jan 2010 00:00:00 UTC; path=\/; domain=.boston.com\";\n\t\t\t\/\/}\n\t\t\t\/* Checking if the user has given consent for the cookie C0002.\n\t\t\t* If the user has given consent, the variable consent will be set to 'grant'.\n\t\t\t* If the user has not given consent,the variable consent will be set to 'revoke'.\n\t\t\t* Documentation https:\/\/developers.facebook.com\/docs\/meta-pixel\/implementation\/gdpr\n\t\t\t*\/\n\t\t\tif ( ( onetrustStorageConsent !== null ) && (onetrustStorageConsent.C0002 !== true ) ) {\n\t\t\t\tconsent=\"revoke\";\n\t\t\t}\n\t\t\t\t!function(f,b,e,v,n,t,s){if(f.fbq)return;n=f.fbq=function()\n\t\t{n.callMethod? n.callMethod.apply(n,arguments):n.queue.push(arguments)}\n\t\t;if(!f._fbq)f._fbq=n;\n\t\tn.push=n;n.loaded=!0;n.version='2.0';n.queue=[];t=b.createElement(e);t.async=!0;\n\t\tt.src=v;s=b.getElementsByTagName(e)[0];s.parentNode.insertBefore(t,s)}(window,\n\t\tdocument,'script','https:\/\/connect.facebook.net\/en_US\/fbevents.js');\n\t\tfbq('consent', consent);\n\t\tfbq('init', '813236348753005');\n\t\tfbq('track', \"PageView\");\n\t<\/script><br \/>\n<br \/><br \/>\n<br \/><a href=\"https:\/\/www.boston.com\/sports\/new-england-patriots\/2024\/07\/30\/jerod-mayo-admits-he-hasnt-had-any-communication-with-bill-belichick\/\">Source link <\/a><\/p>","protected":false},"excerpt":{"rendered":"<p>Patriotas &#8220;\u00c9 uma era e um momento diferente, e espero que possamos ter o mesmo sucesso.&#8221; Jerod Mayo serviu na comiss\u00e3o t\u00e9cnica de Bill Belichick por cinco temporadas. Mark Brown\/Getty&hellip;<\/p>","protected":false},"author":1,"featured_media":12238,"comment_status":"closed","ping_status":"open","sticky":false,"template":"","format":"standard","meta":{"content-type":"","footnotes":""},"categories":[1],"tags":[],"class_list":["post-12237","post","type-post","status-publish","format-standard","has-post-thumbnail","hentry","category-uncategorized"],"_links":{"self":[{"href":"https:\/\/tvbrazilusa.com\/pt\/wp-json\/wp\/v2\/posts\/12237","targetHints":{"allow":["GET"]}}],"collection":[{"href":"https:\/\/tvbrazilusa.com\/pt\/wp-json\/wp\/v2\/posts"}],"about":[{"href":"https:\/\/tvbrazilusa.com\/pt\/wp-json\/wp\/v2\/types\/post"}],"author":[{"embeddable":true,"href":"https:\/\/tvbrazilusa.com\/pt\/wp-json\/wp\/v2\/users\/1"}],"replies":[{"embeddable":true,"href":"https:\/\/tvbrazilusa.com\/pt\/wp-json\/wp\/v2\/comments?post=12237"}],"version-history":[{"count":1,"href":"https:\/\/tvbrazilusa.com\/pt\/wp-json\/wp\/v2\/posts\/12237\/revisions"}],"predecessor-version":[{"id":12239,"href":"https:\/\/tvbrazilusa.com\/pt\/wp-json\/wp\/v2\/posts\/12237\/revisions\/12239"}],"wp:featuredmedia":[{"embeddable":true,"href":"https:\/\/tvbrazilusa.com\/pt\/wp-json\/wp\/v2\/media\/12238"}],"wp:attachment":[{"href":"https:\/\/tvbrazilusa.com\/pt\/wp-json\/wp\/v2\/media?parent=12237"}],"wp:term":[{"taxonomy":"category","embeddable":true,"href":"https:\/\/tvbrazilusa.com\/pt\/wp-json\/wp\/v2\/categories?post=12237"},{"taxonomy":"post_tag","embeddable":true,"href":"https:\/\/tvbrazilusa.com\/pt\/wp-json\/wp\/v2\/tags?post=12237"}],"curies":[{"name":"wp","href":"https:\/\/api.w.org\/{rel}","templated":true}]}}