{"id":122379,"date":"2025-07-23T17:21:00","date_gmt":"2025-07-23T17:21:00","guid":{"rendered":"https:\/\/tvbrazilusa.com\/2025\/07\/23\/moraes-precisa-ser-levado-a-diva-de-psicanalista-tv-florida-usa-a-sua-tv-brasileira-nos-estados-unidos\/"},"modified":"2025-07-23T18:24:11","modified_gmt":"2025-07-23T18:24:11","slug":"moraes-precisa-ser-levado-a-diva-de-psicanalista-tv-florida-usa-a-sua-tv-brasileira-nos-estados-unidos","status":"publish","type":"post","link":"https:\/\/tvbrazilusa.com\/pt\/2025\/07\/23\/moraes-precisa-ser-levado-a-diva-de-psicanalista-tv-florida-usa-a-sua-tv-brasileira-nos-estados-unidos\/","title":{"rendered":"\u201cMoraes precisa ser levado a div\u00e3 de psicanalista\u201d \u2013 TV Florida USA \u2013 A sua TV Brasileira nos Estados Unidos"},"content":{"rendered":"<p> <script async src=\"https:\/\/pagead2.googlesyndication.com\/pagead\/js\/adsbygoogle.js?client=ca-pub-8864793242727901\"\r\n     crossorigin=\"anonymous\"><\/script><br \/>\n<\/p>\n<div>\n<p>O ministro aposentado do Supremo Tribunal Federal (STF) Marco Aur\u00e9lio Mello fez uma an\u00e1lise sobre o comportamento do ex-colega de Corte, Alexandre de Moraes, e concluiu que o magistrado precisa ser \u201clevado ao div\u00e3\u201d de um \u201cpsicanalista\u201d para compreender porque tem tomado atos t\u00e3o \u201cincompreens\u00edveis\u201d em um Estado Democr\u00e1tico de Direito. Para Melo, a hist\u00f3ria cobrar\u00e1 do ministro essas decis\u00f5es, que t\u00eam gerado amplo \u201cdesgaste\u201d para a Suprema Corte e \u201cmaltratado\u201d a Constitui\u00e7\u00e3o Federal.<\/p>\n<p>As declara\u00e7\u00f5es ocorreram em entrevista \u00e0 coluna de Roseann Kennedy, do jornal O Estado de S. Paulo. Na ocasi\u00e3o, o ministro aposentado foi indagado sobre quais s\u00e3o os fatores que ele considera que est\u00e3o movendo as a\u00e7\u00f5es de Moraes, e respondeu:\n<\/p>\n<p>\u2013 Eu teria que coloc\u00e1-lo em um div\u00e3 e fazer uma an\u00e1lise talvez mediante um ato maior, e uma an\u00e1lise do que ele pensa, o que est\u00e1 por tr\u00e1s de tudo isso. O que eu digo \u00e9 que essa atua\u00e7\u00e3o alargada do Supremo, e uma atua\u00e7\u00e3o t\u00e3o incisiva, implica desgaste para a institui\u00e7\u00e3o\u2026 A hist\u00f3ria cobrar\u00e1 esses atos praticados. Ele [Moraes] proibiu, por exemplo, di\u00e1logos. Morda\u00e7a, censura pr\u00e9via, em pleno s\u00e9culo que estamos vivendo. \u00c9 incompreens\u00edvel \u2013 ponderou.\n<\/p>\n<h2><strong>Assista o v\u00eddeo:<\/strong><\/h2>\n<\/p>\n<p>Ao se pronunciar sobre o fato de a Primeira Turma do STF referendar as determina\u00e7\u00f5es do ministro, Marco Aur\u00e9lio afirmou que h\u00e1 um \u201cesp\u00edrito de corpo que n\u00e3o deveria haver\u201d e defendeu que os ministros fa\u00e7am an\u00e1lises independentes.<\/p>\n<div class=\"mvp-post-ad-wrap\"><span class=\"mvp-ad-label\">Publicidade<\/span><\/p>\n<div class=\"mvp-post-ad\"><a rel=\"nofollow\" target=\"_blank\" href=\"https:\/\/pay.cakto.com.br\/35dueap_485359\"><br \/><img fetchpriority=\"high\" width=\"960\" height=\"288\" decoding=\"async\" src=\"data:image\/svg+xml,%3Csvg%20xmlns=\" http:=\"\" alt=\"Banner do Livro\" style=\"max-width:100%; height:auto;\" data-lazy-src=\"https:\/\/podernacional.com.br\/wp-content\/uploads\/2025\/04\/Livro-Banner.png\" data-rel=\"penci-gallery-image-content\" \/><img width=\"960\" height=\"288\" decoding=\"async\" src=\"https:\/\/podernacional.com.br\/wp-content\/uploads\/2025\/04\/Livro-Banner.png\" alt=\"Banner do Livro\" style=\"max-width:100%; height:auto;\"\/><\/a><\/div>\n<\/div>\n<p>\u2013 Quando formei no colegiado, me manifestava espontaneamente, segundo meu convencimento, n\u00e3o me importando em somar voto. N\u00e3o h\u00e1 campo para solidariedade no \u00f3rg\u00e3o julgador. Cada integrante deve atuar com absoluta independ\u00eancia. Evidentemente acompanhando o colega no que se convencer do acerto da proposi\u00e7\u00e3o desse colega \u2013 adicionou.\n<\/p>\n<p>O ministro aposentado tamb\u00e9m se pronunciou diretamente sobre a imposi\u00e7\u00e3o de medidas cautelares contra o ex-presidente Jair Bolsonaro (PL). Para Melo, o ex-chefe do Executivo est\u00e1 sendo \u201csubmetido a humilha\u00e7\u00e3o\u201d ao ser obrigado a usar tornozeleira eletr\u00f4nica como se fosse um \u201cbandido de periculosidade maior\u201d, e se ainda estivesse na Corte, acompanharia o entendimento do ministro Luiz Fux, que foi contr\u00e1rio as medidas.\n<\/p>\n<p>\u2013 A proibi\u00e7\u00e3o de sair de casa, que \u00e9 praticamente uma pris\u00e3o domiciliar. Vamos observar a ordem natural, que \u00e9 apurar para, selada a culpa no processo crime, exercido o direito de defesa, chegar-se \u00e0 execu\u00e7\u00e3o do pronunciamento judicial definitivo. E n\u00e3o h\u00e1 esse pronunciamento, por enquanto. O ministro Luiz Fux divergiu e, se l\u00e1 eu estivesse, eu o acompanharia. Divergiu quanto \u00e0 utiliza\u00e7\u00e3o [de tornozeleira eletr\u00f4nica], por um ex-presidente da Rep\u00fablica. Vamos respeitar a institui\u00e7\u00e3o que \u00e9 a Presid\u00eancia da Rep\u00fablica. Utilizar como se fosse um bandido de periculosidade maior. A tornozeleira \u00e9 uma apena\u00e7\u00e3o humilhante, porque alcan\u00e7a a dignidade da pessoa \u2013 pontuou.\n<\/p>\n<p>Marco Aur\u00e9lio tamb\u00e9m questionou que o processo esteja sendo conduzido em foro privilegiado e em uma \u00fanica turma. Ele lembrou que, quando o STF decide, n\u00e3o cabe recurso a um \u00f3rg\u00e3o revisor, o que \u201cprejudica o devido processo legal\u201d.\n<\/p>\n<p>\u2013 Basta considerar que houve uma emenda regimental deslocando a compet\u00eancia do plen\u00e1rio para as turmas, em processo crime. Estive 31 anos na bancada do Supremo e nunca julgamos em turma processo crime. Alguma coisa est\u00e1 errada. Eu espero que n\u00e3o se chegue a julgar processo crime individualmente, monocraticamente. (\u2026) Supremo n\u00e3o \u00e9 competente para julgar cidad\u00e3o comum, para julgar originariamente ex-presidente da Rep\u00fablica, ex-deputado federal ou ex-senador. Basta que indaguemos: o atual presidente [Luiz In\u00e1cio Lula da Silva], quando respondeu criminalmente, ele o fez onde? Na 13\u00aa Vara Criminal de Curitiba. A legisla\u00e7\u00e3o n\u00e3o mudou. Por que o ex-presidente Bolsonaro est\u00e1 a responder no Supremo? Isso \u00e9 inexplic\u00e1vel, e a hist\u00f3ria em si \u00e9 impiedosa, vai cobrar essa postura do Supremo. Quando o Supremo decide, n\u00e3o cabe recurso a um \u00f3rg\u00e3o revisor. Ent\u00e3o, o devido processo legal fica prejudicado.<\/p>\n<div class=\"mvp-post-ad-wrap\"><span class=\"mvp-ad-label\">Publicidade<\/span><\/p>\n<div class=\"mvp-post-ad\"><a rel=\"nofollow\" target=\"_blank\" href=\"https:\/\/pay.cakto.com.br\/35dueap_485359\"><br \/><img fetchpriority=\"high\" width=\"960\" height=\"288\" decoding=\"async\" src=\"data:image\/svg+xml,%3Csvg%20xmlns=\" http:=\"\" alt=\"Banner do Livro\" style=\"max-width:100%; height:auto;\" data-lazy-src=\"https:\/\/podernacional.com.br\/wp-content\/uploads\/2025\/04\/Livro-Banner.png\" data-rel=\"penci-gallery-image-content\" \/><img width=\"960\" height=\"288\" decoding=\"async\" src=\"https:\/\/podernacional.com.br\/wp-content\/uploads\/2025\/04\/Livro-Banner.png\" alt=\"Banner do Livro\" style=\"max-width:100%; height:auto;\"\/><\/a><\/div>\n<\/div>\n<p>O ex-ministro convidou a Corte a buscar \u201ctemperan\u00e7a\u201d, \u201ccorre\u00e7\u00e3o de rumos sem atropelos\u201d, \u201csem partir-se para uma censura pr\u00e9via\u201d.\n<\/p>\n<p>\u2013 Que haja uma evolu\u00e7\u00e3o, e que o Supremo atue, n\u00e3o como \u00f3rg\u00e3o individual como vem atuando na voz do ministro Alexandre de Moraes, mas como \u00f3rg\u00e3o coletivo, e percebendo a repercuss\u00e3o dos atos que pratica. A\u00ed, n\u00f3s avan\u00e7aremos culturalmente \u2013 concluiu.\n<\/p>\n<\/div>\n<p><br \/>\n<br \/><a href=\"https:\/\/tvfloridausa.com\/2025\/07\/23\/video-marco-aurelio-moraes-precisa-ser-levado-a-diva-de-psicanalista\/\">Source link <\/a><\/p>","protected":false},"excerpt":{"rendered":"<p>O ministro aposentado do Supremo Tribunal Federal (STF) Marco Aur\u00e9lio Mello fez uma an\u00e1lise sobre o comportamento do ex-colega de Corte, Alexandre de Moraes, e concluiu que o magistrado precisa&hellip;<\/p>","protected":false},"author":1,"featured_media":122206,"comment_status":"closed","ping_status":"open","sticky":false,"template":"","format":"standard","meta":{"content-type":"","footnotes":""},"categories":[22],"tags":[],"class_list":["post-122379","post","type-post","status-publish","format-standard","has-post-thumbnail","hentry","category-tv-florida-usa"],"_links":{"self":[{"href":"https:\/\/tvbrazilusa.com\/pt\/wp-json\/wp\/v2\/posts\/122379","targetHints":{"allow":["GET"]}}],"collection":[{"href":"https:\/\/tvbrazilusa.com\/pt\/wp-json\/wp\/v2\/posts"}],"about":[{"href":"https:\/\/tvbrazilusa.com\/pt\/wp-json\/wp\/v2\/types\/post"}],"author":[{"embeddable":true,"href":"https:\/\/tvbrazilusa.com\/pt\/wp-json\/wp\/v2\/users\/1"}],"replies":[{"embeddable":true,"href":"https:\/\/tvbrazilusa.com\/pt\/wp-json\/wp\/v2\/comments?post=122379"}],"version-history":[{"count":1,"href":"https:\/\/tvbrazilusa.com\/pt\/wp-json\/wp\/v2\/posts\/122379\/revisions"}],"predecessor-version":[{"id":122380,"href":"https:\/\/tvbrazilusa.com\/pt\/wp-json\/wp\/v2\/posts\/122379\/revisions\/122380"}],"wp:featuredmedia":[{"embeddable":true,"href":"https:\/\/tvbrazilusa.com\/pt\/wp-json\/wp\/v2\/media\/122206"}],"wp:attachment":[{"href":"https:\/\/tvbrazilusa.com\/pt\/wp-json\/wp\/v2\/media?parent=122379"}],"wp:term":[{"taxonomy":"category","embeddable":true,"href":"https:\/\/tvbrazilusa.com\/pt\/wp-json\/wp\/v2\/categories?post=122379"},{"taxonomy":"post_tag","embeddable":true,"href":"https:\/\/tvbrazilusa.com\/pt\/wp-json\/wp\/v2\/tags?post=122379"}],"curies":[{"name":"wp","href":"https:\/\/api.w.org\/{rel}","templated":true}]}}