{"id":122390,"date":"2025-07-23T19:59:23","date_gmt":"2025-07-23T19:59:23","guid":{"rendered":"https:\/\/tvbrazilusa.com\/2025\/07\/23\/norwalk-man-condenado-a-5-anos-de-prisao-por-trafico-de-narcoticos\/"},"modified":"2025-07-23T20:07:30","modified_gmt":"2025-07-23T20:07:30","slug":"norwalk-man-condenado-a-5-anos-de-prisao-por-trafico-de-narcoticos","status":"publish","type":"post","link":"https:\/\/tvbrazilusa.com\/pt\/2025\/07\/23\/norwalk-man-condenado-a-5-anos-de-prisao-por-trafico-de-narcoticos\/","title":{"rendered":"Norwalk Man condenado a 5 anos de pris\u00e3o por tr\u00e1fico de narc\u00f3ticos"},"content":{"rendered":"<script async src=\"https:\/\/pagead2.googlesyndication.com\/pagead\/js\/adsbygoogle.js?client=ca-pub-8864793242727901\"\r\n     crossorigin=\"anonymous\"><\/script>\n<p>HARTFORD, Connecticut (WTNH) &#8211; Um homem de Norwalk foi condenado a cinco anos de pris\u00e3o na quarta -feira por tr\u00e1fico de narc\u00f3ticos em Norwalk e nos arredores. <\/p>\n<div class=\"nlp-ignore-block article-content rich-text\">\n<aside class=\"promo-link\">\n\t<a href=\"https:\/\/www.wtnh.com\/news\/connecticut\/new-haven\/3-charged-with-drug-firearm-offenses-after-traffic-stop-in-waterbury\/?ipid=promo-link-block1\" class=\"promo-link__link\" target=\"\"_blank\"\"><\/p>\n<p>\t\t3 acusados de drogas, ofensas de armas de fogo ap\u00f3s a parada de tr\u00e2nsito em Waterbury\t<\/a><br \/>\n<\/aside>\n<\/div>\n<p>A pol\u00edcia diz que Jelson Perez, 42 anos, tamb\u00e9m conhecido como &#8220;Spank&#8221;, ajudou a distribuir narc\u00f3ticos dentro e ao redor de Norwalk para uma organiza\u00e7\u00e3o de tr\u00e1fico de drogas. Segundo a pol\u00edcia, ele tamb\u00e9m organizou uma compra de arma de fogo para outro membro da organiza\u00e7\u00e3o. <\/p>\n<p>As autoridades come\u00e7aram a investigar a organiza\u00e7\u00e3o em 2023 e, por meio de escutas telef\u00f4nicas autorizadas pelo tribunal e compras controladas das drogas, a pol\u00edcia descobriu que estava transportando drogas de v\u00e1rias \u00e1reas como Texas, Ohio e Nova York. Os narc\u00f3ticos inclu\u00edam fentanil e hero\u00edna. <\/p>\n<div class=\"nlp-ignore-block article-content rich-text\">\n<aside class=\"promo-link\">\n\t<a href=\"https:\/\/www.wtnh.com\/news\/connecticut\/fairfield\/bridgeport-man-sentenced-on-fentanyl-firearm-charges\/?ipid=promo-link-block2\" class=\"promo-link__link\" target=\"\"_blank\"\"><\/p>\n<p>\t\tMan Bridgeport condenado por fentanil, cobran\u00e7as de armas de fogo\t<\/a><br \/>\n<\/aside>\n<\/div>\n<p>Perez e outros associados foram presos em 29 de abril de 2024. Os investigadores apreenderam cerca de 15.000 sacos de doses de fentanil suspeito, cerca de 350 gramas de hero\u00edna crua e quantidades de coca\u00edna e crack.<\/p>\n<p>Ele se declarou culpado de conspira\u00e7\u00e3o para distribuir e possuir com a inten\u00e7\u00e3o de distribuir 40 gramas ou mais de fentanil e quantidades de hero\u00edna e coca\u00edna em abril. <\/p>\n<p><br \/>\n<br \/><a href=\"https:\/\/www.wtnh.com\/news\/connecticut\/fairfield\/norwalk-man-sentenced-to-5-years-in-prison-for-trafficking-narcotics\/\">Source link <\/a><\/p>","protected":false},"excerpt":{"rendered":"<p>HARTFORD, Connecticut (WTNH) &#8211; Um homem de Norwalk foi condenado a cinco anos de pris\u00e3o na quarta -feira por tr\u00e1fico de narc\u00f3ticos em Norwalk e nos arredores. 3 acusados de&hellip;<\/p>","protected":false},"author":1,"featured_media":122391,"comment_status":"closed","ping_status":"open","sticky":false,"template":"","format":"standard","meta":{"content-type":"","footnotes":""},"categories":[1],"tags":[],"class_list":["post-122390","post","type-post","status-publish","format-standard","has-post-thumbnail","hentry","category-uncategorized"],"_links":{"self":[{"href":"https:\/\/tvbrazilusa.com\/pt\/wp-json\/wp\/v2\/posts\/122390","targetHints":{"allow":["GET"]}}],"collection":[{"href":"https:\/\/tvbrazilusa.com\/pt\/wp-json\/wp\/v2\/posts"}],"about":[{"href":"https:\/\/tvbrazilusa.com\/pt\/wp-json\/wp\/v2\/types\/post"}],"author":[{"embeddable":true,"href":"https:\/\/tvbrazilusa.com\/pt\/wp-json\/wp\/v2\/users\/1"}],"replies":[{"embeddable":true,"href":"https:\/\/tvbrazilusa.com\/pt\/wp-json\/wp\/v2\/comments?post=122390"}],"version-history":[{"count":1,"href":"https:\/\/tvbrazilusa.com\/pt\/wp-json\/wp\/v2\/posts\/122390\/revisions"}],"predecessor-version":[{"id":122392,"href":"https:\/\/tvbrazilusa.com\/pt\/wp-json\/wp\/v2\/posts\/122390\/revisions\/122392"}],"wp:featuredmedia":[{"embeddable":true,"href":"https:\/\/tvbrazilusa.com\/pt\/wp-json\/wp\/v2\/media\/122391"}],"wp:attachment":[{"href":"https:\/\/tvbrazilusa.com\/pt\/wp-json\/wp\/v2\/media?parent=122390"}],"wp:term":[{"taxonomy":"category","embeddable":true,"href":"https:\/\/tvbrazilusa.com\/pt\/wp-json\/wp\/v2\/categories?post=122390"},{"taxonomy":"post_tag","embeddable":true,"href":"https:\/\/tvbrazilusa.com\/pt\/wp-json\/wp\/v2\/tags?post=122390"}],"curies":[{"name":"wp","href":"https:\/\/api.w.org\/{rel}","templated":true}]}}