{"id":122396,"date":"2025-07-23T19:53:00","date_gmt":"2025-07-23T19:53:00","guid":{"rendered":"https:\/\/tvbrazilusa.com\/2025\/07\/23\/filho-de-lula-lulinha-muda-para-madri-e-so-volta-ao-brasil-apos-2026-tv-florida-usa-a-sua-tv-brasileira-nos-estados-unidos\/"},"modified":"2025-07-23T20:36:41","modified_gmt":"2025-07-23T20:36:41","slug":"filho-de-lula-lulinha-muda-para-madri-e-so-volta-ao-brasil-apos-2026-tv-florida-usa-a-sua-tv-brasileira-nos-estados-unidos","status":"publish","type":"post","link":"https:\/\/tvbrazilusa.com\/pt\/2025\/07\/23\/filho-de-lula-lulinha-muda-para-madri-e-so-volta-ao-brasil-apos-2026-tv-florida-usa-a-sua-tv-brasileira-nos-estados-unidos\/","title":{"rendered":"Filho de Lula, Lulinha, muda para Madri e s\u00f3 volta ao Brasil ap\u00f3s 2026 \u2013 TV Florida USA \u2013 A sua TV Brasileira nos Estados Unidos"},"content":{"rendered":"<p> <script async src=\"https:\/\/pagead2.googlesyndication.com\/pagead\/js\/adsbygoogle.js?client=ca-pub-8864793242727901\"\r\n     crossorigin=\"anonymous\"><\/script><br \/>\n<\/p>\n<div>\n<p data-end=\"545\" data-start=\"68\">Aliados do ex-presidente Jair Bolsonaro receberam informa\u00e7\u00f5es do Departamento de Estado dos Estados Unidos indicando que uma nova rodada de san\u00e7\u00f5es contra o Brasil deve ser anunciada ainda nesta semana. A medida faz parte de uma rea\u00e7\u00e3o do governo americano \u00e0s recentes decis\u00f5es do Supremo Tribunal Federal (STF), principalmente \u00e0 revoga\u00e7\u00e3o de vistos concedidos a ministros da Corte, entre eles Alexandre de Moraes, al\u00e9m de outros magistrados e ao procurador-geral da Rep\u00fablica.<\/p>\n<p data-end=\"968\" data-start=\"421\"><strong>Confira detalhes no v\u00eddeo:<\/strong>\n<\/p>\n<\/p>\n<p>O presidente dos Estados Unidos, Donald Trump, classificou a decis\u00e3o do ministro Moraes como uma \u201cdeclara\u00e7\u00e3o de guerra\u201d e afirmou que todas as op\u00e7\u00f5es est\u00e3o sendo avaliadas para punir o Brasil. Entre as san\u00e7\u00f5es em an\u00e1lise est\u00e3o um aumento significativo de tarifas de importa\u00e7\u00e3o, que pode chegar a 100%, al\u00e9m da aplica\u00e7\u00e3o da Lei Magnitsky, que permite o bloqueio de opera\u00e7\u00f5es financeiras e restri\u00e7\u00f5es a pessoas f\u00edsicas e jur\u00eddicas acusadas de viola\u00e7\u00f5es graves de direitos humanos e corrup\u00e7\u00e3o.\n<\/p>\n<p data-end=\"1398\" data-start=\"1039\">Outra medida em estudo seria a retirada do Brasil do sistema de pagamentos Swift, que \u00e9 o principal sistema global de transfer\u00eancia financeira entre bancos e empresas. A exclus\u00e3o do pa\u00eds desse sistema causaria graves impactos econ\u00f4micos, pois dificultaria transa\u00e7\u00f5es comerciais internacionais, incluindo pagamentos e recebimentos de exporta\u00e7\u00f5es e importa\u00e7\u00f5es.<\/p>\n<div class=\"mvp-post-ad-wrap\"><span class=\"mvp-ad-label\">Publicidade<\/span><\/p>\n<div class=\"mvp-post-ad\"><a rel=\"nofollow\" target=\"_blank\" href=\"https:\/\/pay.cakto.com.br\/35dueap_485359\"><br \/><img fetchpriority=\"high\" width=\"960\" height=\"288\" decoding=\"async\" alt=\"Banner do Livro\" style=\"max-width:100%; height:auto;\" src=\"https:\/\/podernacional.com.br\/wp-content\/uploads\/2025\/04\/Livro-Banner.png\" data-rel=\"penci-gallery-image-content\" \/><img width=\"960\" height=\"288\" decoding=\"async\" src=\"https:\/\/podernacional.com.br\/wp-content\/uploads\/2025\/04\/Livro-Banner.png\" alt=\"Banner do Livro\" style=\"max-width:100%; height:auto;\"\/><\/a><\/div>\n<\/div>\n<p data-end=\"1957\" data-start=\"1400\">Especialistas explicam que o sistema Swift \u00e9 essencial para o com\u00e9rcio exterior brasileiro. Atualmente, quase todas as opera\u00e7\u00f5es internacionais de compra e venda dependem desse sistema para movimenta\u00e7\u00e3o de recursos, desde a venda de commodities do agroneg\u00f3cio at\u00e9 a importa\u00e7\u00e3o de insumos, como fertilizantes. Uma poss\u00edvel exclus\u00e3o do Brasil desse sistema causaria um efeito econ\u00f4mico devastador, compar\u00e1vel \u00e0s san\u00e7\u00f5es aplicadas contra a R\u00fassia ap\u00f3s a invas\u00e3o da Ucr\u00e2nia, que levou o pa\u00eds a depender economicamente da China para manter seu com\u00e9rcio exterior.\n<\/p>\n<p data-end=\"2413\" data-start=\"1959\">No caso da R\u00fassia, a sa\u00edda do sistema Swift significou uma ruptura quase completa com o sistema financeiro global, for\u00e7ando o pa\u00eds a buscar alternativas junto a aliados comerciais, principalmente a China. Para o Brasil, a exclus\u00e3o do sistema acarretaria um bloqueio similar, tornando dif\u00edcil receber pagamentos do exterior e efetuar compras internacionais, o que paralisaria boa parte do com\u00e9rcio exterior e prejudicaria setores estrat\u00e9gicos da economia.\n<\/p>\n<p data-end=\"2737\" data-start=\"2415\">Al\u00e9m do sistema Swift, outras poss\u00edveis san\u00e7\u00f5es s\u00e3o o aumento de tarifas sobre produtos brasileiros exportados para os Estados Unidos, o que tornaria esses produtos menos competitivos, e o bloqueio de bens e ativos de autoridades brasileiras consideradas envolvidas nas decis\u00f5es judiciais que motivaram a rea\u00e7\u00e3o americana.\n<\/p>\n<p data-end=\"3131\" data-start=\"2739\">A situa\u00e7\u00e3o cria um cen\u00e1rio de incerteza para a economia brasileira, que depende fortemente do com\u00e9rcio exterior e das exporta\u00e7\u00f5es agropecu\u00e1rias. O Brasil \u00e9 um grande exportador mundial de alimentos e produtos agr\u00edcolas, respons\u00e1vel por alimentar cerca de um bilh\u00e3o de pessoas, e qualquer restri\u00e7\u00e3o nesse com\u00e9rcio afetaria significativamente a balan\u00e7a comercial e a gera\u00e7\u00e3o de receita do pa\u00eds.\n<\/p>\n<p data-end=\"3356\" data-start=\"3133\">A resposta americana mostra a crescente tens\u00e3o diplom\u00e1tica entre os dois pa\u00edses, motivada por quest\u00f5es internas do Brasil envolvendo o Judici\u00e1rio e o Executivo, mas com impactos diretos nas rela\u00e7\u00f5es econ\u00f4micas e comerciais.<\/p>\n<div class=\"mvp-post-ad-wrap\"><span class=\"mvp-ad-label\">Publicidade<\/span><\/p>\n<div class=\"mvp-post-ad\"><a rel=\"nofollow\" target=\"_blank\" href=\"https:\/\/pay.cakto.com.br\/35dueap_485359\"><br \/><img fetchpriority=\"high\" width=\"960\" height=\"288\" decoding=\"async\" alt=\"Banner do Livro\" style=\"max-width:100%; height:auto;\" src=\"https:\/\/podernacional.com.br\/wp-content\/uploads\/2025\/04\/Livro-Banner.png\" data-rel=\"penci-gallery-image-content\" \/><img width=\"960\" height=\"288\" decoding=\"async\" src=\"https:\/\/podernacional.com.br\/wp-content\/uploads\/2025\/04\/Livro-Banner.png\" alt=\"Banner do Livro\" style=\"max-width:100%; height:auto;\"\/><\/a><\/div>\n<\/div>\n<p data-end=\"3734\" data-is-last-node=\"\" data-is-only-node=\"\" data-start=\"3358\">Enquanto isso, o governo brasileiro acompanha com aten\u00e7\u00e3o as movimenta\u00e7\u00f5es internacionais e avalia as poss\u00edveis consequ\u00eancias para a economia e para as rela\u00e7\u00f5es diplom\u00e1ticas. O desenrolar dessas san\u00e7\u00f5es e as medidas de retalia\u00e7\u00e3o que poder\u00e3o ser adotadas no futuro ainda s\u00e3o incertos, mas indicam uma escalada de conflitos pol\u00edticos e econ\u00f4micos entre Brasil e Estados Unidos.\n<\/p>\n<\/div>\n<p><br \/>\n<br \/><a href=\"https:\/\/tvfloridausa.com\/2025\/07\/23\/filho-de-lula-lulinha-muda-para-madri-e-so-volta-ao-brasil-apos-2026\/\">Source link <\/a><\/p>","protected":false},"excerpt":{"rendered":"<p>Aliados do ex-presidente Jair Bolsonaro receberam informa\u00e7\u00f5es do Departamento de Estado dos Estados Unidos indicando que uma nova rodada de san\u00e7\u00f5es contra o Brasil deve ser anunciada ainda nesta semana.&hellip;<\/p>","protected":false},"author":1,"featured_media":122206,"comment_status":"closed","ping_status":"open","sticky":false,"template":"","format":"standard","meta":{"content-type":"","footnotes":""},"categories":[22],"tags":[],"class_list":["post-122396","post","type-post","status-publish","format-standard","has-post-thumbnail","hentry","category-tv-florida-usa"],"_links":{"self":[{"href":"https:\/\/tvbrazilusa.com\/pt\/wp-json\/wp\/v2\/posts\/122396","targetHints":{"allow":["GET"]}}],"collection":[{"href":"https:\/\/tvbrazilusa.com\/pt\/wp-json\/wp\/v2\/posts"}],"about":[{"href":"https:\/\/tvbrazilusa.com\/pt\/wp-json\/wp\/v2\/types\/post"}],"author":[{"embeddable":true,"href":"https:\/\/tvbrazilusa.com\/pt\/wp-json\/wp\/v2\/users\/1"}],"replies":[{"embeddable":true,"href":"https:\/\/tvbrazilusa.com\/pt\/wp-json\/wp\/v2\/comments?post=122396"}],"version-history":[{"count":1,"href":"https:\/\/tvbrazilusa.com\/pt\/wp-json\/wp\/v2\/posts\/122396\/revisions"}],"predecessor-version":[{"id":122397,"href":"https:\/\/tvbrazilusa.com\/pt\/wp-json\/wp\/v2\/posts\/122396\/revisions\/122397"}],"wp:featuredmedia":[{"embeddable":true,"href":"https:\/\/tvbrazilusa.com\/pt\/wp-json\/wp\/v2\/media\/122206"}],"wp:attachment":[{"href":"https:\/\/tvbrazilusa.com\/pt\/wp-json\/wp\/v2\/media?parent=122396"}],"wp:term":[{"taxonomy":"category","embeddable":true,"href":"https:\/\/tvbrazilusa.com\/pt\/wp-json\/wp\/v2\/categories?post=122396"},{"taxonomy":"post_tag","embeddable":true,"href":"https:\/\/tvbrazilusa.com\/pt\/wp-json\/wp\/v2\/tags?post=122396"}],"curies":[{"name":"wp","href":"https:\/\/api.w.org\/{rel}","templated":true}]}}