{"id":122412,"date":"2025-07-23T22:53:25","date_gmt":"2025-07-23T22:53:25","guid":{"rendered":"https:\/\/tvbrazilusa.com\/2025\/07\/23\/will-mcneil-jr-planeja-processar-o-escritorio-do-xerife-de-jacksonville-durante-a-prisao-de-fevereiro-jacksonville-hoje\/"},"modified":"2025-07-23T23:04:03","modified_gmt":"2025-07-23T23:04:03","slug":"will-mcneil-jr-planeja-processar-o-escritorio-do-xerife-de-jacksonville-durante-a-prisao-de-fevereiro-jacksonville-hoje","status":"publish","type":"post","link":"https:\/\/tvbrazilusa.com\/pt\/2025\/07\/23\/will-mcneil-jr-planeja-processar-o-escritorio-do-xerife-de-jacksonville-durante-a-prisao-de-fevereiro-jacksonville-hoje\/","title":{"rendered":"Will McNeil Jr. planeja processar o escrit\u00f3rio do xerife de Jacksonville durante a pris\u00e3o de fevereiro | Jacksonville hoje"},"content":{"rendered":"<p> <script async src=\"https:\/\/pagead2.googlesyndication.com\/pagead\/js\/adsbygoogle.js?client=ca-pub-8864793242727901\"\r\n     crossorigin=\"anonymous\"><\/script><br \/>\n<\/p>\n<div>\n<p data-beyondwords-marker=\"8a59b5ad-2c50-49c5-a28c-c201159bd019\">Will McNeil Jr., o homem de Jacksonville, cujo v\u00eddeo de pris\u00e3o auto-gravado renovou conversas nacionais sobre perfil racial, brutalidade policial e paradas pr\u00e9-textuais, anunciou na quarta-feira sua inten\u00e7\u00e3o de processar o escrit\u00f3rio do xerife de Jacksonville. <\/p>\n<p data-beyondwords-marker=\"f08bc678-ae15-40c6-9793-10b063c746a9\">No v\u00eddeo, McNeil, 22, foi parado logo ap\u00f3s as 16h por ter as luzes apagadas. Quando McNeil pediu para ver um supervisor e n\u00e3o cumpriu as instru\u00e7\u00f5es de um policial para sair do ve\u00edculo, os policiais quebraram a janela lateral do motorista e deu um soco no rosto dele. O v\u00eddeo de <a href=\"https:\/\/jaxtoday.org\/2025\/07\/21\/civil-rights-groups-condemn-violent-jacksonville-arrest\/\">A pris\u00e3o de McNeil se tornou viral <\/a>no fim de semana.<\/p>\n<p data-beyondwords-marker=\"daf216b7-f237-494c-bd7d-c17e5990664a\">McNeil e quatro gera\u00e7\u00f5es de sua fam\u00edlia ficaram dentro da Igreja de Jacksonville, em St. Paul, na quarta -feira, quando o estudante universit\u00e1rio se lembrou do encontro com a pol\u00edcia.<\/p>\n<figure data-beyondwords-marker=\"3527c1ad-856d-4749-8d7f-7f8efa352e08\" class=\"wp-block-image size-large\"><figcaption class=\"wp-element-caption\">Will McNeil Jr. se junta \u00e0 sua bisav\u00f3, Annette James, durante uma confer\u00eancia de imprensa de 23 de julho de 2025, onde detalhou sua pris\u00e3o em fevereiro de 2025 pelo escrit\u00f3rio do xerife de Jacksonville. | Will Brown, Jacksonville hoje<\/figcaption><\/figure>\n<p data-beyondwords-marker=\"3429ee0a-00e3-443c-86b5-7821cc4f913c\">McNeil n\u00e3o teve pris\u00f5es anteriores no Condado de Duval. Ele diz que estava com medo.<\/p>\n<p data-beyondwords-marker=\"63dad4a8-b695-4737-84ff-3f0ab0bf483d\">&#8220;Eu realmente queria saber, voc\u00ea sabe, por que estava sendo parado e por que precisava sair do carro&#8221;, diz McNeil. &#8220;E eu sei que n\u00e3o fiz nada de errado.&#8221;<\/p>\n<p data-beyondwords-marker=\"ca67b78c-8385-4885-9745-8f2ccbec9a7b\">Seu advogado, Crump, disse na quarta -feira: &#8220;Ele continuou perguntando simplesmente: &#8216;Por que voc\u00ea est\u00e1 me parando?&#8217; Quero dizer, pense nisso. N\u00e3o, n\u00e3o, n\u00e3o. Esse \u00e9 um cidad\u00e3o americano que exerce seus direitos constitucionais. \u201d<\/p>\n<p data-beyondwords-marker=\"6d0ecd70-86d9-4fa0-9fce-9bc6474aff11\">McNeil chutou um dente e sofreu uma concuss\u00e3o no incidente. Mais tarde, ele se declarou culpado de dirigir com uma licen\u00e7a suspensa e resistir \u00e0 pris\u00e3o sem viol\u00eancia. <\/p>\n<p data-beyondwords-marker=\"dabe06cf-975e-45ee-8aec-cf0ea298d038\">O advogado de direitos civis Ben Crump pediu ao xerife Waters que rescindisse o oficial D. Bowers para provar que a responsabilidade p\u00fablica se estende \u00e0 aplica\u00e7\u00e3o da lei. Bowers foi temporariamente despojado de suas tarefas policiais at\u00e9 que uma investiga\u00e7\u00e3o possa ser conclu\u00edda.<\/p>\n<p data-beyondwords-marker=\"aeee9a31-a454-49e7-a076-5063db799683\">A Crump e o co-advogado Harry Daniels diz que a JSO violou a liberdade da Quarta Emenda de McNeil de buscas e convuls\u00f5es irracionais.<\/p>\n<figure data-beyondwords-marker=\"59318e14-9550-467a-a229-64a2d51460ed\" class=\"wp-block-image size-large\"><img loading=\"lazy\" color=\"6c4632\" transparency=\"false\" style=\"--dominant-color: #6c4632;\" decoding=\"async\" width=\"1024\" height=\"576\" src=\"https:\/\/jaxtoday.org\/wp-content\/uploads\/2025\/07\/July-23-Will-McNeil-Jr.-press-conference-06-1024x576.jpg\" alt=\"\" class=\"not-transparent wp-image-98283\" srcset=\"https:\/\/jaxtoday.org\/wp-content\/uploads\/2025\/07\/July-23-Will-McNeil-Jr.-press-conference-06-1024x576.jpg 1024w, https:\/\/jaxtoday.org\/wp-content\/uploads\/2025\/07\/July-23-Will-McNeil-Jr.-press-conference-06-300x169.jpg 300w, https:\/\/jaxtoday.org\/wp-content\/uploads\/2025\/07\/July-23-Will-McNeil-Jr.-press-conference-06-768x432.jpg 768w, https:\/\/jaxtoday.org\/wp-content\/uploads\/2025\/07\/July-23-Will-McNeil-Jr.-press-conference-06-1536x864.jpg 1536w, https:\/\/jaxtoday.org\/wp-content\/uploads\/2025\/07\/July-23-Will-McNeil-Jr.-press-conference-06-2048x1152.jpg 2048w, https:\/\/jaxtoday.org\/wp-content\/uploads\/2025\/07\/July-23-Will-McNeil-Jr.-press-conference-06-800x450.jpg 800w, https:\/\/jaxtoday.org\/wp-content\/uploads\/2025\/07\/July-23-Will-McNeil-Jr.-press-conference-06-1200x675.jpg 1200w, https:\/\/jaxtoday.org\/wp-content\/uploads\/2025\/07\/July-23-Will-McNeil-Jr.-press-conference-06-427x240.jpg 427w, https:\/\/jaxtoday.org\/wp-content\/uploads\/2025\/07\/July-23-Will-McNeil-Jr.-press-conference-06-100x56.jpg 100w, https:\/\/jaxtoday.org\/wp-content\/uploads\/2025\/07\/July-23-Will-McNeil-Jr.-press-conference-06-1650x928.jpg 1650w\" sizes=\"auto, (max-width: 1024px) 100vw, 1024px\"\/><figcaption class=\"wp-element-caption\">Os advogados de direitos civis Ben Crump, \u00e0 esquerda, e Harry Daniels, \u00e0 direita, representam Will McNeil. Os advogados dizem que pretendem processar o escrit\u00f3rio do xerife de Jacksonville ap\u00f3s a pris\u00e3o de McNeil em fevereiro de 2025, onde ele foi socado ap\u00f3s uma parada de tr\u00e2nsito no Westside de Jacksonville. | Will Brown, Jacksonville hoje<\/figcaption><\/figure>\n<p data-beyondwords-marker=\"e11e3340-4d60-4f30-a5e7-50d087ab37db\">&#8220;As pessoas falam sobre ele se declarando culpado de resistir sem viol\u00eancia e dirigir com uma licen\u00e7a suspensa. Toda a parada n\u00e3o era apenas pretextual, racialmente motivada, era ilegal&#8221;, diz Daniels. &#8220;Tudo o que surgiu daquela parada era ilegal.&#8221;<\/p>\n<p data-beyondwords-marker=\"aaec6c42-51b1-41a6-b2a6-d0246df4a17e\">A lei da Fl\u00f3rida n\u00e3o criminaliza as paradas de pr\u00e9 -textual. \u00c9 quando a aplica\u00e7\u00e3o da lei inicia uma parada de tr\u00e2nsito por uma pequena viola\u00e7\u00e3o em busca de criminalidade adicional.<\/p>\n<p data-beyondwords-marker=\"22277e01-a9a6-475c-9de4-57ee2fadcbc5\">&#8220;Stop e Frisk Law&#8221; da Fl\u00f3rida, <a href=\"https:\/\/www.flsenate.gov\/Laws\/Statutes\/2018\/0901.151\" rel=\"nofollow noopener\" target=\"_blank\">Estatuto 901.151<\/a>diz que a aplica\u00e7\u00e3o da lei pode deter algu\u00e9m quando as circunst\u00e2ncias &#8220;indicarem razoavelmente&#8221; que eles cometeram ou est\u00e3o cometendo um crime.<\/p>\n<p data-beyondwords-marker=\"5a554c84-fd34-40a1-9648-5bceaee64dbe\">O estatuto tamb\u00e9m diz que, se surgir uma causa prov\u00e1vel durante a deten\u00e7\u00e3o tempor\u00e1ria, essa pessoa poder\u00e1 ser presa.<\/p>\n<p data-beyondwords-marker=\"70233b38-31a1-4964-8c55-9cf3898a8323\">Momentos ap\u00f3s o t\u00e9rmino da confer\u00eancia de imprensa, o xerife TK Waters divulgou uma declara\u00e7\u00e3o: \u201cNossa ag\u00eancia divulgou publicamente imagens de c\u00e2mera usadas pelo corpo relativas a esse assunto, e eu forneci um briefing sobre o status da investiga\u00e7\u00e3o no in\u00edcio desta semana. Esta informa\u00e7\u00e3o compartilhada publicamente est\u00e1 atualmente dispon\u00edvel em todas as plataformas de m\u00eddia social da JSO e nosso portal de transpar\u00eancia.\u201d O xerife disse que, em antecipa\u00e7\u00e3o ao lit\u00edgio, o JSO n\u00e3o falaria mais sobre o assunto.<\/p>\n<p data-beyondwords-marker=\"476022d7-fff5-4206-ac78-eb744270f7af\">A filmagem da c\u00e2mera corporal mostra um oficial dizendo a McNeil que ele foi parado devido a suas luzes de carro serem apagadas com mau tempo. As filmagens do departamento n\u00e3o parecem mostrar chuvas no momento do encontro.<\/p>\n<p data-beyondwords-marker=\"198b418d-9b31-4d4f-9c99-2a1673295223\">Nenhuma das imagens divulgadas publicamente do xerife mostra um oficial piscando uma arma em McNeil.<\/p>\n<p data-beyondwords-marker=\"e7635cb8-ef9b-48cf-88ad-a01aabac8db9\">Para McNeil, um major de biologia que interpreta trombone no Livingstone College Blue Thunder, foi a primeira pris\u00e3o.<\/p>\n<figure data-beyondwords-marker=\"332cc7c1-5b1e-47d9-9e22-a5c0fbd7be66\" class=\"wp-block-image size-large\"><img loading=\"lazy\" color=\"633c36\" transparency=\"false\" style=\"--dominant-color: #633c36;\" decoding=\"async\" width=\"1024\" height=\"576\" src=\"https:\/\/jaxtoday.org\/wp-content\/uploads\/2025\/07\/July-23-Will-McNeil-Jr.-press-conference-11-1024x576.jpg\" alt=\"\" class=\"not-transparent wp-image-98287\" srcset=\"https:\/\/jaxtoday.org\/wp-content\/uploads\/2025\/07\/July-23-Will-McNeil-Jr.-press-conference-11-1024x576.jpg 1024w, https:\/\/jaxtoday.org\/wp-content\/uploads\/2025\/07\/July-23-Will-McNeil-Jr.-press-conference-11-300x169.jpg 300w, https:\/\/jaxtoday.org\/wp-content\/uploads\/2025\/07\/July-23-Will-McNeil-Jr.-press-conference-11-768x432.jpg 768w, https:\/\/jaxtoday.org\/wp-content\/uploads\/2025\/07\/July-23-Will-McNeil-Jr.-press-conference-11-1536x864.jpg 1536w, https:\/\/jaxtoday.org\/wp-content\/uploads\/2025\/07\/July-23-Will-McNeil-Jr.-press-conference-11-2048x1152.jpg 2048w, https:\/\/jaxtoday.org\/wp-content\/uploads\/2025\/07\/July-23-Will-McNeil-Jr.-press-conference-11-800x450.jpg 800w, https:\/\/jaxtoday.org\/wp-content\/uploads\/2025\/07\/July-23-Will-McNeil-Jr.-press-conference-11-1200x675.jpg 1200w, https:\/\/jaxtoday.org\/wp-content\/uploads\/2025\/07\/July-23-Will-McNeil-Jr.-press-conference-11-427x240.jpg 427w, https:\/\/jaxtoday.org\/wp-content\/uploads\/2025\/07\/July-23-Will-McNeil-Jr.-press-conference-11-100x56.jpg 100w, https:\/\/jaxtoday.org\/wp-content\/uploads\/2025\/07\/July-23-Will-McNeil-Jr.-press-conference-11-1650x928.jpg 1650w\" sizes=\"auto, (max-width: 1024px) 100vw, 1024px\"\/><figcaption class=\"wp-element-caption\">O presidente da Livingstone College, Anthony J. Davis, \u00e0 direita, elogiou o aluno e o criado que Will McNeil Jr. foi enquanto um estudante da Universidade Historicamente Negra de Salisbury, Carolina do Norte. Davis diz que os direitos de McNeil foram violados durante uma parada de tr\u00e2nsito de fevereiro de 2025 que levou \u00e0 sua pris\u00e3o. &#8220;Voc\u00ea sabe o que ele est\u00e1 nos mostrando, de p\u00e9 aqui, alto e forte? Que ele \u00e9 resiliente.&#8221; | Will Brown, Jacksonville hoje<\/figcaption><\/figure>\n<p data-beyondwords-marker=\"bb12dd44-5054-491c-ad3d-bc3613e144bd\">O dente frontal esquerdo de McNeil permanece lascado cinco meses depois. Seus advogados dizem que ele ainda tem problemas de mem\u00f3ria de curto prazo.<\/p>\n<p data-beyondwords-marker=\"9c541e99-da91-4fca-8113-efc9b6426087\">A m\u00e3e de McNeil, Latoya Solomon, est\u00e1 com o cora\u00e7\u00e3o partido. Ela diz que levou meses para assistir o v\u00eddeo inteiro.<\/p>\n<p data-beyondwords-marker=\"afb1d7f7-4418-4845-a2fb-2b61cbf83eae\">Segundo registros policiais, Salom\u00e3o recuperou a prata Kia Sorento que seu filho estava dirigindo da West Palm Avenue, no Westside, em fevereiro, ap\u00f3s sua pris\u00e3o.<\/p>\n<p data-beyondwords-marker=\"338cda30-6762-49d5-8b52-87357952518d\">&#8220;Sou grato a Deus por proteg\u00ea -lo. Sei qual poderia ter sido o resultado&#8221;, disse Solomon na quarta -feira. <\/p>\n<p data-beyondwords-marker=\"39288ea1-0da8-4b0d-851c-6f6dd4d9d973\">Alton Solomon, pai de McNeil, disse que tamb\u00e9m foi agredido por JSO quando tinha a idade de McNeil. Na quarta -feira, lembrar sua incapacidade de proteger seu filho de um encontro semelhante trouxe l\u00e1grimas aos seus olhos.<\/p>\n<figure data-beyondwords-marker=\"c85cb31f-fda3-4302-b1a2-f1b1058fdfcc\" class=\"wp-block-image size-large\"><img loading=\"lazy\" color=\"7b4f46\" transparency=\"false\" style=\"--dominant-color: #7b4f46;\" decoding=\"async\" width=\"1024\" height=\"576\" src=\"https:\/\/jaxtoday.org\/wp-content\/uploads\/2025\/07\/July-23-Will-McNeil-Jr.-press-conference-04-1024x576.jpg\" alt=\"\" class=\"not-transparent wp-image-98284\" srcset=\"https:\/\/jaxtoday.org\/wp-content\/uploads\/2025\/07\/July-23-Will-McNeil-Jr.-press-conference-04-1024x576.jpg 1024w, https:\/\/jaxtoday.org\/wp-content\/uploads\/2025\/07\/July-23-Will-McNeil-Jr.-press-conference-04-300x169.jpg 300w, https:\/\/jaxtoday.org\/wp-content\/uploads\/2025\/07\/July-23-Will-McNeil-Jr.-press-conference-04-768x432.jpg 768w, https:\/\/jaxtoday.org\/wp-content\/uploads\/2025\/07\/July-23-Will-McNeil-Jr.-press-conference-04-1536x864.jpg 1536w, https:\/\/jaxtoday.org\/wp-content\/uploads\/2025\/07\/July-23-Will-McNeil-Jr.-press-conference-04-2048x1152.jpg 2048w, https:\/\/jaxtoday.org\/wp-content\/uploads\/2025\/07\/July-23-Will-McNeil-Jr.-press-conference-04-800x450.jpg 800w, https:\/\/jaxtoday.org\/wp-content\/uploads\/2025\/07\/July-23-Will-McNeil-Jr.-press-conference-04-1200x675.jpg 1200w, https:\/\/jaxtoday.org\/wp-content\/uploads\/2025\/07\/July-23-Will-McNeil-Jr.-press-conference-04-427x240.jpg 427w, https:\/\/jaxtoday.org\/wp-content\/uploads\/2025\/07\/July-23-Will-McNeil-Jr.-press-conference-04-100x56.jpg 100w, https:\/\/jaxtoday.org\/wp-content\/uploads\/2025\/07\/July-23-Will-McNeil-Jr.-press-conference-04-1650x928.jpg 1650w\" sizes=\"auto, (max-width: 1024px) 100vw, 1024px\"\/><figcaption class=\"wp-element-caption\">Alton Solomon, \u00e0 direita, lembrou como foi brutalizado pelo escrit\u00f3rio do xerife de Jacksonville quando jovem. Ele diz que do\u00eda ver seu enteado, Will McNeil Jr., levar um soco na cara durante uma pris\u00e3o de fevereiro de 2025 pelo escrit\u00f3rio do xerife de Jacksonville. Salom\u00e3o \u00e9 acompanhado por sua esposa e a m\u00e3e de Will, Latoya Solomon, Center, e Will McNeil Jr. | Will Brown, Jacksonville hoje<\/figcaption><\/figure>\n<p data-beyondwords-marker=\"c33d3e0e-44d6-4abb-9dce-cbec440c45b3\">&#8220;Ver isso &#8230; \u00e9 uma sensa\u00e7\u00e3o de m\u00e1goa&#8221;, disse Solomon.<\/p>\n<p data-beyondwords-marker=\"d21673b0-6d33-4edb-bd33-c7fc35c61c30\">Os Salom\u00f5es dizem que deram a McNeil &#8220;a conversa&#8221; sobre o que fazer se ele fosse parado pela pol\u00edcia. Entre as instru\u00e7\u00f5es comuns em fam\u00edlias negras: mantenha a calma e documente tudo.<\/p>\n<p data-beyondwords-marker=\"830f1147-6aee-4c84-887b-cab16969cc48\">O<a href=\"https:\/\/jaxtoday.org\/wp-content\/uploads\/2025\/07\/25-CT-2129_ARREST___BOOKING_REPORT_2025-003778_2-20-2025-MCNEIL-ARREST-REPORT-1.pdf\"> Relat\u00f3rio da pol\u00edcia<\/a> Diz os policiais forneceram v\u00e1rios avisos de que quebrariam a janela e removeriam McNeil do ve\u00edculo antes que os policiais &#8220;quebrassem a janela do motorista e abrissem a porta do motorista&#8221;. N\u00e3o menciona que um oficial deu um soco na cara de McNeil. <\/p>\n<p data-beyondwords-marker=\"c8052926-7a99-48ec-8859-bb057d42bdd7\">Crump disse que a omiss\u00e3o, bem como o fato de que v\u00e1rios oficiais pareciam manter com for\u00e7a McNeil, apesar de sua acusa\u00e7\u00e3o ser listada como resist\u00eancia sem viol\u00eancia, poderia significar que o v\u00eddeo pessoal de McNeil poderia ter salvado sua vida.<\/p>\n<p data-beyondwords-marker=\"45d39fc4-56b3-4b67-afcb-8e8840014279\">&#8220;Ele deu socos no rosto, a cabe\u00e7a bateu contra o concreto e uma arma puxada sobre ele&#8221;, diz Crump. &#8220;Isso \u00e9 excessivo. Essa \u00e9 uma for\u00e7a excessiva 101.&#8221;<\/p>\n<p data-beyondwords-marker=\"c36f2ad9-afa0-4878-b659-c3e96c469d51\">A fam\u00edlia s\u00e3o membros do templo de amor, f\u00e9 e liberta\u00e7\u00e3o de paz, onde o tio de McNeil, Frank James Jr., \u00e9 o pastor. James abriu e fechou o evento de quarta-feira, com a presen\u00e7a de membros de v\u00e1rias organiza\u00e7\u00f5es de direitos civis de Jacksonville.<\/p>\n<p data-beyondwords-marker=\"57bb31eb-81f6-4579-a293-762f073be575\">&#8220;Ele \u00e9 um homem muito, muito bom de Deus&#8221;, disse Latoya Solomon sobre seu \u00fanico filho, que est\u00e1 em bolsa de estudos para estudar biologia em um HBCU crist\u00e3o na Carolina do Norte. &#8220;Ele \u00e9 um mentor de todas as crian\u00e7as do bairro. Ele \u00e9 um m\u00fasico autodidata em nossa igreja. Ele \u00e9 um filho muito bom.&#8221;<\/p>\n<\/div>\n<p><br \/>\n<br \/><a href=\"https:\/\/jaxtoday.org\/2025\/07\/23\/will-mcneil-jr-plans-to-sue-jacksonville-sheriffs-office-over-february-arrest\/\">Source link <\/a><\/p>","protected":false},"excerpt":{"rendered":"<p>Will McNeil Jr., o homem de Jacksonville, cujo v\u00eddeo de pris\u00e3o auto-gravado renovou conversas nacionais sobre perfil racial, brutalidade policial e paradas pr\u00e9-textuais, anunciou na quarta-feira sua inten\u00e7\u00e3o de processar&hellip;<\/p>","protected":false},"author":1,"featured_media":122413,"comment_status":"closed","ping_status":"open","sticky":false,"template":"","format":"standard","meta":{"content-type":"","footnotes":""},"categories":[1],"tags":[],"class_list":["post-122412","post","type-post","status-publish","format-standard","has-post-thumbnail","hentry","category-uncategorized"],"_links":{"self":[{"href":"https:\/\/tvbrazilusa.com\/pt\/wp-json\/wp\/v2\/posts\/122412","targetHints":{"allow":["GET"]}}],"collection":[{"href":"https:\/\/tvbrazilusa.com\/pt\/wp-json\/wp\/v2\/posts"}],"about":[{"href":"https:\/\/tvbrazilusa.com\/pt\/wp-json\/wp\/v2\/types\/post"}],"author":[{"embeddable":true,"href":"https:\/\/tvbrazilusa.com\/pt\/wp-json\/wp\/v2\/users\/1"}],"replies":[{"embeddable":true,"href":"https:\/\/tvbrazilusa.com\/pt\/wp-json\/wp\/v2\/comments?post=122412"}],"version-history":[{"count":1,"href":"https:\/\/tvbrazilusa.com\/pt\/wp-json\/wp\/v2\/posts\/122412\/revisions"}],"predecessor-version":[{"id":122414,"href":"https:\/\/tvbrazilusa.com\/pt\/wp-json\/wp\/v2\/posts\/122412\/revisions\/122414"}],"wp:featuredmedia":[{"embeddable":true,"href":"https:\/\/tvbrazilusa.com\/pt\/wp-json\/wp\/v2\/media\/122413"}],"wp:attachment":[{"href":"https:\/\/tvbrazilusa.com\/pt\/wp-json\/wp\/v2\/media?parent=122412"}],"wp:term":[{"taxonomy":"category","embeddable":true,"href":"https:\/\/tvbrazilusa.com\/pt\/wp-json\/wp\/v2\/categories?post=122412"},{"taxonomy":"post_tag","embeddable":true,"href":"https:\/\/tvbrazilusa.com\/pt\/wp-json\/wp\/v2\/tags?post=122412"}],"curies":[{"name":"wp","href":"https:\/\/api.w.org\/{rel}","templated":true}]}}