{"id":122432,"date":"2025-07-24T00:19:41","date_gmt":"2025-07-24T00:19:41","guid":{"rendered":"https:\/\/tvbrazilusa.com\/2025\/07\/24\/connecticut-childrens-winding-down-genero-programa-para-pacientes-com-menos-de-19-anos\/"},"modified":"2025-07-24T00:27:39","modified_gmt":"2025-07-24T00:27:39","slug":"connecticut-childrens-winding-down-genero-programa-para-pacientes-com-menos-de-19-anos","status":"publish","type":"post","link":"https:\/\/tvbrazilusa.com\/pt\/2025\/07\/24\/connecticut-childrens-winding-down-genero-programa-para-pacientes-com-menos-de-19-anos\/","title":{"rendered":"Connecticut Children&#8217;s Winding Down G\u00eanero Programa para pacientes com menos de 19 anos"},"content":{"rendered":"<script async src=\"https:\/\/pagead2.googlesyndication.com\/pagead\/js\/adsbygoogle.js?client=ca-pub-8864793242727901\"\r\n     crossorigin=\"anonymous\"><\/script>\n<p>HARTFORD, Connecticut (WTNH) &#8211; O sistema de sa\u00fade infantil de Connecticut disse em comunicado na quarta -feira que est\u00e1 encerrando o programa de atendimento de g\u00eanero para pacientes com menos de 19 anos. <\/p>\n<p>O comunicado disse que a Connecticut Children&#8217;s est\u00e1 revisando a sustentabilidade de longo prazo do programa de atendimento de g\u00eanero em meio a &#8220;um cen\u00e1rio cada vez mais complexo e em evolu\u00e7\u00e3o&#8221;, e tomou a decis\u00e3o ap\u00f3s orienta\u00e7\u00e3o de especialistas m\u00e9dicos e jur\u00eddicos. <\/p>\n<div class=\"nlp-ignore-block article-content rich-text\">\n<aside class=\"promo-link\">\n\t<a href=\"https:\/\/www.wtnh.com\/news\/connecticut\/new-haven\/christian-day-care-in-milford-challenging-connecticut-mandatory-vaccination-rules\/?ipid=promo-link-block1\" class=\"promo-link__link\"><\/p>\n<p>\t\tCreche crist\u00e3o em Milford Desafiando as regras de vacina\u00e7\u00e3o obrigat\u00f3ria em Connecticut\t<\/a><br \/>\n<\/aside>\n<\/div>\n<p>&#8220;Esse processo est\u00e1 sendo realizado de maneira deliberada e planejada, com comunica\u00e7\u00e3o e apoio cont\u00ednuos para as fam\u00edlias e os membros da equipe diretamente envolvidos&#8221;, afirmou o comunicado. &#8220;Continua a ser uma situa\u00e7\u00e3o em evolu\u00e7\u00e3o e fluida&#8221;.<\/p>\n<p>As crian\u00e7as de Connecticut disseram que o programa avaliaria as coisas caso a caso para garantir: &#8220;as necessidades de todas as crian\u00e7as s\u00e3o consideradas com compaix\u00e3o, julgamento cl\u00ednico e cuidados&#8221;.<\/p>\n<p>&#8220;Continuamos totalmente comprometidos em fornecer cuidados inclusivos e respeitosos a todas as crian\u00e7as e em garantir que toda fam\u00edlia continue a se sentir segura, apoiada e ouvida na Connecticut Children&#8217;s&#8221;, afirmou o comunicado.<\/p>\n<p><br \/>\n<br \/><a href=\"https:\/\/www.wtnh.com\/news\/connecticut\/hartford\/connecticut-childrens-winding-down-gender-care-program-for-patients-under-19\/\">Source link <\/a><\/p>","protected":false},"excerpt":{"rendered":"<p>HARTFORD, Connecticut (WTNH) &#8211; O sistema de sa\u00fade infantil de Connecticut disse em comunicado na quarta -feira que est\u00e1 encerrando o programa de atendimento de g\u00eanero para pacientes com menos&hellip;<\/p>","protected":false},"author":1,"featured_media":122433,"comment_status":"closed","ping_status":"open","sticky":false,"template":"","format":"standard","meta":{"content-type":"","footnotes":""},"categories":[1],"tags":[],"class_list":["post-122432","post","type-post","status-publish","format-standard","has-post-thumbnail","hentry","category-uncategorized"],"_links":{"self":[{"href":"https:\/\/tvbrazilusa.com\/pt\/wp-json\/wp\/v2\/posts\/122432","targetHints":{"allow":["GET"]}}],"collection":[{"href":"https:\/\/tvbrazilusa.com\/pt\/wp-json\/wp\/v2\/posts"}],"about":[{"href":"https:\/\/tvbrazilusa.com\/pt\/wp-json\/wp\/v2\/types\/post"}],"author":[{"embeddable":true,"href":"https:\/\/tvbrazilusa.com\/pt\/wp-json\/wp\/v2\/users\/1"}],"replies":[{"embeddable":true,"href":"https:\/\/tvbrazilusa.com\/pt\/wp-json\/wp\/v2\/comments?post=122432"}],"version-history":[{"count":1,"href":"https:\/\/tvbrazilusa.com\/pt\/wp-json\/wp\/v2\/posts\/122432\/revisions"}],"predecessor-version":[{"id":122434,"href":"https:\/\/tvbrazilusa.com\/pt\/wp-json\/wp\/v2\/posts\/122432\/revisions\/122434"}],"wp:featuredmedia":[{"embeddable":true,"href":"https:\/\/tvbrazilusa.com\/pt\/wp-json\/wp\/v2\/media\/122433"}],"wp:attachment":[{"href":"https:\/\/tvbrazilusa.com\/pt\/wp-json\/wp\/v2\/media?parent=122432"}],"wp:term":[{"taxonomy":"category","embeddable":true,"href":"https:\/\/tvbrazilusa.com\/pt\/wp-json\/wp\/v2\/categories?post=122432"},{"taxonomy":"post_tag","embeddable":true,"href":"https:\/\/tvbrazilusa.com\/pt\/wp-json\/wp\/v2\/tags?post=122432"}],"curies":[{"name":"wp","href":"https:\/\/api.w.org\/{rel}","templated":true}]}}