{"id":12248,"date":"2024-07-30T13:36:12","date_gmt":"2024-07-30T13:36:12","guid":{"rendered":"https:\/\/tvbrazilusa.com\/2024\/07\/30\/kendrick-perkins-critica-steve-kerr-por-colocar-jayson-tatum-no-banco-na-abertura-das-olimpiadas\/"},"modified":"2024-07-30T13:46:33","modified_gmt":"2024-07-30T13:46:33","slug":"kendrick-perkins-critica-steve-kerr-por-colocar-jayson-tatum-no-banco-na-abertura-das-olimpiadas","status":"publish","type":"post","link":"https:\/\/tvbrazilusa.com\/pt\/2024\/07\/30\/kendrick-perkins-critica-steve-kerr-por-colocar-jayson-tatum-no-banco-na-abertura-das-olimpiadas\/","title":{"rendered":"Kendrick Perkins critica Steve Kerr por colocar Jayson Tatum no banco na abertura das Olimp\u00edadas"},"content":{"rendered":"<p> <script async src=\"https:\/\/pagead2.googlesyndication.com\/pagead\/js\/adsbygoogle.js?client=ca-pub-8864793242727901\"\r\n     crossorigin=\"anonymous\"><\/script><br \/>\n<\/p>\n<div id=\"\">\n<header class=\"m-article-header m-article-header--standard\">\n\t\t\t\t\t\t\t\t\t\t\t\t<span id=\"article-header-primary-term\"><br \/>\n\t\t\t\t\t\t\t\t<a class=\"a-term a-term--primary\" href=\"https:\/\/www.boston.com\/tag\/boston-celtics\/\"><\/p>\n<p>\t\t\t\t\t\t\t\tCeltas\t\t\t\t\t\t\t\t<\/a><br \/>\n\t\t\t\t\t\t\t<\/span><\/p>\n<h2 class=\"m-article-header__sub-headline\">&#8220;De jeito nenhum voc\u00ea vai me dizer que Jayson Tatum n\u00e3o ficou envergonhado.&#8221;<\/h2>\n<figure class=\"a-photo m-article-header__photo\"><figcaption class=\"a-photo__caption\">\n<p>\tJayson Tatum deve jogar na pr\u00f3xima partida da sele\u00e7\u00e3o dos EUA contra o Sud\u00e3o do Sul na quarta-feira. <em> (Foto de Ethan Miller\/Getty Images)<\/em>\t<\/figcaption><\/figure>\n<\/header>\n<p>Kendrick Perkins n\u00e3o \u00e9 exatamente uma figura popular entre os Celtics atualmente.<\/p>\n<p>O ex-campe\u00e3o da NBA de 2008 <a target=\"_blank\" href=\"https:\/\/www.boston.com\/sports\/boston-celtics\/2024\/06\/22\/brian-scalabrine-kendrick-perkins-celtics-nba-championship-quotes\/\" rel=\"noreferrer noopener\">foi declarado como um <\/a><em><a target=\"_blank\" href=\"https:\/\/www.boston.com\/sports\/boston-celtics\/2024\/06\/22\/brian-scalabrine-kendrick-perkins-celtics-nba-championship-quotes\/\" rel=\"noreferrer noopener\">pessoa n\u00e3o grata <\/a><\/em><a target=\"_blank\" href=\"https:\/\/www.boston.com\/sports\/boston-celtics\/2024\/06\/22\/brian-scalabrine-kendrick-perkins-celtics-nba-championship-quotes\/\" rel=\"noreferrer noopener\">pelo ex-companheiro de equipe Brian Scalabrine<\/a> no m\u00eas passado \u2014 em grande parte devido \u00e0 propens\u00e3o da atual personalidade da ESPN de lan\u00e7ar opini\u00f5es absurdas e excessivamente duras contra Joe Mazzulla, Jayson Tatum e v\u00e1rias outras figuras importantes do atual time do Celtics. <\/p>\n<p>Mas mesmo com o hist\u00f3rico de Perkins de assumir posi\u00e7\u00f5es contr\u00e1rias e distribuir cr\u00edticas agressivas contra os Celtics, at\u00e9 ele n\u00e3o conseguiu deixar de ficar do lado dos f\u00e3s dos Celtics indignados com Tatum.<a href=\"https:\/\/www.boston.com\/sports\/boston-celtics\/2024\/07\/28\/jayson-tatum-steve-kerr-usa-benching-olympics\/\" target=\"_blank\" rel=\"noreferrer noopener\"> sendo grampeado no banco na vit\u00f3ria de abertura do Team USA sobre a S\u00e9rvia<\/a> durante os Jogos Ol\u00edmpicos de Ver\u00e3o de 2024. <\/p>\n<p>Apesar de Tatum ter se estabelecido como um dos melhores jogadores da NBA h\u00e1 anos, o campe\u00e3o da NBA de 2024 (e medalhista de ouro ol\u00edmpico de 2020) foi um dos poucos jogadores a ficar de fora dos minutos da vit\u00f3ria de domingo sobre a S\u00e9rvia \u2014 com Tatum n\u00e3o jogando o jogo inteiro ao lado de Tyrese Haliburton. <\/p>\n<p>Falando no \u201cFirst Take\u201d da ESPN na segunda-feira, Perkins chamou o t\u00e9cnico do Team USA Steve Kerr por colocar Tatum em uma situa\u00e7\u00e3o ruim no domingo. Mesmo que Kerr tenha enfatizado que o desejo de dar a Kevin Durant mais repeti\u00e7\u00f5es e outros confrontos <a href=\"https:\/\/www.boston.com\/sports\/boston-celtics\/2024\/07\/28\/jayson-tatum-steve-kerr-usa-benching-olympics\/\" target=\"_blank\" rel=\"noreferrer noopener\">levou Tatum a ficar no banco contra a S\u00e9rvia<\/a>Perkins disse que a \u00f3tica da decis\u00e3o de Kerr ainda coloca Tatum em uma situa\u00e7\u00e3o ruim.<\/p>\n<p>\u201cVoc\u00ea n\u00e3o o desrespeita e o envergonha do jeito que fez\u201d, disse Perkins na ESPN. \u201cVivemos no mundo das m\u00eddias sociais. N\u00e3o podemos fugir disso, voc\u00ea n\u00e3o pode se esconder disso. De jeito nenhum voc\u00ea vai me dizer que Jayson Tatum n\u00e3o ficou envergonhado.\u201d<\/p>\n<figure class=\"wp-block-embed is-type-rich is-provider-twitter wp-block-embed-twitter\"\/>\n<p>Embora o papel de Tatum possa ter sido limitado com Durant recebendo sinal verde para jogar ap\u00f3s perder todos os cinco jogos de exibi\u00e7\u00e3o do Time EUA, Perkins enfatizou que o tamanho, o jogo defensivo e a versatilidade de Tatum fazem dele um jogador que pode impactar o jogo de v\u00e1rias maneiras \u2014 tornando sua perman\u00eancia no banco mais intrigante quando comparada a outros jogadores que podem n\u00e3o ostentar um conjunto de habilidades t\u00e3o variado. <\/p>\n<p>\u201cQuando voc\u00ea fala sobre um cara como Jayson Tatum, ele n\u00e3o est\u00e1 preso a uma posi\u00e7\u00e3o\u201d, acrescentou Perkins. \u201cJayson Tatum \u00e9 um jogador vers\u00e1til. \u2026 N\u00e3o importa o que voc\u00ea queira que ele jogue, ele tem 6-9 com um pacote vers\u00e1til em ambas as pontas da quadra. A \u00faltima vez que o Time EUA ganhou o ouro, Kevin Durant foi o melhor jogador. Voc\u00ea sabe quem foi o segundo melhor jogador? Foi Jayson Tatum.\u201d<\/p>\n<p>Perkins estava longe de ser a \u00fanica personalidade da ESPN a se ofender com a decis\u00e3o de Kerr de deixar Tatum sem jogar durante toda a vit\u00f3ria de domingo. <\/p>\n<p>\u201cSteve Kerr, isso \u00e9 um palavr\u00e3o\u201d, disse Stephen A. Smith em um v\u00eddeo postado em sua conta X. \u201cVoc\u00ea s\u00f3 pode estar brincando comigo. <\/p>\n<p>\u201cAh, essas pessoas est\u00e3o me dando nos nervos e ter (Tatum) passando por uma temporada inteira da NBA e depois passando pelos playoffs e conquistando um campeonato e ainda aproveitar sua offseason para se juntar ao Team USA e ter um campe\u00e3o no banco como se fosse um garoto da \u00e1gua \u2014 voc\u00ea deve estar brincando comigo. \u00c9 muito dif\u00edcil em um jogo de 40 minutos jogar com mais de 10 caras? \u00c9 o Team USA. Zero?\u201d<\/p>\n<figure class=\"wp-block-embed is-type-rich is-provider-twitter wp-block-embed-twitter\"\/>\n<p>Vale ressaltar que Kerr reconheceu no in\u00edcio desta semana que planeja escalar Tatum durante a pr\u00f3xima partida do Time EUA contra o Sud\u00e3o do Sul na quarta-feira. <\/p>\n<p>\u201cCom certeza a parte mais dif\u00edcil deste trabalho \u00e9 que voc\u00ea tem pelo menos dois caras que s\u00e3o de classe mundial, alguns dos melhores jogadores do mundo\u201d, <a target=\"_blank\" href=\"https:\/\/www.boston.com\/sports\/boston-celtics\/2024\/07\/29\/jayson-tatum-team-usa-olympic-basketball-steve-kerr-comments\/\" rel=\"noreferrer noopener\">Kerr disse aos rep\u00f3rteres na segunda-feira.<\/a><\/p>\n<p>\u201cPor um lado, n\u00e3o faz sentido algum\u201d, acrescentou Kerr. \u201cPor outro, estou pedindo a esses caras que se comprometam a vencer um jogo e depois passem para o pr\u00f3ximo. Tenho que fazer a mesma coisa. Eu senti como se [Sunday] noite essas foram as combina\u00e7\u00f5es que fizeram mais sentido. Jayson vai jogar [Wednesday].\u201d<\/p>\n<div class=\"m-block m-generic-cta\t m-generic-cta--post-content\t m-generic-cta--dark\t m-generic-cta--homepage\t m-generic-cta--email-signup\t\t m-generic-cta-block-style--default \tt-amp__generic-cta\"><\/p>\n<div class=\"m-generic-cta__wrap\">\n<div class=\"m-generic-cta__content\">\n<h3 class=\"m-generic-cta__title\">Inscreva-se para receber atualiza\u00e7\u00f5es do Celtics\ud83c\udfc0<\/h3>\n<p class=\"m-generic-cta__subtitle\">Receba not\u00edcias de \u00faltima hora e an\u00e1lises na sua caixa de entrada durante a temporada de basquete.<\/p>\n<\/p><\/div>\n<\/p><\/div>\n<\/div><\/div>\n<p><script>\n\t\tvar consent=\"grant\";\n\t\t\/* The above code is parsing the JSON data from the local storage and storing it in a variable. *\/\n\t\t\t\t\tconst onetrustStorageConsent = JSON.parse(localStorage.getItem( 'consent_one_trust_bdc' ) );\n\t\t\tif ( ( onetrustStorageConsent !== null ) ) {\n\t\t\t\t\/* Checking to see if the user has consented to the use of cookies.\n\t\t\t\t* If they have not, it is deleting the cookie.\n\t\t\t\t* This will comment for now, until further notice.\n\t\t\t\t*\/\n\t\t\t\t\/\/if ( onetrustStorageConsent.C0002 === false ) {\n\t\t\t\t\/\/\tdocument.cookie=\"_fbp=;expires=Thu, 01 Jan 2010 00:00:00 UTC; path=\/; domain=.boston.com\";\n\t\t\t\t\/\/}\n\t\t\t\t\/* Checking if the user has given consent for the cookie C0002.\n\t\t\t\t* If the user has given consent, the variable consent will be set to 'grant'.\n\t\t\t\t* If the user has not given consent,the variable consent will be set to 'revoke'.\n\t\t\t\t* Documentation https:\/\/developers.facebook.com\/docs\/meta-pixel\/implementation\/gdpr\n\t\t\t\t*\/\n\t\t\t\tif ( onetrustStorageConsent.C0002 !== true ) {\n\t\t\t\t\tconsent=\"revoke\";\n\t\t\t\t}\n\t\t\t}\n\t\t\t\t!function(f,b,e,v,n,t,s)\n\t\t{if(f.fbq)return;n=f.fbq=function(){n.callMethod?\n\t\tn.callMethod.apply(n,arguments):n.queue.push(arguments)};\n\t\tif(!f._fbq)f._fbq=n;n.push=n;n.loaded=!0;n.version='2.0';\n\t\tn.queue=[];t=b.createElement(e);t.async=!0;\n\t\tt.src=v;s=b.getElementsByTagName(e)[0];\n\t\ts.parentNode.insertBefore(t,s)}(window, document,'script',\n\t\t'https:\/\/connect.facebook.net\/en_US\/fbevents.js');\n\t\tfbq('consent', consent);\n\t\tfbq('init', '989222871864976');\n\t\tfbq('track', 'PageView');\n\t<\/script><script type=\"module\">\n\t\tvar consent=\"grant\";\n\t\t\/* The above code is parsing the JSON data from the local storage and storing it in a variable. *\/\n\t\t\tconst onetrustStorageConsent = JSON.parse(localStorage.getItem( 'consent_one_trust_bdc' ) );\n\t\t\t\/* Checking to see if the user has consented to the use of cookies.\n\t\t\t* If they have not, it is deleting the cookie.\n\t\t\t* This will comment for now, until further notice.\n\t\t\t*\/\n\t\t\t\/\/if ( onetrustStorageConsent.C0002 === false ) {\n\t\t\t\/\/\tdocument.cookie=\"_fbp=;expires=Thu, 01 Jan 2010 00:00:00 UTC; path=\/; domain=.boston.com\";\n\t\t\t\/\/}\n\t\t\t\/* Checking if the user has given consent for the cookie C0002.\n\t\t\t* If the user has given consent, the variable consent will be set to 'grant'.\n\t\t\t* If the user has not given consent,the variable consent will be set to 'revoke'.\n\t\t\t* Documentation https:\/\/developers.facebook.com\/docs\/meta-pixel\/implementation\/gdpr\n\t\t\t*\/\n\t\t\tif ( ( onetrustStorageConsent !== null ) && (onetrustStorageConsent.C0002 !== true ) ) {\n\t\t\t\tconsent=\"revoke\";\n\t\t\t}\n\t\t\t\t!function(f,b,e,v,n,t,s){if(f.fbq)return;n=f.fbq=function()\n\t\t{n.callMethod? n.callMethod.apply(n,arguments):n.queue.push(arguments)}\n\t\t;if(!f._fbq)f._fbq=n;\n\t\tn.push=n;n.loaded=!0;n.version='2.0';n.queue=[];t=b.createElement(e);t.async=!0;\n\t\tt.src=v;s=b.getElementsByTagName(e)[0];s.parentNode.insertBefore(t,s)}(window,\n\t\tdocument,'script','https:\/\/connect.facebook.net\/en_US\/fbevents.js');\n\t\tfbq('consent', consent);\n\t\tfbq('init', '813236348753005');\n\t\tfbq('track', \"PageView\");\n\t<\/script><br \/>\n<br \/><br \/>\n<br \/><a href=\"https:\/\/www.boston.com\/sports\/boston-celtics\/2024\/07\/30\/kendrick-perkins-jayson-tatum-benching-olympics-steve-kerr-team-usa\/\">Source link <\/a><\/p>","protected":false},"excerpt":{"rendered":"<p>Celtas &#8220;De jeito nenhum voc\u00ea vai me dizer que Jayson Tatum n\u00e3o ficou envergonhado.&#8221; Jayson Tatum deve jogar na pr\u00f3xima partida da sele\u00e7\u00e3o dos EUA contra o Sud\u00e3o do Sul&hellip;<\/p>","protected":false},"author":1,"featured_media":12249,"comment_status":"closed","ping_status":"open","sticky":false,"template":"","format":"standard","meta":{"content-type":"","footnotes":""},"categories":[1],"tags":[],"class_list":["post-12248","post","type-post","status-publish","format-standard","has-post-thumbnail","hentry","category-uncategorized"],"_links":{"self":[{"href":"https:\/\/tvbrazilusa.com\/pt\/wp-json\/wp\/v2\/posts\/12248","targetHints":{"allow":["GET"]}}],"collection":[{"href":"https:\/\/tvbrazilusa.com\/pt\/wp-json\/wp\/v2\/posts"}],"about":[{"href":"https:\/\/tvbrazilusa.com\/pt\/wp-json\/wp\/v2\/types\/post"}],"author":[{"embeddable":true,"href":"https:\/\/tvbrazilusa.com\/pt\/wp-json\/wp\/v2\/users\/1"}],"replies":[{"embeddable":true,"href":"https:\/\/tvbrazilusa.com\/pt\/wp-json\/wp\/v2\/comments?post=12248"}],"version-history":[{"count":1,"href":"https:\/\/tvbrazilusa.com\/pt\/wp-json\/wp\/v2\/posts\/12248\/revisions"}],"predecessor-version":[{"id":12250,"href":"https:\/\/tvbrazilusa.com\/pt\/wp-json\/wp\/v2\/posts\/12248\/revisions\/12250"}],"wp:featuredmedia":[{"embeddable":true,"href":"https:\/\/tvbrazilusa.com\/pt\/wp-json\/wp\/v2\/media\/12249"}],"wp:attachment":[{"href":"https:\/\/tvbrazilusa.com\/pt\/wp-json\/wp\/v2\/media?parent=12248"}],"wp:term":[{"taxonomy":"category","embeddable":true,"href":"https:\/\/tvbrazilusa.com\/pt\/wp-json\/wp\/v2\/categories?post=12248"},{"taxonomy":"post_tag","embeddable":true,"href":"https:\/\/tvbrazilusa.com\/pt\/wp-json\/wp\/v2\/tags?post=12248"}],"curies":[{"name":"wp","href":"https:\/\/api.w.org\/{rel}","templated":true}]}}