{"id":122503,"date":"2025-07-24T21:53:26","date_gmt":"2025-07-24T21:53:26","guid":{"rendered":"https:\/\/tvbrazilusa.com\/2025\/07\/24\/profissionais-discutem-as-disparidades-em-saude-mental-em-comunidades-minoritarias\/"},"modified":"2025-07-24T22:00:03","modified_gmt":"2025-07-24T22:00:03","slug":"profissionais-discutem-as-disparidades-em-saude-mental-em-comunidades-minoritarias","status":"publish","type":"post","link":"https:\/\/tvbrazilusa.com\/pt\/2025\/07\/24\/profissionais-discutem-as-disparidades-em-saude-mental-em-comunidades-minoritarias\/","title":{"rendered":"Profissionais discutem as disparidades em sa\u00fade mental em comunidades minorit\u00e1rias"},"content":{"rendered":"<script async src=\"https:\/\/pagead2.googlesyndication.com\/pagead\/js\/adsbygoogle.js?client=ca-pub-8864793242727901\"\r\n     crossorigin=\"anonymous\"><\/script>\n<p>HARTFORD, Connecticut (WTNH) &#8211; Os m\u00e9dicos e a comunidade est\u00e3o avaliando os desafios de sa\u00fade mental que as pessoas de cor enfrentam durante julho, pois \u00e9 o M\u00eas da Consci\u00eancia da Sa\u00fade Mental da Minoria Nacional.<\/p>\n<p>&#8220;Chamar a aten\u00e7\u00e3o para a sa\u00fade mental minorit\u00e1ria \u00e9 importante porque muitas vezes, quando as pessoas sentem que s\u00e3o minorizadas, est\u00e3o carregando um tipo diferente de fardo em seus ombros&#8221;, disse Javeed Sukhera, chefe de psiquiatria do Hospital Hartford. &#8220;Essa \u00e9 uma experi\u00eancia que qualquer um de n\u00f3s pode carregar. Qualquer um pode entrar na sala e sentir que n\u00e3o \u00e9 o mesmo que outras pessoas.&#8221; <\/p>\n<div class=\"nlp-ignore-block article-content rich-text\">\n<aside class=\"promo-link\">\n\t<a href=\"https:\/\/www.wtnh.com\/news\/health\/hartford-healthcare-cancer-institute-at-hospital-of-central-connecticut-celebrates-a-decade-of-care\/?ipid=promo-link-block1\" class=\"promo-link__link\" target=\"\"_blank\"\"><\/p>\n<p>\t\tInstituto de C\u00e2ncer de Hartford Healthcare no Hospital of Central Connecticut comemora uma d\u00e9cada de atendimento\t<\/a><br \/>\n<\/aside>\n<\/div>\n<p>Segundo especialistas m\u00e9dicos, alguns dos principais desafios incluem disparidades no campo da sa\u00fade. <\/p>\n<p>O Cirurgi\u00e3o Geral dos EUA relatou que as minorias t\u00eam menos probabilidade de receber um diagn\u00f3stico e tratamento para suas doen\u00e7as mentais. <\/p>\n<p>As autoridades dizem que esses grupos raciais e \u00e9tnicos tamb\u00e9m t\u00eam menos acesso a servi\u00e7os de sa\u00fade mental e muitas vezes recebem atendimento de baixa qualidade.<\/p>\n<div class=\"nlp-ignore-block article-content rich-text\">\n<aside class=\"promo-link\">\n\t<a href=\"https:\/\/www.wtnh.com\/news\/health\/ap-health-care-needs-to-diversify-its-workforce-to-get-rid-of-racial-inequalities-a-new-report-says\/?ipid=promo-link-block2\" class=\"promo-link__link\" target=\"\"_blank\"\"><\/p>\n<p>\t\tOs cuidados de sa\u00fade precisam diversificar sua for\u00e7a de trabalho para se livrar das desigualdades raciais, diz um novo relat\u00f3rio\t<\/a><br \/>\n<\/aside>\n<\/div>\n<p>&#8220;\u00c9 um problema na sociedade em que \u00e0s vezes n\u00e3o somos levados a s\u00e9rio, ou \u00e9 um caso em que somos negligenciados por ajuda que realmente precisamos&#8221;, disse David Calliste, de New Haven. <\/p>\n<p>Devido a isso, \u00e9 menos prov\u00e1vel que as minorias busquem servi\u00e7os de sa\u00fade mental. <\/p>\n<p>&#8220;H\u00e1 uma desconex\u00e3o porque eles provavelmente est\u00e3o assustados, como se ningu\u00e9m os ouviria ou o que for, mas eu tenho ouvido as pessoas para sempre&#8221;, disse Tyron McLamb, de New Haven, ao News 8.<\/p>\n<p>Para preencher essa lacuna, a representa\u00e7\u00e3o no campo da sa\u00fade tamb\u00e9m pode fazer a diferen\u00e7a, permitindo que os pacientes se sintam mais confort\u00e1veis, dizem profissionais do campo. <\/p>\n<p>&#8220;Acho que n\u00e3o prestamos aten\u00e7\u00e3o suficiente a esse assunto&#8221;, disse Marcus Hughes, professor assistente da Yale School of Medicine. &#8220;\u00c9 bom que haja um m\u00eas inteiro dedicado \u00e0 sa\u00fade mental minorit\u00e1ria, mas acho que precisamos expandir isso e faz\u00ea -lo o ano todo&#8221;.<\/p>\n<p><br \/>\n<br \/><a href=\"https:\/\/www.wtnh.com\/news\/connecticut\/hartford\/professionals-discuss-mental-health-disparities-in-minority-communities\/\">Source link <\/a><\/p>","protected":false},"excerpt":{"rendered":"<p>HARTFORD, Connecticut (WTNH) &#8211; Os m\u00e9dicos e a comunidade est\u00e3o avaliando os desafios de sa\u00fade mental que as pessoas de cor enfrentam durante julho, pois \u00e9 o M\u00eas da Consci\u00eancia&hellip;<\/p>","protected":false},"author":1,"featured_media":122504,"comment_status":"closed","ping_status":"open","sticky":false,"template":"","format":"standard","meta":{"content-type":"","footnotes":""},"categories":[1],"tags":[],"class_list":["post-122503","post","type-post","status-publish","format-standard","has-post-thumbnail","hentry","category-uncategorized"],"_links":{"self":[{"href":"https:\/\/tvbrazilusa.com\/pt\/wp-json\/wp\/v2\/posts\/122503","targetHints":{"allow":["GET"]}}],"collection":[{"href":"https:\/\/tvbrazilusa.com\/pt\/wp-json\/wp\/v2\/posts"}],"about":[{"href":"https:\/\/tvbrazilusa.com\/pt\/wp-json\/wp\/v2\/types\/post"}],"author":[{"embeddable":true,"href":"https:\/\/tvbrazilusa.com\/pt\/wp-json\/wp\/v2\/users\/1"}],"replies":[{"embeddable":true,"href":"https:\/\/tvbrazilusa.com\/pt\/wp-json\/wp\/v2\/comments?post=122503"}],"version-history":[{"count":1,"href":"https:\/\/tvbrazilusa.com\/pt\/wp-json\/wp\/v2\/posts\/122503\/revisions"}],"predecessor-version":[{"id":122505,"href":"https:\/\/tvbrazilusa.com\/pt\/wp-json\/wp\/v2\/posts\/122503\/revisions\/122505"}],"wp:featuredmedia":[{"embeddable":true,"href":"https:\/\/tvbrazilusa.com\/pt\/wp-json\/wp\/v2\/media\/122504"}],"wp:attachment":[{"href":"https:\/\/tvbrazilusa.com\/pt\/wp-json\/wp\/v2\/media?parent=122503"}],"wp:term":[{"taxonomy":"category","embeddable":true,"href":"https:\/\/tvbrazilusa.com\/pt\/wp-json\/wp\/v2\/categories?post=122503"},{"taxonomy":"post_tag","embeddable":true,"href":"https:\/\/tvbrazilusa.com\/pt\/wp-json\/wp\/v2\/tags?post=122503"}],"curies":[{"name":"wp","href":"https:\/\/api.w.org\/{rel}","templated":true}]}}