{"id":122606,"date":"2025-07-25T21:38:00","date_gmt":"2025-07-25T21:38:00","guid":{"rendered":"https:\/\/tvbrazilusa.com\/2025\/07\/25\/helio-lopes-acampa-em-frente-ao-stf-em-apoio-a-bolsonaro-tv-florida-usa-a-sua-tv-brasileira-nos-estados-unidos\/"},"modified":"2025-07-25T23:24:16","modified_gmt":"2025-07-25T23:24:16","slug":"helio-lopes-acampa-em-frente-ao-stf-em-apoio-a-bolsonaro-tv-florida-usa-a-sua-tv-brasileira-nos-estados-unidos","status":"publish","type":"post","link":"https:\/\/tvbrazilusa.com\/pt\/2025\/07\/25\/helio-lopes-acampa-em-frente-ao-stf-em-apoio-a-bolsonaro-tv-florida-usa-a-sua-tv-brasileira-nos-estados-unidos\/","title":{"rendered":"Helio Lopes acampa em frente ao STF em apoio a Bolsonaro \u2013 TV Florida USA \u2013 A sua TV Brasileira nos Estados Unidos"},"content":{"rendered":"<p> <script async src=\"https:\/\/pagead2.googlesyndication.com\/pagead\/js\/adsbygoogle.js?client=ca-pub-8864793242727901\"\r\n     crossorigin=\"anonymous\"><\/script><br \/>\n<\/p>\n<div>\n<p>Com a a\u00e7\u00e3o protocolada pelo senador Fl\u00e1vio Bolsonaro (PL-RJ) contra Alexandre de Moraes na 4\u00aa feira (23.jul.2025), o Senado tem agora 70 pedidos de impeachment parados contra ministros do STF (Supremo Tribunal Federal).<\/p>\n<p>A contagem \u00e9 feita a partir de 4 de janeiro de 2021, data em que Davi Alcolumbre (Uni\u00e3o Brasil-AP), ainda em seu 1\u00ba mandato \u00e0 frente da Casa, arquivou todos os pedidos de impeachment contra ministros do STF que tramitavam na Casa.\n<\/p>\n<p>Desde ent\u00e3o, Alexandre de Moraes \u00e9 o maior alvo. H\u00e1 29 pedidos de impeachment contra o ministro pendentes de an\u00e1lise. O n\u00famero representa 41% das representa\u00e7\u00f5es em tramita\u00e7\u00e3o contra integrantes da Corte.\n<\/p>\n<p>O presidente do Supremo, Roberto Barroso, aparece em seguida, com 19 pedidos de destitui\u00e7\u00e3o. Gilmar Mendes (7), Dias Toffoli (4), Edson Fachin (4), Fl\u00e1vio Dino (3), Carmen L\u00facia (3) e Luiz Fux (2) fecham a lista.<\/p>\n<div class=\"mvp-post-ad-wrap\"><span class=\"mvp-ad-label\">Publicidade<\/span><\/p>\n<div class=\"mvp-post-ad\"><a rel=\"nofollow\" target=\"_blank\" href=\"https:\/\/pay.cakto.com.br\/35dueap_485359\"><br \/><\/a><\/div>\n<\/div>\n<p>Dos 11 ministros que comp\u00f5em o tribunal atualmente, s\u00f3 3 n\u00e3o t\u00eam pedidos de impeachment contra si: Andr\u00e9 Mendon\u00e7a, Nunes Marques e Cristiano Zanin.\n<\/p>\n<div id=\"attachment_3369\" style=\"width: 690px\" class=\"wp-caption alignnone\"><img fetchpriority=\"high\" decoding=\"async\" aria-describedby=\"caption-attachment-3369\" class=\"wp-image-3369 size-large\" alt=\"\" width=\"680\" height=\"1024\" srcset=\"https:\/\/podernacional.com.br\/wp-content\/uploads\/2025\/07\/Poder-680x1024.png 680w, https:\/\/podernacional.com.br\/wp-content\/uploads\/2025\/07\/Poder-199x300.png 199w, https:\/\/podernacional.com.br\/wp-content\/uploads\/2025\/07\/Poder-8x12.png 8w, https:\/\/podernacional.com.br\/wp-content\/uploads\/2025\/07\/Poder.png 711w\" data-lazy-sizes=\"(max-width: 680px) 100vw, 680px\" src=\"https:\/\/podernacional.com.br\/wp-content\/uploads\/2025\/07\/Poder-680x1024.png\"\/><img loading=\"lazy\" decoding=\"async\" aria-describedby=\"caption-attachment-3369\" class=\"wp-image-3369 size-large\" src=\"https:\/\/podernacional.com.br\/wp-content\/uploads\/2025\/07\/Poder-680x1024.png\" alt=\"\" width=\"680\" height=\"1024\" srcset=\"https:\/\/podernacional.com.br\/wp-content\/uploads\/2025\/07\/Poder-680x1024.png 680w, https:\/\/podernacional.com.br\/wp-content\/uploads\/2025\/07\/Poder-199x300.png 199w, https:\/\/podernacional.com.br\/wp-content\/uploads\/2025\/07\/Poder-8x12.png 8w, https:\/\/podernacional.com.br\/wp-content\/uploads\/2025\/07\/Poder.png 711w\" sizes=\"auto, (max-width: 680px) 100vw, 680px\"\/><\/p>\n<p id=\"caption-attachment-3369\" class=\"wp-caption-text\">Foto: Poder 360<\/p>\n<\/div>\n<p>S\u00f3 nos primeiros 7 meses de 2025 o Senado recebeu mais pedidos de impeachment de ministros do que nos anos de 2024 e 2023. Foram 12 este ano, 2 no ano passado e 10 em 2023.\n<\/p>\n<p>Das 70 a\u00e7\u00f5es paradas na Casa Alta, 34 foram protocoladas em 2021. \u00c9 deste ano, inclusive, um requerimento que pede a destitui\u00e7\u00e3o dos 11 ministros que faziam parte da Corte \u00e0 \u00e9poca \u20138 ainda ocupam cadeiras no tribunal.\n<\/p>\n<p><strong>COMO FUNCIONA O IMPEACHMENT<\/strong>\n<\/p>\n<p>N\u00e3o h\u00e1 previs\u00e3o constitucional para impeachment de ministros do Supremo. A Constitui\u00e7\u00e3o determina que \u00e9 fun\u00e7\u00e3o do Senado Federal processar e julgar eventuais crimes de responsabilidade cometidos por magistrados da Corte.\n<\/p>\n<p>Qualquer cidad\u00e3o pode apresentar uma den\u00fancia contra um ministro do STF.<\/p>\n<div class=\"mvp-post-ad-wrap\"><span class=\"mvp-ad-label\">Publicidade<\/span><\/p>\n<div class=\"mvp-post-ad\"><a rel=\"nofollow\" target=\"_blank\" href=\"https:\/\/pay.cakto.com.br\/35dueap_485359\"><br \/><img width=\"1344\" height=\"890\" decoding=\"async\" alt=\"Banner do Livro\" style=\"max-width:100%; height:auto;\" src=\"https:\/\/podernacional.com.br\/wp-content\/uploads\/2025\/07\/Livro-Vozes-Que-Despertaram-o-Brasil.png\" data-rel=\"penci-gallery-image-content\" \/><img fetchpriority=\"high\" width=\"1344\" height=\"890\" decoding=\"async\" src=\"https:\/\/podernacional.com.br\/wp-content\/uploads\/2025\/07\/Livro-Vozes-Que-Despertaram-o-Brasil.png\" alt=\"Banner do Livro\" style=\"max-width:100%; height:auto;\"\/><\/a><\/div>\n<\/div>\n<p>As representa\u00e7\u00f5es devem ser protocoladas no Senado, onde recebem a denomina\u00e7\u00e3o \u201cPET\u201d (Peti\u00e7\u00e3o). Cabe ao presidente da Casa aceitar ou arquivar os requerimentos. N\u00e3o h\u00e1 prazo para an\u00e1lise.\n<\/p>\n<p>Caso decida aceitar, o presidente em exerc\u00edcio encaminha a peti\u00e7\u00e3o \u00e0 Advocacia do Senado, que faz uma avalia\u00e7\u00e3o t\u00e9cnica da proposta antes de ela ser analisada pela Comiss\u00e3o Diretora. S\u00f3 depois disso o impeachment pode ser levado para a delibera\u00e7\u00e3o dos senadores. Entenda mais sobre o processo nesta reportagem.\n<\/p>\n<p>At\u00e9 hoje, nunca foi aprovado um pedido de impeachment contra um ministro do STF.\n<\/p>\n<p><strong>Poder 360<\/strong>\n<\/p>\n<p>\u00a0<\/p>\n<div class=\"mvp-post-ad-wrap\"><span class=\"mvp-ad-label\">Publicidade<\/span><\/p>\n<div class=\"mvp-post-ad\"><a rel=\"nofollow\" target=\"_blank\" href=\"https:\/\/pay.cakto.com.br\/35dueap_485359\"><br \/><img width=\"1344\" height=\"890\" decoding=\"async\" alt=\"Banner do Livro\" style=\"max-width:100%; height:auto;\" src=\"https:\/\/podernacional.com.br\/wp-content\/uploads\/2025\/07\/Livro-Vozes-Que-Despertaram-o-Brasil.png\" data-rel=\"penci-gallery-image-content\" \/><img fetchpriority=\"high\" width=\"1344\" height=\"890\" decoding=\"async\" src=\"https:\/\/podernacional.com.br\/wp-content\/uploads\/2025\/07\/Livro-Vozes-Que-Despertaram-o-Brasil.png\" alt=\"Banner do Livro\" style=\"max-width:100%; height:auto;\"\/><\/a><\/div>\n<\/div>\n<\/div>\n<p><br \/>\n<br \/><a href=\"https:\/\/tvfloridausa.com\/2025\/07\/25\/helio-lopes-acampa-em-frente-ao-stf-em-apoio-a-bolsonaro\/\">Source link <\/a><\/p>","protected":false},"excerpt":{"rendered":"<p>Com a a\u00e7\u00e3o protocolada pelo senador Fl\u00e1vio Bolsonaro (PL-RJ) contra Alexandre de Moraes na 4\u00aa feira (23.jul.2025), o Senado tem agora 70 pedidos de impeachment parados contra ministros do STF&hellip;<\/p>","protected":false},"author":1,"featured_media":122607,"comment_status":"closed","ping_status":"open","sticky":false,"template":"","format":"standard","meta":{"content-type":"","footnotes":""},"categories":[22],"tags":[],"class_list":["post-122606","post","type-post","status-publish","format-standard","has-post-thumbnail","hentry","category-tv-florida-usa"],"_links":{"self":[{"href":"https:\/\/tvbrazilusa.com\/pt\/wp-json\/wp\/v2\/posts\/122606","targetHints":{"allow":["GET"]}}],"collection":[{"href":"https:\/\/tvbrazilusa.com\/pt\/wp-json\/wp\/v2\/posts"}],"about":[{"href":"https:\/\/tvbrazilusa.com\/pt\/wp-json\/wp\/v2\/types\/post"}],"author":[{"embeddable":true,"href":"https:\/\/tvbrazilusa.com\/pt\/wp-json\/wp\/v2\/users\/1"}],"replies":[{"embeddable":true,"href":"https:\/\/tvbrazilusa.com\/pt\/wp-json\/wp\/v2\/comments?post=122606"}],"version-history":[{"count":1,"href":"https:\/\/tvbrazilusa.com\/pt\/wp-json\/wp\/v2\/posts\/122606\/revisions"}],"predecessor-version":[{"id":122608,"href":"https:\/\/tvbrazilusa.com\/pt\/wp-json\/wp\/v2\/posts\/122606\/revisions\/122608"}],"wp:featuredmedia":[{"embeddable":true,"href":"https:\/\/tvbrazilusa.com\/pt\/wp-json\/wp\/v2\/media\/122607"}],"wp:attachment":[{"href":"https:\/\/tvbrazilusa.com\/pt\/wp-json\/wp\/v2\/media?parent=122606"}],"wp:term":[{"taxonomy":"category","embeddable":true,"href":"https:\/\/tvbrazilusa.com\/pt\/wp-json\/wp\/v2\/categories?post=122606"},{"taxonomy":"post_tag","embeddable":true,"href":"https:\/\/tvbrazilusa.com\/pt\/wp-json\/wp\/v2\/tags?post=122606"}],"curies":[{"name":"wp","href":"https:\/\/api.w.org\/{rel}","templated":true}]}}