{"id":12261,"date":"2024-07-30T13:51:43","date_gmt":"2024-07-30T13:51:43","guid":{"rendered":"https:\/\/tvbrazilusa.com\/2024\/07\/30\/depressao-tropical-pode-se-formar-ate-o-final-da-semana-veja-a-ultima-previsao-da-florida\/"},"modified":"2024-07-30T14:08:43","modified_gmt":"2024-07-30T14:08:43","slug":"depressao-tropical-pode-se-formar-ate-o-final-da-semana-veja-a-ultima-previsao-da-florida","status":"publish","type":"post","link":"https:\/\/tvbrazilusa.com\/pt\/2024\/07\/30\/depressao-tropical-pode-se-formar-ate-o-final-da-semana-veja-a-ultima-previsao-da-florida\/","title":{"rendered":"Depress\u00e3o tropical pode se formar at\u00e9 o final da semana: veja a \u00faltima previs\u00e3o da Fl\u00f3rida"},"content":{"rendered":"<p> <script async src=\"https:\/\/pagead2.googlesyndication.com\/pagead\/js\/adsbygoogle.js?client=ca-pub-8864793242727901\"\r\n     crossorigin=\"anonymous\"><\/script><br \/>\n<\/p>\n<div>\n<p>FL\u00d3RIDA \u2014 Aumentaram as chances de uma perturba\u00e7\u00e3o tropical no Atl\u00e2ntico se transformar em uma depress\u00e3o tropical no final desta semana, perto das Grandes Antilhas ou das Bahamas. <\/p>\n<\/div>\n<div>\n<p>Uma onda tropical a centenas de quil\u00f4metros a leste das Pequenas Antilhas na ter\u00e7a-feira de manh\u00e3 tem 60% de chance de se fortalecer nos pr\u00f3ximos sete dias, <a href=\"https:\/\/www.nhc.noaa.gov\/\" target=\"_blank\" rel=\"nofollow noopener\">de acordo com o Centro Nacional de Furac\u00f5es.<\/a> <\/p>\n<p>\u201cAs condi\u00e7\u00f5es est\u00e3o previstas para se tornarem um pouco mais favor\u00e1veis \u200b\u200bao desenvolvimento nas \u00e1guas mais quentes do sudoeste do Oceano Atl\u00e2ntico\u201d, disseram os meteorologistas do NHC. <\/p>\n<\/div>\n<div>\n<p>Se se transformar em uma tempestade tropical, ser\u00e1 Debby, a quarta tempestade com nome da temporada de furac\u00f5es no Atl\u00e2ntico de 2024.<\/p>\n<p><a href=\"https:\/\/patch.com\/florida\/southtampa\/tropical-storm-could-form-atlantic-move-toward-fl-forecasters\"\/>A perturba\u00e7\u00e3o tropical est\u00e1 atualmente produzindo chuvas limitadas por causa do ar seco causado pela poeira do Saara pela qual est\u00e1 passando.<\/p>\n<\/div>\n<div>\n<p>\u201cEsse ar seco manter\u00e1 uma tampa tempor\u00e1ria no desenvolvimento. No entanto, esse sistema pode ter umidade suficiente para se isolar quando seguir mais para o oeste,\u201d <a href=\"https:\/\/weather.com\/storms\/hurricane\/news\/2024-07-29-tropical-storm-possible-bahamas-southeast-us\" target=\"_blank\" rel=\"nofollow noopener\">de acordo com meteorologistas do Weather Channel.<\/a> \u201cModelos de computador sugerem que o cisalhamento do vento pode ser relativamente leve, ent\u00e3o isso tamb\u00e9m pode favorecer o desenvolvimento posterior. Tamb\u00e9m h\u00e1 bastante \u00e1gua morna do oceano \u00e0 frente deste sistema para alimentar seu desenvolvimento perto das Bahamas.\u201d<\/p>\n<p>Ainda h\u00e1 incerteza sobre para onde a tempestade ir\u00e1 depois das Bahamas e se seguir\u00e1 em dire\u00e7\u00e3o \u00e0 Fl\u00f3rida.<\/p>\n<\/div>\n<div>\n<p>\u201cSe a tempestade seguir para o norte das grandes ilhas do norte do Caribe no final desta semana, provavelmente ser\u00e1 uma preocupa\u00e7\u00e3o para a Costa Leste dos EUA mais tarde\u201d, <a href=\"https:\/\/www.accuweather.com\/en\/hurricane\/caribbean-and-us-on-alert-as-tropical-rainstorm-may-strengthen\/1673320?partner=web_patch_adc\" target=\"_blank\" rel=\"nofollow noopener\">Os meteorologistas da AccuWeather disseram<\/a>. \u201cPor outro lado, se a tempestade se deslocar para o sul das grandes ilhas, pode ser mais preocupante para a Costa do Golfo dos EUA mais tarde.\u201d<\/p>\n<p>Enquanto isso, grande parte da Fl\u00f3rida continuar\u00e1 a ver tempestades di\u00e1rias de ver\u00e3o, incluindo a \u00e1rea da Ba\u00eda de Tampa, de acordo com as \u00faltimas <a href=\"https:\/\/www.weather.gov\/tbw\/\" target=\"_blank\" rel=\"nofollow noopener\">previs\u00e3o do Servi\u00e7o Nacional de Meteorologia<\/a>: <\/p>\n<\/div>\n<p><br \/>\n<br \/><a href=\"http:\/\/patch.com\/florida\/southtampa\/tropics-timeline-tropical-depression-could-form-weeks-end?utm_source=article-mostrecent&#038;utm_medium=rss&#038;utm_term=weather&#038;utm_campaign=recirc&#038;utm_content=aol\">Source link <\/a><\/p>","protected":false},"excerpt":{"rendered":"<p>FL\u00d3RIDA \u2014 Aumentaram as chances de uma perturba\u00e7\u00e3o tropical no Atl\u00e2ntico se transformar em uma depress\u00e3o tropical no final desta semana, perto das Grandes Antilhas ou das Bahamas. Uma onda&hellip;<\/p>","protected":false},"author":1,"featured_media":12262,"comment_status":"closed","ping_status":"open","sticky":false,"template":"","format":"standard","meta":{"content-type":"","footnotes":""},"categories":[1],"tags":[],"class_list":["post-12261","post","type-post","status-publish","format-standard","has-post-thumbnail","hentry","category-uncategorized"],"_links":{"self":[{"href":"https:\/\/tvbrazilusa.com\/pt\/wp-json\/wp\/v2\/posts\/12261","targetHints":{"allow":["GET"]}}],"collection":[{"href":"https:\/\/tvbrazilusa.com\/pt\/wp-json\/wp\/v2\/posts"}],"about":[{"href":"https:\/\/tvbrazilusa.com\/pt\/wp-json\/wp\/v2\/types\/post"}],"author":[{"embeddable":true,"href":"https:\/\/tvbrazilusa.com\/pt\/wp-json\/wp\/v2\/users\/1"}],"replies":[{"embeddable":true,"href":"https:\/\/tvbrazilusa.com\/pt\/wp-json\/wp\/v2\/comments?post=12261"}],"version-history":[{"count":1,"href":"https:\/\/tvbrazilusa.com\/pt\/wp-json\/wp\/v2\/posts\/12261\/revisions"}],"predecessor-version":[{"id":12263,"href":"https:\/\/tvbrazilusa.com\/pt\/wp-json\/wp\/v2\/posts\/12261\/revisions\/12263"}],"wp:featuredmedia":[{"embeddable":true,"href":"https:\/\/tvbrazilusa.com\/pt\/wp-json\/wp\/v2\/media\/12262"}],"wp:attachment":[{"href":"https:\/\/tvbrazilusa.com\/pt\/wp-json\/wp\/v2\/media?parent=12261"}],"wp:term":[{"taxonomy":"category","embeddable":true,"href":"https:\/\/tvbrazilusa.com\/pt\/wp-json\/wp\/v2\/categories?post=12261"},{"taxonomy":"post_tag","embeddable":true,"href":"https:\/\/tvbrazilusa.com\/pt\/wp-json\/wp\/v2\/tags?post=12261"}],"curies":[{"name":"wp","href":"https:\/\/api.w.org\/{rel}","templated":true}]}}