{"id":122628,"date":"2025-07-26T13:40:00","date_gmt":"2025-07-26T13:40:00","guid":{"rendered":"https:\/\/tvbrazilusa.com\/2025\/07\/26\/70-das-cidades-violentas-do-brasil-estao-em-estados-sob-gestao-do-pt-tv-florida-usa-a-sua-tv-brasileira-nos-estados-unidos\/"},"modified":"2025-07-26T15:48:40","modified_gmt":"2025-07-26T15:48:40","slug":"70-das-cidades-violentas-do-brasil-estao-em-estados-sob-gestao-do-pt-tv-florida-usa-a-sua-tv-brasileira-nos-estados-unidos","status":"publish","type":"post","link":"https:\/\/tvbrazilusa.com\/pt\/2025\/07\/26\/70-das-cidades-violentas-do-brasil-estao-em-estados-sob-gestao-do-pt-tv-florida-usa-a-sua-tv-brasileira-nos-estados-unidos\/","title":{"rendered":"70% das cidades violentas do Brasil est\u00e3o em estados sob gest\u00e3o do PT \u2013 TV Florida USA \u2013 A sua TV Brasileira nos Estados Unidos"},"content":{"rendered":"<p> <script async src=\"https:\/\/pagead2.googlesyndication.com\/pagead\/js\/adsbygoogle.js?client=ca-pub-8864793242727901\"\r\n     crossorigin=\"anonymous\"><\/script><br \/>\n<\/p>\n<div>\n<p>A Justi\u00e7a Eleitoral de Minas Gerais acolheu, nesta sexta-feira (25), den\u00fancia do Minist\u00e9rio P\u00fablico Eleitoral (MPE-MG) contra o deputado federal <strong>Nikolas Ferreira<\/strong> (PL). Se condenado, Ferreira poder\u00e1 ser obrigado a pagar indeniza\u00e7\u00e3o e ter\u00e1 seus direitos pol\u00edticos cassados.<\/p>\n<p>Al\u00e9m de Nikolas Ferreira, tamb\u00e9m foram denunciados: o deputado estadual <strong>Bruno Engler<\/strong> (PL-MG), a deputada estadual <strong>Delegada Sheila <\/strong>(PL-MG) e <strong>Cl\u00e1udia Ara\u00fajo Romualdo<\/strong>, que foi candidata \u00e0 vice-prefeita de Belo Horizonte na chapa de Bruno Engler e \u00e9 presidente do PL-Mulher em Minas Gerais.\n<\/p>\n<p>Todos os denunciados s\u00e3o acusados de usar as redes sociais para disseminar informa\u00e7\u00f5es falsas contra <strong>Fuad Noman<\/strong> (PSD), ent\u00e3o candidato \u00e0 reelei\u00e7\u00e3o \u00e0 prefeitura de Belo Horizonte, que venceu o pleito contra Bruno Engler, no entanto, Noman veio a falecer logo depois em decorr\u00eancia de um c\u00e2ncer.\n<\/p>\n<p>Em sua decis\u00e3o, o juiz da 29\u00aa Zona Eleitoral de Belo Horizonte, <strong>Marcos Ant\u00f4nio da Silva<\/strong>, acatou a den\u00fancia do MP-MG contra Nikolas Ferreira e os demais envolvidos, e deu o prazo de dez dias para que apresentem suas respectivas defesas.<\/p>\n<div class=\"mvp-post-ad-wrap\"><span class=\"mvp-ad-label\">Publicidade<\/span><\/p>\n<div class=\"mvp-post-ad\"><a rel=\"nofollow\" target=\"_blank\" href=\"https:\/\/pay.cakto.com.br\/35dueap_485359\"><br \/><\/a><\/div>\n<\/div>\n<p>Caso condenados, ter\u00e3o de pagar indeniza\u00e7\u00e3o e perder\u00e3o seus direitos pol\u00edticos, o que acarretaria na perda dos mandatos e inelegibilidade por oito anos.\n<\/p>\n<h2><strong>Entenda a den\u00fancia contra Nikolas Ferreira\u00a0<\/strong><\/h2>\n<p>Conforme o MP, os denunciados propagaram, de forma intencional, informa\u00e7\u00f5es falsas para prejudicar a candidatura do ent\u00e3o prefeito e beneficiar seu advers\u00e1rio no segundo turno do pleito.\n<\/p>\n<p>Foi utilizado, inclusive, um trecho descontextualizado do livro \u201cCobi\u00e7a\u201d, escrito por Fuad, o associando falsamente a uma suposta exposi\u00e7\u00e3o de crian\u00e7as a conte\u00fado impr\u00f3prio, durante festival de quadrinhos promovido pela prefeitura.\n<\/p>\n<p>O caso teve origem na\u00a0divulga\u00e7\u00e3o de v\u00eddeos em que Nikolas e\u00a0Engler criticavam a obra de fic\u00e7\u00e3o. O MP afirmou que os deputados agiram com \u201cdifama\u00e7\u00e3o\u201d ao vincular o conte\u00fado do livro, que inclui uma cena de viol\u00eancia sexual fict\u00edcia, \u00e0 gest\u00e3o do ent\u00e3o prefeito.\n<\/p>\n<h2><strong>\u201cLeviano e injusto\u201d<\/strong><\/h2>\n<p>\u201c<strong>De forma leviana e injusta<\/strong>, conectou a obra de fic\u00e7\u00e3o a um evento real\u201d, destacou o MP a respeito das declara\u00e7\u00f5es de Nikolas, que classificou o livro como <strong>\u201cpornogr\u00e1fico\u201d<\/strong> e afirmou que \u201co problema \u00e9 quando a fic\u00e7\u00e3o vira a realidade\u201d.<\/p>\n<div class=\"mvp-post-ad-wrap\"><span class=\"mvp-ad-label\">Publicidade<\/span><\/p>\n<div class=\"mvp-post-ad\"><a rel=\"nofollow\" target=\"_blank\" href=\"https:\/\/pay.cakto.com.br\/35dueap_485359\"><br \/><img fetchpriority=\"high\" width=\"1344\" height=\"890\" decoding=\"async\" alt=\"Banner do Livro\" style=\"max-width:100%; height:auto;\" src=\"https:\/\/podernacional.com.br\/wp-content\/uploads\/2025\/07\/Livro-Vozes-Que-Despertaram-o-Brasil.png\" data-rel=\"penci-gallery-image-content\" \/><img fetchpriority=\"high\" width=\"1344\" height=\"890\" decoding=\"async\" src=\"https:\/\/podernacional.com.br\/wp-content\/uploads\/2025\/07\/Livro-Vozes-Que-Despertaram-o-Brasil.png\" alt=\"Banner do Livro\" style=\"max-width:100%; height:auto;\"\/><\/a><\/div>\n<\/div>\n<p>A\u00a0den\u00fancia apontou que <strong>Nikolas descumpriu ordem judicial<\/strong> para remover o v\u00eddeo original de suas redes sociais, em outubro de 2024, e, tamb\u00e9m, \u201cpassou a debochar publicamente da decis\u00e3o\u201d, ao postar\u00a0novo conte\u00fado repetindo as acusa\u00e7\u00f5es.\n<\/p>\n<p>Al\u00e9m de Nikolas e Engler, mais duas pessoas foram denunciadas pelo MP.\u00a0<strong>Coronel Cl\u00e1udia (PL)<\/strong>, candidata a vice-prefeita na chapa de Bruno Engler, e a deputada estadual <strong>Delegada Sheila (PL)<\/strong>.\n<\/p>\n<\/div>\n<p><br \/>\n<br \/><a href=\"https:\/\/tvfloridausa.com\/2025\/07\/26\/70-das-cidades-violentas-do-brasil-estao-em-estados-sob-gestao-do-pt\/\">Source link <\/a><\/p>","protected":false},"excerpt":{"rendered":"<p>A Justi\u00e7a Eleitoral de Minas Gerais acolheu, nesta sexta-feira (25), den\u00fancia do Minist\u00e9rio P\u00fablico Eleitoral (MPE-MG) contra o deputado federal Nikolas Ferreira (PL). Se condenado, Ferreira poder\u00e1 ser obrigado a&hellip;<\/p>","protected":false},"author":1,"featured_media":122607,"comment_status":"closed","ping_status":"open","sticky":false,"template":"","format":"standard","meta":{"content-type":"","footnotes":""},"categories":[22],"tags":[],"class_list":["post-122628","post","type-post","status-publish","format-standard","has-post-thumbnail","hentry","category-tv-florida-usa"],"_links":{"self":[{"href":"https:\/\/tvbrazilusa.com\/pt\/wp-json\/wp\/v2\/posts\/122628","targetHints":{"allow":["GET"]}}],"collection":[{"href":"https:\/\/tvbrazilusa.com\/pt\/wp-json\/wp\/v2\/posts"}],"about":[{"href":"https:\/\/tvbrazilusa.com\/pt\/wp-json\/wp\/v2\/types\/post"}],"author":[{"embeddable":true,"href":"https:\/\/tvbrazilusa.com\/pt\/wp-json\/wp\/v2\/users\/1"}],"replies":[{"embeddable":true,"href":"https:\/\/tvbrazilusa.com\/pt\/wp-json\/wp\/v2\/comments?post=122628"}],"version-history":[{"count":1,"href":"https:\/\/tvbrazilusa.com\/pt\/wp-json\/wp\/v2\/posts\/122628\/revisions"}],"predecessor-version":[{"id":122629,"href":"https:\/\/tvbrazilusa.com\/pt\/wp-json\/wp\/v2\/posts\/122628\/revisions\/122629"}],"wp:featuredmedia":[{"embeddable":true,"href":"https:\/\/tvbrazilusa.com\/pt\/wp-json\/wp\/v2\/media\/122607"}],"wp:attachment":[{"href":"https:\/\/tvbrazilusa.com\/pt\/wp-json\/wp\/v2\/media?parent=122628"}],"wp:term":[{"taxonomy":"category","embeddable":true,"href":"https:\/\/tvbrazilusa.com\/pt\/wp-json\/wp\/v2\/categories?post=122628"},{"taxonomy":"post_tag","embeddable":true,"href":"https:\/\/tvbrazilusa.com\/pt\/wp-json\/wp\/v2\/tags?post=122628"}],"curies":[{"name":"wp","href":"https:\/\/api.w.org\/{rel}","templated":true}]}}