{"id":122727,"date":"2025-07-28T18:50:13","date_gmt":"2025-07-28T18:50:13","guid":{"rendered":"https:\/\/tvbrazilusa.com\/2025\/07\/28\/motoristas-negros-citados-com-mais-frequencia-por-dirigir-sem-farois-jacksonville-hoje\/"},"modified":"2025-07-28T18:57:19","modified_gmt":"2025-07-28T18:57:19","slug":"motoristas-negros-citados-com-mais-frequencia-por-dirigir-sem-farois-jacksonville-hoje","status":"publish","type":"post","link":"https:\/\/tvbrazilusa.com\/pt\/2025\/07\/28\/motoristas-negros-citados-com-mais-frequencia-por-dirigir-sem-farois-jacksonville-hoje\/","title":{"rendered":"Motoristas negros citados com mais frequ\u00eancia por dirigir sem far\u00f3is | Jacksonville hoje"},"content":{"rendered":"<p> <script async src=\"https:\/\/pagead2.googlesyndication.com\/pagead\/js\/adsbygoogle.js?client=ca-pub-8864793242727901\"\r\n     crossorigin=\"anonymous\"><\/script><br \/>\n<\/p>\n<div>\n<p>Dirigindo na chuva sem far\u00f3is &#8211; a raz\u00e3o pela qual William McNeil Jr. foi parado antes de ser atingido e depois arrastado de seu carro pelos deputados do xerife de Jacksonville &#8211; \u00e9 uma infra\u00e7\u00e3o extremamente rara no condado de Duval. Mas \u00e9 menos raro se voc\u00ea \u00e9 preto como McNeil, de acordo com mais de tr\u00eas anos de dados de parada de tr\u00e2nsito obtidos pelo tribut\u00e1rio. <\/p>\n<p>O v\u00eddeo da parada de fevereiro, filmado do celular de McNeil, se tornou viral na semana passada e levou uma blitz de rela\u00e7\u00f5es p\u00fablicas pelo xerife de Jacksonville, TK Waters, a defender o manuseio da pris\u00e3o de sua ag\u00eancia, que, segundo ele, permanece sob uma revis\u00e3o administrativa. O escrit\u00f3rio do procurador estadual limpou a parada de tr\u00e2nsito de quaisquer acusa\u00e7\u00f5es criminais por parte da pol\u00edcia, disseram as autoridades.<\/p>\n<p>No entanto, a parada de tr\u00e2nsito reabriu perguntas de longa data sobre como o escrit\u00f3rio do xerife trata os residentes negros e a sabedoria do que \u00e9 conhecido como tr\u00e1fego &#8220;pr\u00e9-textual&#8221; para-uma t\u00e1tica na qual a pol\u00edcia interrompe os motoristas por pequenas infra\u00e7\u00f5es de tr\u00e2nsito com o objetivo subjacente de procurar o carro. Cr\u00edticos de tais paradas disseram que <a href=\"https:\/\/www.policingproject.org\/pretextual-traffic\" rel=\"nofollow noopener\" target=\"_blank\">afetar desproporcionalmente motoristas negros<\/a> e corroem a confian\u00e7a da comunidade.<\/p>\n<p>O escrit\u00f3rio do xerife de Jacksonville n\u00e3o respondeu a uma lista de perguntas sobre os dados enviados na semana passada.<\/p>\n<p>Os n\u00fameros de cita\u00e7\u00e3o obtidos pelo tribut\u00e1rio sugerem que os drivers negros s\u00e3o examinados muito mais de perto do que os motoristas brancos. <\/p>\n<p>De 2021 a julho deste ano, os deputados do escrit\u00f3rio do xerife de Jacksonville escreveram ingressos para &#8220;No Headlamps&#8221; na chuva, neblina ou fuma\u00e7a pelo menos 78 vezes, segundo registros do Duval Clerk of Courts. A grande maioria &#8211; cerca de 63% &#8211; foi para motoristas negros. <\/p>\n<p>Regina Wright, advogada de defesa local, n\u00e3o ficou surpresa com o n\u00famero desproporcional de motoristas negros parados.<\/p>\n<p>&#8220;\u00c9 assim que eles policiam principalmente bairros negros&#8221;, disse ela ao tribut\u00e1rio. &#8220;Eles procuram pequenas ofensas de tr\u00e2nsito para que pudessem parar o carro, possivelmente cheiram a maconha e pesquisam o carro&#8221;.<\/p>\n<p>Para uma ag\u00eancia que conduz dezenas de milhares de paradas de tr\u00e2nsito a cada ano, a viola\u00e7\u00e3o do farol \u00e9 uma cita\u00e7\u00e3o obscura. Por outro lado, uma solicita\u00e7\u00e3o semelhante para dados sobre viola\u00e7\u00f5es do cinto de seguran\u00e7a no mesmo per\u00edodo gerou mais de 20.000 cita\u00e7\u00f5es.<\/p>\n<p>Esses dados s\u00e3o baseados em cita\u00e7\u00f5es registradas pelo escrit\u00f3rio do funcion\u00e1rio e fornecidas ao tribut\u00e1rio, para todas as cita\u00e7\u00f5es dadas aos motoristas sob o mesmo estatuto estadual que McNeil foi multado.<\/p>\n<p>Do n\u00famero total de ingressos analisados pelo tribut\u00e1rio, oito inclu\u00edram cita\u00e7\u00f5es dadas por outros departamentos de pol\u00edcia do condado de Duval ou pela Patrulha Rodovi\u00e1ria da Fl\u00f3rida. Apenas tr\u00eas desses ingressos &#8211; ou 37,5% &#8211; foram dados a motoristas negros. <\/p>\n<p>Embora a viola\u00e7\u00e3o seja citada, em m\u00e9dia, apenas duas vezes por m\u00eas no Condado de Duval, o tribut\u00e1rio constatou que um oficial de patrulha \u00e9 respons\u00e1vel por mais de um quarto de todos os ingressos e que, em um dia em agosto do ano passado, ele citou 17 pessoas dentro de 3 horas e meio, com a maioria desses ingressos escritos com apenas cinco a 10 minutos de intervalo. <\/p>\n<p>McNeil, ao lado de seu advogado, o advogado nacional dos direitos civis Ben Crump, disse na semana passada que planeja processar o escrit\u00f3rio do xerife, o oficial que deu um soco e arrastou para fora de seu carro e os outros oficiais que estavam envolvidos em sua parada. <\/p>\n<h3 class=\"wp-block-heading\" id=\"mcneils-stop\">Parada de McNeil<\/h3>\n<p>Quando o policial Donald Bowers puxou McNeil em um bairro perto do cruzamento da Edgewood Avenue North e da Commonwealth Avenue no Westside, McNeil imediatamente abriu a porta lateral do motorista para perguntar por que ele foi parado. Ele explicou a Bowers que sua janela n\u00e3o funcionou. <\/p>\n<p>Bowers disse que estava puxando -o por n\u00e3o ter as luzes acesas e por n\u00e3o usar cinto de seguran\u00e7a. McNeil disse que n\u00e3o estava chovendo e Bowers respondeu que n\u00e3o iria discutir com ele.<\/p>\n<p>Havia gotas de chuva no carro de McNeil, mas n\u00e3o estava chovendo em nenhum dos v\u00eddeos da c\u00e2mera corporal lan\u00e7ados pelo escrit\u00f3rio do xerife.<\/p>\n<p>McNeil fechou a porta e <a href=\"https:\/\/abcnews.go.com\/US\/scared-man-punched-viral-jacksonville-traffic-stop-speaks\/story?id=123990975\" target=\"_blank\" rel=\"noreferrer noopener nofollow\">come\u00e7ou a gravar de dentro de seu carro<\/a>. Bowers disse a McNeil v\u00e1rias vezes para sair do carro e disse que estava preso por resistir sem viol\u00eancia, ent\u00e3o ele ligou para Backup. Eventualmente, pelo menos tr\u00eas outros policiais apareceram at\u00e9 a parada.<\/p>\n<p>McNeil pediu ao policial que ligasse para seu supervisor v\u00e1rias vezes. Mais tarde, ele disse em uma entrevista coletiva que n\u00e3o saiu do carro porque estava com medo.<\/p>\n<p>Cerca de tr\u00eas minutos ap\u00f3s a parada, um segundo oficial parou e come\u00e7ou a conversar com McNeil a partir da janela do lado do passageiro. Apenas 57 segundos na conversa deles, Bowers disse que estava indo para <a href=\"https:\/\/www.youtube.com\/watch?v=p_c9fXozfas\" target=\"_blank\" rel=\"noreferrer noopener nofollow\">Quebre a janela<\/a> e fez. <\/p>\n<p>O v\u00eddeo de McNeil mostra que Bowers atingiu um McNeil im\u00f3vel na cara antes de desbloquear a porta e arrast\u00e1 -lo para fora do carro. McNeil levantou as m\u00e3os quando informado e n\u00e3o resistiu a ser algemado. Um relat\u00f3rio da pol\u00edcia diz que deu um soco em McNeil mais seis vezes na coxa direita.<\/p>\n<p>O golpe no rosto de McNeil n\u00e3o pode ser visto nas filmagens da c\u00e2mera corporal, que foi posicionada em um \u00e2ngulo diferente do celular no carro de McNeil, e a greve n\u00e3o foi mencionada no relat\u00f3rio da pris\u00e3o. <\/p>\n<p>Os policiais tamb\u00e9m escreveram em uma forma de resposta \u00e0 resist\u00eancia que McNeil pegou uma faca que estava em sua t\u00e1bua, que foi descoberta depois que ele foi algemado.<\/p>\n<p>Nenhum dos v\u00eddeos de volta a essa reivindica\u00e7\u00e3o.<\/p>\n<h3 class=\"wp-block-heading\" id=\"jsos-response\">A resposta do escrit\u00f3rio do xerife<\/h3>\n<p>O pr\u00f3prio v\u00eddeo de McNeil, que ele postou nas m\u00eddias sociais em 20 de julho, provocou indigna\u00e7\u00e3o em todo o pa\u00eds e levou Waters para realizar uma entrevista coletiva e lan\u00e7ar imagens de c\u00e2mera corporal no dia seguinte.<\/p>\n<p>McNeil pediu que ele puxasse a lei, e Miller recusou at\u00e9 que ele saiu do ve\u00edculo. Logo depois disso \u00e9 quando Bowers quebrou a janela. <\/p>\n<p>Waters disse que o Minist\u00e9rio P\u00fablico j\u00e1 havia liberado os oficiais de quaisquer acusa\u00e7\u00f5es criminais e que seu escrit\u00f3rio ainda estava investigando a parada internamente por poss\u00edveis viola\u00e7\u00f5es das regras do departamento. <\/p>\n<p>Waters n\u00e3o reconheceu que a parada era pretextual, embora em uma entrevista em <a href=\"https:\/\/www.youtube.com\/watch?v=ZlsSdloNvWA\" rel=\"nofollow noopener\" target=\"_blank\"><em>First Coast Connect<\/em><\/a> Na semana passada, ele observou que essas paradas s\u00e3o legais. &#8220;Dirigir n\u00e3o \u00e9 o seu direito&#8221;, disse Waters. &#8220;Dirigir \u00e9 um privil\u00e9gio que lhe \u00e9 oferecido pelo estado da Fl\u00f3rida. Se voc\u00ea for interrompido por um motivo legal, ter\u00e1 que cumprir.&#8221;<\/p>\n<p>Wright, advogado de defesa, disse que o golpe reflete o que os oficiais do xerife s\u00e3o treinados para fazer.<\/p>\n<p>&#8220;O soco foi ultrajante, mas est\u00e1 na pol\u00edtica da JSO. \u00c9 como eles s\u00e3o treinados&#8221;, disse ela. &#8220;Ouvi uma e outra vez em depoimentos em que os policiais n\u00e3o tinham medo de dizer que os chamam de ataques de conformidade &#8230; essa for\u00e7a n\u00e3o \u00e9 incomum.&#8221;<\/p>\n<h3 class=\"wp-block-heading\" id=\"what-the-data-shows\">O que os dados mostram<\/h3>\n<p>McNeil \u00e9 um dos 78 motoristas que foram parados no escrit\u00f3rio do xerife por dirigir sem os far\u00f3is durante o mau tempo desde janeiro de 2021. <\/p>\n<p>Durante sua parada, McNeil disse aos policiais que n\u00e3o estava chovendo, ao qual o policial Miller respondeu: &#8220;N\u00e3o importa que voc\u00ea ainda seja necess\u00e1rio ter luzes acesas&#8221;.<\/p>\n<p>Estado <a href=\"https:\/\/www.flsenate.gov\/Laws\/Statutes\/2018\/0316.217\" rel=\"nofollow noopener\" target=\"_blank\">Estatuto diz que os motoristas <\/a>Deve ter as luzes acesas &#8220;durante qualquer chuva, fuma\u00e7a ou neblina&#8221;. <\/p>\n<p>Dos 77 outros ingressos, um oficial &#8211; B. Reinert &#8211; \u00e9 respons\u00e1vel por pelo menos 28 deles, 19 a mais do que o pr\u00f3ximo oficial mais alto. E desses, 17 ocorreram na manh\u00e3 de 6 de agosto de 2024, um dia em que os relat\u00f3rios meteorol\u00f3gicos dizem que estava enevoando em Jacksonville.<\/p>\n<p>Os motoristas foram parados na Highway 115, com a maioria deles no leste de J. Turner Butler Boulevard East, na rampa, perto do centro da cidade de St. Johns. <\/p>\n<p>Em sete desses casos, Reinert escreveu uma cita\u00e7\u00e3o dentro de cinco a sete minutos um do outro. <\/p>\n<p>O escrit\u00f3rio do xerife n\u00e3o respondeu a perguntas sobre as pr\u00e1ticas de cita\u00e7\u00e3o de Reinert.<\/p>\n<p>Wright disse que dirigir com os far\u00f3is quando est\u00e1 chovendo \u00e9 um motivo leg\u00edtimo para afastar algu\u00e9m, mas ela concordou que o v\u00eddeo n\u00e3o mostra a chuva caindo durante a parada. <\/p>\n<p>Ela tamb\u00e9m disse que, durante uma parada legal, os motoristas precisam cumprir e sair do ve\u00edculo, se solicitados, e devem dar identifica\u00e7\u00e3o aos policiais.<\/p>\n<p><em><em>Esta hist\u00f3ria \u00e9 publicada atrav\u00e9s de uma parceria entre <\/em><a href=\"https:\/\/jaxtoday.org\/\">Jacksonville hoje<\/a><em> e <a href=\"http:\/\/jaxtrib.com\/\" target=\"_blank\" rel=\"noreferrer noopener nofollow\">O afluente<\/a>.<\/em><\/em><\/p>\n<\/div>\n<p><br \/>\n<br \/><a href=\"https:\/\/jaxtoday.org\/2025\/07\/28\/black-drivers-cited-more-often-for-violation-that-led-to-viral-arrest\/\">Source link <\/a><\/p>","protected":false},"excerpt":{"rendered":"<p>Dirigindo na chuva sem far\u00f3is &#8211; a raz\u00e3o pela qual William McNeil Jr. foi parado antes de ser atingido e depois arrastado de seu carro pelos deputados do xerife de&hellip;<\/p>","protected":false},"author":1,"featured_media":122728,"comment_status":"closed","ping_status":"open","sticky":false,"template":"","format":"standard","meta":{"content-type":"","footnotes":""},"categories":[1],"tags":[],"class_list":["post-122727","post","type-post","status-publish","format-standard","has-post-thumbnail","hentry","category-uncategorized"],"_links":{"self":[{"href":"https:\/\/tvbrazilusa.com\/pt\/wp-json\/wp\/v2\/posts\/122727","targetHints":{"allow":["GET"]}}],"collection":[{"href":"https:\/\/tvbrazilusa.com\/pt\/wp-json\/wp\/v2\/posts"}],"about":[{"href":"https:\/\/tvbrazilusa.com\/pt\/wp-json\/wp\/v2\/types\/post"}],"author":[{"embeddable":true,"href":"https:\/\/tvbrazilusa.com\/pt\/wp-json\/wp\/v2\/users\/1"}],"replies":[{"embeddable":true,"href":"https:\/\/tvbrazilusa.com\/pt\/wp-json\/wp\/v2\/comments?post=122727"}],"version-history":[{"count":1,"href":"https:\/\/tvbrazilusa.com\/pt\/wp-json\/wp\/v2\/posts\/122727\/revisions"}],"predecessor-version":[{"id":122729,"href":"https:\/\/tvbrazilusa.com\/pt\/wp-json\/wp\/v2\/posts\/122727\/revisions\/122729"}],"wp:featuredmedia":[{"embeddable":true,"href":"https:\/\/tvbrazilusa.com\/pt\/wp-json\/wp\/v2\/media\/122728"}],"wp:attachment":[{"href":"https:\/\/tvbrazilusa.com\/pt\/wp-json\/wp\/v2\/media?parent=122727"}],"wp:term":[{"taxonomy":"category","embeddable":true,"href":"https:\/\/tvbrazilusa.com\/pt\/wp-json\/wp\/v2\/categories?post=122727"},{"taxonomy":"post_tag","embeddable":true,"href":"https:\/\/tvbrazilusa.com\/pt\/wp-json\/wp\/v2\/tags?post=122727"}],"curies":[{"name":"wp","href":"https:\/\/api.w.org\/{rel}","templated":true}]}}