{"id":122741,"date":"2025-07-29T00:25:47","date_gmt":"2025-07-29T00:25:47","guid":{"rendered":"https:\/\/tvbrazilusa.com\/2025\/07\/29\/o-bombeiro-de-plainville-que-morreu-no-cumprimento-do-dever-era-respeitado-na-comunidade\/"},"modified":"2025-07-29T00:30:36","modified_gmt":"2025-07-29T00:30:36","slug":"o-bombeiro-de-plainville-que-morreu-no-cumprimento-do-dever-era-respeitado-na-comunidade","status":"publish","type":"post","link":"https:\/\/tvbrazilusa.com\/pt\/2025\/07\/29\/o-bombeiro-de-plainville-que-morreu-no-cumprimento-do-dever-era-respeitado-na-comunidade\/","title":{"rendered":"O bombeiro de Plainville que morreu no cumprimento do dever era respeitado na comunidade"},"content":{"rendered":"<p> <script async src=\"https:\/\/pagead2.googlesyndication.com\/pagead\/js\/adsbygoogle.js?client=ca-pub-8864793242727901\"\r\n     crossorigin=\"anonymous\"><\/script><br \/>\n<\/p>\n<p>Plainville, Connecticut (WTNH) &#8211; dentro e fora de uniforme, o bombeiro de Plainville Raymond &#8220;Ray&#8221; Moreau era conhecido por estar em quase todos os eventos da comunidade e oferecendo uma m\u00e3o amiga antes de morrer enquanto <a href=\"https:\/\/www.wtnh.com\/news\/connecticut\/hartford\/plainville-home-damaged-in-sunday-morning-fire\/\" data-type=\"link\" data-id=\"https:\/\/www.wtnh.com\/news\/connecticut\/hartford\/plainville-home-damaged-in-sunday-morning-fire\/\">lutando contra um inc\u00eandio no domingo<\/a>.<\/p>\n<p>Moreau, 60 anos, deixa para tr\u00e1s um legado de servi\u00e7o em Plainville. Membros da comunidade disseram que estava disposto a ir al\u00e9m da viagem para retribuir aos seus vizinhos.<\/p>\n<div class=\"nlp-ignore-block article-content rich-text\">\n<aside class=\"promo-link\">\n\t<a href=\"https:\/\/www.wtnh.com\/news\/connecticut\/hartford\/body-of-fallen-plainville-firefighter-ray-moreau-escorted-to-funeral-home\/?ipid=promo-link-block1\" class=\"promo-link__link\"><\/p>\n<p>\t\tCorpo de bombeiro ca\u00eddo de Plainville escoltado para a funer\u00e1ria\t<\/a><br \/>\n<\/aside>\n<\/div>\n<p>Susan Woerz, diretora executiva do Banco de Alimentos da Comunidade de Plainville, disse em seus 36 anos com a despensa de alimentos, Moreau sempre pode contar para aparecer pronto para ajudar com doa\u00e7\u00f5es todos os anos, junto com seus colegas bombeiros.<\/p>\n<p>&#8220;Ele provavelmente seria o primeiro a levantar a m\u00e3o para fazer alguma coisa&#8221;, disse Woerz. Sempre que voc\u00ea precisa deles, eles est\u00e3o sempre l\u00e1. N\u00e3o importa se \u00e9 um inc\u00eandio ou eles est\u00e3o apenas prestando servi\u00e7o comunit\u00e1rio. Eles fazem muito pela nossa comunidade. \u201d<\/p>\n<p>Moreau foi um elemento em Lessard Lanes em Plainville, geralmente jogando jogando ao lado do propriet\u00e1rio do beco, Marcel Lessard. <\/p>\n<div class=\"nlp-ignore-block article-content rich-text\">\n<aside class=\"promo-link\">\n\t<a href=\"https:\/\/www.wtnh.com\/news\/connecticut\/hartford\/plainville-firefighters-family-to-receive-benefits-from-fallen-hero-fund\/?ipid=promo-link-block2\" class=\"promo-link__link\"><\/p>\n<p>\t\tA fam\u00edlia do bombeiro de Plainville para receber benef\u00edcios do Fundo Fallen Hero\t<\/a><br \/>\n<\/aside>\n<\/div>\n<p>&#8220;Ent\u00e3o, atravess\u00e1vamos e jogamos um contra o outro&#8221;, disse Lessard. &#8220;Eu era mais competitivo do que ele era mais divertido para ele.&#8221;<\/p>\n<figure class=\"wp-block-image size-large\"><\/figure>\n<p>Moreau estava l\u00e1 semanalmente com uma liga de boliche local, e Lessard disse que Moreau era o tipo de pessoa com quem ele poderia contar a qualquer hora do dia.  <\/p>\n<p>&#8220;Ele era meu cara preferido. Se algo desse errado, ele subia ao telefone ou o consertaria&#8221;, disse Lessard. Voc\u00ea poderia apenas dizer que ele realmente se importava com a comunidade ou onde quer que estivesse. \u201d<\/p>\n<div class=\"nlp-ignore-block article-content rich-text\">\n<aside class=\"promo-link\">\n\t<a href=\"https:\/\/www.wtnh.com\/news\/connecticut\/officials-across-connecticut-share-support-for-plainville-community-after-firefighter-dies-in-line-of-duty\/?ipid=promo-link-block2?ipid=promo-link-block3\" class=\"promo-link__link\"><\/p>\n<p>\t\tAs autoridades de Connecticut compartilham apoio \u00e0 comunidade de Plainville depois que o bombeiro morre no cumprimento do dever\t<\/a><br \/>\n<\/aside>\n<\/div>\n<p>Lessard disse que ainda est\u00e1 processando a perda de Moreau, que ele observou sempre ter um sorriso no rosto.<\/p>\n<p>&#8220;Ele foi muito amig\u00e1vel com todo mundo, como o prefeito do centro de boliche, por assim dizer&#8221;, disse Lessard. &#8220;\u00c9 tudo t\u00e3o fresco, \u00e9 dif\u00edcil pensar que \u00e9 algu\u00e9m com quem voc\u00ea passou tanto tempo e de repente em um instante em que ele se foi.&#8221;<\/p>\n<p><br \/>\n<br \/><a href=\"https:\/\/www.wtnh.com\/news\/connecticut\/hartford\/plainville-firefighter-who-died-in-line-of-duty-was-respected-figure-in-community\/\">Source link <\/a><\/p>","protected":false},"excerpt":{"rendered":"<p>Plainville, Connecticut (WTNH) &#8211; dentro e fora de uniforme, o bombeiro de Plainville Raymond &#8220;Ray&#8221; Moreau era conhecido por estar em quase todos os eventos da comunidade e oferecendo uma&hellip;<\/p>","protected":false},"author":1,"featured_media":122742,"comment_status":"closed","ping_status":"open","sticky":false,"template":"","format":"standard","meta":{"content-type":"","footnotes":""},"categories":[1],"tags":[],"class_list":["post-122741","post","type-post","status-publish","format-standard","has-post-thumbnail","hentry","category-uncategorized"],"_links":{"self":[{"href":"https:\/\/tvbrazilusa.com\/pt\/wp-json\/wp\/v2\/posts\/122741","targetHints":{"allow":["GET"]}}],"collection":[{"href":"https:\/\/tvbrazilusa.com\/pt\/wp-json\/wp\/v2\/posts"}],"about":[{"href":"https:\/\/tvbrazilusa.com\/pt\/wp-json\/wp\/v2\/types\/post"}],"author":[{"embeddable":true,"href":"https:\/\/tvbrazilusa.com\/pt\/wp-json\/wp\/v2\/users\/1"}],"replies":[{"embeddable":true,"href":"https:\/\/tvbrazilusa.com\/pt\/wp-json\/wp\/v2\/comments?post=122741"}],"version-history":[{"count":1,"href":"https:\/\/tvbrazilusa.com\/pt\/wp-json\/wp\/v2\/posts\/122741\/revisions"}],"predecessor-version":[{"id":122743,"href":"https:\/\/tvbrazilusa.com\/pt\/wp-json\/wp\/v2\/posts\/122741\/revisions\/122743"}],"wp:featuredmedia":[{"embeddable":true,"href":"https:\/\/tvbrazilusa.com\/pt\/wp-json\/wp\/v2\/media\/122742"}],"wp:attachment":[{"href":"https:\/\/tvbrazilusa.com\/pt\/wp-json\/wp\/v2\/media?parent=122741"}],"wp:term":[{"taxonomy":"category","embeddable":true,"href":"https:\/\/tvbrazilusa.com\/pt\/wp-json\/wp\/v2\/categories?post=122741"},{"taxonomy":"post_tag","embeddable":true,"href":"https:\/\/tvbrazilusa.com\/pt\/wp-json\/wp\/v2\/tags?post=122741"}],"curies":[{"name":"wp","href":"https:\/\/api.w.org\/{rel}","templated":true}]}}