{"id":122780,"date":"2025-07-29T13:14:00","date_gmt":"2025-07-29T13:14:00","guid":{"rendered":"https:\/\/tvbrazilusa.com\/2025\/07\/29\/senador-marcos-do-val-faz-revelacoes-chocantes-sobre-perseguicao-sofrida-tv-florida-usa-a-sua-tv-brasileira-nos-estados-unidos\/"},"modified":"2025-07-29T14:48:54","modified_gmt":"2025-07-29T14:48:54","slug":"senador-marcos-do-val-faz-revelacoes-chocantes-sobre-perseguicao-sofrida-tv-florida-usa-a-sua-tv-brasileira-nos-estados-unidos","status":"publish","type":"post","link":"https:\/\/tvbrazilusa.com\/pt\/2025\/07\/29\/senador-marcos-do-val-faz-revelacoes-chocantes-sobre-perseguicao-sofrida-tv-florida-usa-a-sua-tv-brasileira-nos-estados-unidos\/","title":{"rendered":"Senador marcos do val faz revela\u00e7\u00f5es chocantes sobre \u201cpersegui\u00e7\u00e3o\u201d sofrida \u2013 TV Florida USA \u2013 A sua TV Brasileira nos Estados Unidos"},"content":{"rendered":"<p> <script async src=\"https:\/\/pagead2.googlesyndication.com\/pagead\/js\/adsbygoogle.js?client=ca-pub-8864793242727901\"\r\n     crossorigin=\"anonymous\"><\/script><br \/>\n<\/p>\n<div>\n<p data-end=\"469\" data-start=\"0\">O senador Marcos do Val protagonizou uma pol\u00eamica ao afirmar no plen\u00e1rio do Senado Federal que o ministro do Supremo Tribunal Federal (STF) Alexandre de Moraes teria sido condenado por um \u00f3rg\u00e3o vinculado \u00e0 Organiza\u00e7\u00e3o das Na\u00e7\u00f5es Unidas (ONU). A declara\u00e7\u00e3o causou repercuss\u00e3o imediata, especialmente por se tratar de uma acusa\u00e7\u00e3o grave contra uma das principais autoridades do Judici\u00e1rio brasileiro, sem que houvesse comprova\u00e7\u00e3o p\u00fablica ou oficial da suposta condena\u00e7\u00e3o.<\/p>\n<p data-end=\"1091\" data-start=\"684\"><strong>Confira detalhes no v\u00eddeo:<\/strong><\/p>\n<\/p>\n<p>Pouco depois do discurso, o senador embarcou para os Estados Unidos durante o recesso parlamentar. A viagem, por\u00e9m, estava proibida por uma decis\u00e3o judicial do pr\u00f3prio ministro Alexandre de Moraes, que havia determinado restri\u00e7\u00f5es quanto a deslocamentos internacionais de alguns parlamentares envolvidos em investiga\u00e7\u00f5es ou processos judiciais em andamento. A ida de Marcos do Val para o exterior, apesar da proibi\u00e7\u00e3o, levantou questionamentos sobre o respeito \u00e0s determina\u00e7\u00f5es judiciais e o cumprimento das normas legais por parte de membros do Congresso Nacional.<\/p>\n<p data-end=\"1443\" data-start=\"1038\">A postura adotada pelo senador exp\u00f5e uma tens\u00e3o crescente entre o Legislativo e o Judici\u00e1rio no Brasil, cen\u00e1rio marcado por confrontos pol\u00edticos que t\u00eam colocado em xeque a harmonia entre os poderes. Acusa\u00e7\u00f5es p\u00fablicas feitas dentro do plen\u00e1rio, especialmente quando envolvem ministros do STF, refletem um ambiente de polariza\u00e7\u00e3o e de desgaste institucional que preocupa observadores pol\u00edticos e juristas.<\/p>\n<p data-end=\"1906\" data-start=\"1445\">O discurso de Marcos do Val, ao afirmar que Alexandre de Moraes teria sido condenado por um \u00f3rg\u00e3o ligado \u00e0 ONU, parece carecer de base factual confirmada, o que contribui para a dissemina\u00e7\u00e3o de informa\u00e7\u00f5es controversas e possivelmente infundadas no meio pol\u00edtico. Em contextos de alta tens\u00e3o, declara\u00e7\u00f5es sem comprova\u00e7\u00e3o podem agravar ainda mais o clima de desconfian\u00e7a entre as institui\u00e7\u00f5es e dificultar o di\u00e1logo necess\u00e1rio para o funcionamento da democracia.<\/p>\n<p data-end=\"2371\" data-start=\"1908\">A decis\u00e3o do ministro Alexandre de Moraes de proibir determinadas viagens internacionais visa justamente garantir o andamento dos processos e a responsabiliza\u00e7\u00e3o daqueles que estejam sob investiga\u00e7\u00e3o, assegurando que n\u00e3o haja interfer\u00eancia nas investiga\u00e7\u00f5es ou fuga do pa\u00eds. O descumprimento dessa determina\u00e7\u00e3o por parte de um senador, figura p\u00fablica e representante do povo, levanta d\u00favidas sobre o comprometimento com as regras e a legitimidade das autoridades.<\/p>\n<p data-end=\"2749\" data-start=\"2373\">Al\u00e9m disso, a viagem realizada durante o recesso, per\u00edodo em que as atividades parlamentares est\u00e3o suspensas, dificulta o acompanhamento das a\u00e7\u00f5es dos senadores e pode comprometer a fiscaliza\u00e7\u00e3o das decis\u00f5es e pol\u00edticas p\u00fablicas. A aus\u00eancia de parlamentares em momentos delicados refor\u00e7a cr\u00edticas sobre a atua\u00e7\u00e3o e o comprometimento da classe pol\u00edtica com as demandas do pa\u00eds.<\/p>\n<p data-end=\"3122\" data-start=\"2751\">Esse epis\u00f3dio ressalta a necessidade de maior responsabilidade e respeito entre os poderes, especialmente em um momento em que a democracia brasileira enfrenta desafios significativos. A propaga\u00e7\u00e3o de informa\u00e7\u00f5es sem fundamento e o desrespeito \u00e0s determina\u00e7\u00f5es judiciais contribuem para a fragiliza\u00e7\u00e3o das institui\u00e7\u00f5es e a perda de confian\u00e7a da popula\u00e7\u00e3o nas autoridades.<\/p>\n<p data-end=\"3591\" data-is-last-node=\"\" data-is-only-node=\"\" data-start=\"3124\">Em suma, a atitude do senador Marcos do Val, ao proferir acusa\u00e7\u00f5es graves e descumprir uma decis\u00e3o judicial ao viajar para o exterior, revela um cen\u00e1rio preocupante de conflitos institucionais e falta de compromisso com o respeito \u00e0s regras que regem o funcionamento do Estado democr\u00e1tico de direito. A crise entre Legislativo e Judici\u00e1rio exige di\u00e1logo, transpar\u00eancia e responsabilidade para que o pa\u00eds possa superar tens\u00f5es e garantir o equil\u00edbrio entre os poderes.<\/p>\n<p data-end=\"1091\" data-start=\"684\"><strong>\u00a0<\/strong><\/p>\n<\/div>\n<p><br \/>\n<br \/><a href=\"https:\/\/tvfloridausa.com\/2025\/07\/29\/senador-marcos-do-val-faz-revelacoes-chocantes-sobre-perseguicao-sofrida\/\">Source link <\/a><\/p>","protected":false},"excerpt":{"rendered":"<p>O senador Marcos do Val protagonizou uma pol\u00eamica ao afirmar no plen\u00e1rio do Senado Federal que o ministro do Supremo Tribunal Federal (STF) Alexandre de Moraes teria sido condenado por&hellip;<\/p>","protected":false},"author":1,"featured_media":122206,"comment_status":"closed","ping_status":"open","sticky":false,"template":"","format":"standard","meta":{"content-type":"","footnotes":""},"categories":[22],"tags":[],"class_list":["post-122780","post","type-post","status-publish","format-standard","has-post-thumbnail","hentry","category-tv-florida-usa"],"_links":{"self":[{"href":"https:\/\/tvbrazilusa.com\/pt\/wp-json\/wp\/v2\/posts\/122780","targetHints":{"allow":["GET"]}}],"collection":[{"href":"https:\/\/tvbrazilusa.com\/pt\/wp-json\/wp\/v2\/posts"}],"about":[{"href":"https:\/\/tvbrazilusa.com\/pt\/wp-json\/wp\/v2\/types\/post"}],"author":[{"embeddable":true,"href":"https:\/\/tvbrazilusa.com\/pt\/wp-json\/wp\/v2\/users\/1"}],"replies":[{"embeddable":true,"href":"https:\/\/tvbrazilusa.com\/pt\/wp-json\/wp\/v2\/comments?post=122780"}],"version-history":[{"count":1,"href":"https:\/\/tvbrazilusa.com\/pt\/wp-json\/wp\/v2\/posts\/122780\/revisions"}],"predecessor-version":[{"id":122781,"href":"https:\/\/tvbrazilusa.com\/pt\/wp-json\/wp\/v2\/posts\/122780\/revisions\/122781"}],"wp:featuredmedia":[{"embeddable":true,"href":"https:\/\/tvbrazilusa.com\/pt\/wp-json\/wp\/v2\/media\/122206"}],"wp:attachment":[{"href":"https:\/\/tvbrazilusa.com\/pt\/wp-json\/wp\/v2\/media?parent=122780"}],"wp:term":[{"taxonomy":"category","embeddable":true,"href":"https:\/\/tvbrazilusa.com\/pt\/wp-json\/wp\/v2\/categories?post=122780"},{"taxonomy":"post_tag","embeddable":true,"href":"https:\/\/tvbrazilusa.com\/pt\/wp-json\/wp\/v2\/tags?post=122780"}],"curies":[{"name":"wp","href":"https:\/\/api.w.org\/{rel}","templated":true}]}}