{"id":122825,"date":"2025-07-29T21:36:00","date_gmt":"2025-07-29T21:36:00","guid":{"rendered":"https:\/\/tvbrazilusa.com\/2025\/07\/29\/carla-zambelli-nao-foi-presa-decidiu-se-apresentar-espontaneamente-para-poder-se-defender\/"},"modified":"2025-07-29T22:13:23","modified_gmt":"2025-07-29T22:13:23","slug":"carla-zambelli-nao-foi-presa-decidiu-se-apresentar-espontaneamente-para-poder-se-defender","status":"publish","type":"post","link":"https:\/\/tvbrazilusa.com\/pt\/2025\/07\/29\/carla-zambelli-nao-foi-presa-decidiu-se-apresentar-espontaneamente-para-poder-se-defender\/","title":{"rendered":"Carla Zambelli n\u00e3o foi presa; decidiu se apresentar espontaneamente para poder se defender"},"content":{"rendered":"<p> <script async src=\"https:\/\/pagead2.googlesyndication.com\/pagead\/js\/adsbygoogle.js?client=ca-pub-8864793242727901\"\r\n     crossorigin=\"anonymous\"><\/script><br \/>\n<\/p>\n<div>\n<p>A deputada <strong>Carla Zambelli (PL)<\/strong> se apresentou voluntariamente \u00e0 Justi\u00e7a italiana nesta ter\u00e7a-feira, 29 de julho, para poder se defender das acusa\u00e7\u00f5es. Em v\u00eddeo divulgado, ela afirmou que confia na Justi\u00e7a italiana.<\/p>\n<h2><strong>Assista o v\u00eddeo:<\/p>\n<p><\/p>\n<p><\/strong><\/h2>\n<p>O post Carla Zambelli n\u00e3o foi presa; decidiu se apresentar espontaneamente para poder se defender apareceu primeiro em Poder Nacional.<\/p>\n<p><a href=\"https:\/\/podernacional.com.br\/carla-zambelli-nao-foi-presa-decidiu-se-apresentar-espontaneamente-para-poder-se-defender\/?utm_source=rss&#038;utm_medium=rss&#038;utm_campaign=carla-zambelli-nao-foi-presa-decidiu-se-apresentar-espontaneamente-para-poder-se-defender\">Fontes \u2013 Link Original <\/a><\/p>\n<\/p><\/div>\n<p><br \/>\n<br \/><a href=\"https:\/\/tvfloridausa.com\/2025\/07\/29\/carla-zambelli-nao-foi-presa-decidiu-se-apresentar-espontaneamente-para-poder-se-defender\/\">Source link <\/a><\/p>","protected":false},"excerpt":{"rendered":"<p>A deputada Carla Zambelli (PL) se apresentou voluntariamente \u00e0 Justi\u00e7a italiana nesta ter\u00e7a-feira, 29 de julho, para poder se defender das acusa\u00e7\u00f5es. Em v\u00eddeo divulgado, ela afirmou que confia na&hellip;<\/p>","protected":false},"author":1,"featured_media":122206,"comment_status":"closed","ping_status":"open","sticky":false,"template":"","format":"standard","meta":{"content-type":"","footnotes":""},"categories":[22],"tags":[],"class_list":["post-122825","post","type-post","status-publish","format-standard","has-post-thumbnail","hentry","category-tv-florida-usa"],"_links":{"self":[{"href":"https:\/\/tvbrazilusa.com\/pt\/wp-json\/wp\/v2\/posts\/122825","targetHints":{"allow":["GET"]}}],"collection":[{"href":"https:\/\/tvbrazilusa.com\/pt\/wp-json\/wp\/v2\/posts"}],"about":[{"href":"https:\/\/tvbrazilusa.com\/pt\/wp-json\/wp\/v2\/types\/post"}],"author":[{"embeddable":true,"href":"https:\/\/tvbrazilusa.com\/pt\/wp-json\/wp\/v2\/users\/1"}],"replies":[{"embeddable":true,"href":"https:\/\/tvbrazilusa.com\/pt\/wp-json\/wp\/v2\/comments?post=122825"}],"version-history":[{"count":1,"href":"https:\/\/tvbrazilusa.com\/pt\/wp-json\/wp\/v2\/posts\/122825\/revisions"}],"predecessor-version":[{"id":122826,"href":"https:\/\/tvbrazilusa.com\/pt\/wp-json\/wp\/v2\/posts\/122825\/revisions\/122826"}],"wp:featuredmedia":[{"embeddable":true,"href":"https:\/\/tvbrazilusa.com\/pt\/wp-json\/wp\/v2\/media\/122206"}],"wp:attachment":[{"href":"https:\/\/tvbrazilusa.com\/pt\/wp-json\/wp\/v2\/media?parent=122825"}],"wp:term":[{"taxonomy":"category","embeddable":true,"href":"https:\/\/tvbrazilusa.com\/pt\/wp-json\/wp\/v2\/categories?post=122825"},{"taxonomy":"post_tag","embeddable":true,"href":"https:\/\/tvbrazilusa.com\/pt\/wp-json\/wp\/v2\/tags?post=122825"}],"curies":[{"name":"wp","href":"https:\/\/api.w.org\/{rel}","templated":true}]}}