{"id":122954,"date":"2025-07-31T18:25:18","date_gmt":"2025-07-31T18:25:18","guid":{"rendered":"https:\/\/tvbrazilusa.com\/2025\/07\/31\/o-nativo-de-jacksonville-espera-callas-e-a-proxima-flor-da-carreira-literaria-jacksonville-hoje\/"},"modified":"2025-07-31T18:34:36","modified_gmt":"2025-07-31T18:34:36","slug":"o-nativo-de-jacksonville-espera-callas-e-a-proxima-flor-da-carreira-literaria-jacksonville-hoje","status":"publish","type":"post","link":"https:\/\/tvbrazilusa.com\/pt\/2025\/07\/31\/o-nativo-de-jacksonville-espera-callas-e-a-proxima-flor-da-carreira-literaria-jacksonville-hoje\/","title":{"rendered":"O nativo de Jacksonville espera &#8216;Callas&#8217; \u00e9 a pr\u00f3xima flor da carreira liter\u00e1ria | Jacksonville hoje"},"content":{"rendered":"<p> <script async src=\"https:\/\/pagead2.googlesyndication.com\/pagead\/js\/adsbygoogle.js?client=ca-pub-8864793242727901\"\r\n     crossorigin=\"anonymous\"><\/script><br \/>\n<\/p>\n<div>\n<p data-beyondwords-marker=\"8d5000df-4516-4ab7-adf3-2e35f405bac6\">Os l\u00edrios de Calla fazem parte da experi\u00eancia negra como funerais que servem como reuni\u00f5es e reuni\u00f5es da fam\u00edlia de fato ap\u00f3s a interna\u00e7\u00e3o.<\/p>\n<p data-beyondwords-marker=\"090b79fc-df8a-43be-9a9a-f33696078171\">As flores s\u00e3o onipresentes, mesmo que as pessoas n\u00e3o conhe\u00e7am seu nome. Niveah Glover faz.<\/p>\n<p data-beyondwords-marker=\"33ac1f57-df4c-4a5b-b169-66544191d82f\">O nativo de Jacksonville, de 20 anos, escreveu uma pe\u00e7a de longa dura\u00e7\u00e3o que se concentra nas conversas que tr\u00eas irm\u00e3s t\u00eam na manh\u00e3 da visualiza\u00e7\u00e3o de sua m\u00e3e.<\/p>\n<p data-beyondwords-marker=\"b0b1dc70-18a8-46fa-aa8e-967a6f12b9c3\"><em>Callas<\/em> Vai estrear na Escola de Artes e M\u00fasica de Jacksonville na sexta -feira. O nome veio das flores brancas que est\u00e3o sempre presentes nos funerais negros.<\/p>\n<p data-beyondwords-marker=\"cfae847a-9d3f-4f70-9f5c-5093eeb91c7a\">A pe\u00e7a ser\u00e1 realizada quatro vezes neste fim de semana. <a href=\"https:\/\/jamslife.networkforgood.com\/events\/88854-callas-the-play\" rel=\"nofollow noopener\" target=\"_blank\">Ingressos<\/a> s\u00e3o $ 15.<\/p>\n<div class=\"wp-block-image\">\n<figure data-beyondwords-marker=\"ad157792-adef-47e7-89da-169528b7c6da\" class=\"alignright size-large is-resized\"><figcaption class=\"wp-element-caption\">Callas \u00e9 uma pe\u00e7a de longa dura\u00e7\u00e3o que foi escrita pelo nativo de Jacksonville e atual estudante da Howard University, Niveah Glover. Ela diz que sofreu 247 revis\u00f5es antes de sua estr\u00e9ia na sexta -feira, 1\u00ba de agosto de 2025, na Jacksonville Arts &#038; Music School. | Enviado<\/figcaption><\/figure>\n<\/div>\n<p data-beyondwords-marker=\"eabcfba0-65e9-4112-a91a-703adea7ef83\">Posteriormente, Glover se preparar\u00e1 para seu segundo ano na Howard University. Ela ganhou elogios como dramaturgo, poeta e oradora antes de chegar \u00e0 capital. <em>Callas<\/em> \u00e9 o pr\u00f3ximo passo em sua jornada liter\u00e1ria.<\/p>\n<p data-beyondwords-marker=\"5e7d205e-14f0-48ba-8e83-e211fdcb18b7\">&#8220;Muitos dos artistas que eu mesmo me modeto depois s\u00e3o artistas que correm riscos e se arriscam&#8221;, diz Glover. &#8220;Esses s\u00e3o os artistas que eu acho, especialmente artistas liter\u00e1rios que acredito fazer a coisa dif\u00edcil.&#8221;<\/p>\n<p data-beyondwords-marker=\"7dba8d43-013e-49c9-a5d1-bfcb78db1851\">Glover aspira a ser o pr\u00f3ximo Hurston, o pr\u00f3ximo Morrison, o pr\u00f3ximo Bozeman. Em Howard, esses artistas n\u00e3o precisam de nomes. S\u00e3o imortais cujo talento foi incubado na Meca, antes de ser apreciado pelo mundo.<\/p>\n<h3 data-beyondwords-marker=\"a8ccc01b-f763-45a0-97f9-a9a502ded9b3\" class=\"wp-block-heading\">Um artista em flor<\/h3>\n<p data-beyondwords-marker=\"f31ddb35-abc0-45db-b25f-e701aa33bbad\">A capacidade de Glover de coletar palavras e contar hist\u00f3rias imaginativas com elas foi reconhecida por v\u00e1rias entidades locais e nacionais.<\/p>\n<p data-beyondwords-marker=\"ae5c402d-e391-4ced-a2ed-60a6a7e952c2\">Em 2023, Glover abordou uma audi\u00eancia na Associa\u00e7\u00e3o para o Estudo da Confer\u00eancia Anual da Vida e Hist\u00f3ria Afro -Americana.<\/p>\n<p data-beyondwords-marker=\"b5765e11-c6af-4720-b58c-2a2196a0e134\">Durante seu \u00faltimo ano na Douglas Anderson School of the Arts, ela recitou um poema original <em>C\u00e9u pan -africano<\/em> antes dos l\u00edderes c\u00edvicos de Jacksonville como parte da cidade <a href=\"https:\/\/jaxtoday.org\/2024\/02\/28\/deegan-concludes-black-history-month-by-forming-african-american-advisory-board\/\">2024 Celebra\u00e7\u00e3o do m\u00eas da hist\u00f3ria negra<\/a>.<\/p>\n<figure data-beyondwords-marker=\"3d6078e4-3c1b-40d4-9151-473c3009a8a0\" class=\"wp-block-image size-large\"><img loading=\"lazy\" color=\"7d8e87\" transparency=\"false\" style=\"--dominant-color: #7d8e87;\" decoding=\"async\" width=\"1024\" height=\"576\" src=\"https:\/\/jaxtoday.org\/wp-content\/uploads\/2025\/07\/Feb.-27-City-of-Jacksonville-Black-History-Month-celebration-3-1024x576.jpg\" alt=\"\" class=\"not-transparent wp-image-98892\" srcset=\"https:\/\/jaxtoday.org\/wp-content\/uploads\/2025\/07\/Feb.-27-City-of-Jacksonville-Black-History-Month-celebration-3-1024x576.jpg 1024w, https:\/\/jaxtoday.org\/wp-content\/uploads\/2025\/07\/Feb.-27-City-of-Jacksonville-Black-History-Month-celebration-3-300x169.jpg 300w, https:\/\/jaxtoday.org\/wp-content\/uploads\/2025\/07\/Feb.-27-City-of-Jacksonville-Black-History-Month-celebration-3-768x432.jpg 768w, https:\/\/jaxtoday.org\/wp-content\/uploads\/2025\/07\/Feb.-27-City-of-Jacksonville-Black-History-Month-celebration-3-1536x864.jpg 1536w, https:\/\/jaxtoday.org\/wp-content\/uploads\/2025\/07\/Feb.-27-City-of-Jacksonville-Black-History-Month-celebration-3-800x450.jpg 800w, https:\/\/jaxtoday.org\/wp-content\/uploads\/2025\/07\/Feb.-27-City-of-Jacksonville-Black-History-Month-celebration-3-1200x675.jpg 1200w, https:\/\/jaxtoday.org\/wp-content\/uploads\/2025\/07\/Feb.-27-City-of-Jacksonville-Black-History-Month-celebration-3-427x240.jpg 427w, https:\/\/jaxtoday.org\/wp-content\/uploads\/2025\/07\/Feb.-27-City-of-Jacksonville-Black-History-Month-celebration-3-100x56.jpg 100w, https:\/\/jaxtoday.org\/wp-content\/uploads\/2025\/07\/Feb.-27-City-of-Jacksonville-Black-History-Month-celebration-3-1650x928.jpg 1650w, https:\/\/jaxtoday.org\/wp-content\/uploads\/2025\/07\/Feb.-27-City-of-Jacksonville-Black-History-Month-celebration-3.jpg 2048w\" sizes=\"auto, (max-width: 1024px) 100vw, 1024px\"\/><figcaption class=\"wp-element-caption\">Niveah Glover, s\u00eanior da Douglas Anderson School of the Arts, compartilhou uma apresenta\u00e7\u00e3o de palavras faladas durante a celebra\u00e7\u00e3o do M\u00eas da Hist\u00f3ria Negra da cidade de Jacksonville. No in\u00edcio do dia, a prefeita Donna Deegan anunciou a cria\u00e7\u00e3o de um conselho consultivo afro -americano em 27 de fevereiro de 2024, na prefeitura. O conselho de 11 pessoas ser\u00e1 constitu\u00eddo ainda nesta primavera. | Will Brown, Jacksonville hoje<\/figcaption><\/figure>\n<figure data-beyondwords-marker=\"a6a6a458-8998-45ca-a02d-3bf50ff488f7\" class=\"wp-block-audio\"><audio controls=\"\" src=\"https:\/\/jaxtoday.org\/wp-content\/uploads\/2025\/07\/Niveah-Glover-Pan-African-Skies.wav\"\/><figcaption class=\"wp-element-caption\">A recita\u00e7\u00e3o de Niveah Glover de c\u00e9us pan -africana durante a celebra\u00e7\u00e3o do m\u00eas da hist\u00f3ria da cidade de 2024 da cidade de Jacksonville. | Jacksonville hoje<\/figcaption><\/figure>\n<p data-beyondwords-marker=\"e075e7cb-39fd-4453-a4bb-5de87a1bd034\">Em maio passado, Glover foi homenageado como estudioso presidencial dos EUA nas artes. Ela ganhou por sua escrita.<\/p>\n<p data-beyondwords-marker=\"60914331-e555-47a2-ae4d-690154dc564e\">Semanas depois, Glover foi nomeado Campe\u00e3o Nacional de Poesia em Loud por suas habilidades de orat\u00f3rio. Ela ganhou o pr\u00eamio superior de US $ 20.000 depois de recitar trabalhos de Paul Laurence Dunbar, Ashanti Anderson e Patricia Smith.<\/p>\n<p data-beyondwords-marker=\"9ac0063d-011f-4cfc-9ab9-fcf73254fd76\">Neste ver\u00e3o, Glover participou do New South Young Playwrights Festival em Atlanta.<\/p>\n<h3 data-beyondwords-marker=\"0a415381-b09e-448b-9518-912103f37eb9\" class=\"wp-block-heading\">Arte que \u00e9 &#8216;para n\u00f3s, por n\u00f3s&#8217;<\/h3>\n<p data-beyondwords-marker=\"898a9c75-9af8-4458-99e3-81d2a48bb08d\">Glover entrou nos espa\u00e7os abertos e cultivados ao longo de sua vida. Ela tamb\u00e9m \u00e9 membro da gera\u00e7\u00e3o Z. Gatekeepers n\u00e3o a dissuadia de seus sonhos. <\/p>\n<p data-beyondwords-marker=\"74a63451-df2b-404f-8033-f7ed74dab02a\">&#8220;Eu acredito muito em curar, um grande crente de Fubu&#8221;, diz Glover referenciando o axioma para n\u00f3s, por n\u00f3s. &#8220;Se n\u00e3o estiver sendo feito. Se n\u00e3o houver lugar para ir, fa\u00e7a voc\u00ea mesmo. Encontre as pessoas que t\u00eam os recursos e fa\u00e7a voc\u00ea mesmo.&#8221;<\/p>\n<p data-beyondwords-marker=\"43c7b659-3ace-426d-ae4b-81b9df5e62f4\">Dois anos atr\u00e1s, Glover fez uma parceria com artistas locais que s\u00e3o minorias raciais e sexuais para curar <a href=\"https:\/\/news.wjct.org\/show\/first-coast-connect\/2023-08-02\/first-coast-ignite-the-flame-freedom-ride\" rel=\"nofollow noopener\" target=\"_blank\"><em>The Freedom Ride at Yellow House Art Gallery<\/em><\/a>.<\/p>\n<p data-beyondwords-marker=\"8f8fd49e-1bda-40a0-b5ca-e9ff08877392\">A exposi\u00e7\u00e3o contou com jovens artistas que acreditavam em propostas pol\u00edticas modernas, particularmente na Fl\u00f3rida, emulou a opress\u00e3o racial das d\u00e9cadas e per\u00edodos passadas na hist\u00f3ria americana.<\/p>\n<p data-beyondwords-marker=\"b959766b-3851-4ebd-8dda-9d2ab24e17df\">&#8220;Voc\u00ea precisa estar bem em saber que anos depois, na linha, algu\u00e9m vai encontrar essa pe\u00e7a, aquela entrada do di\u00e1rio, aquela pe\u00e7a de palavra falada&#8221;, diz Glover. \u201cAlgumas pessoas v\u00e3o lhe dar suas flores enquanto voc\u00ea estiver vivo. A maioria das pessoas vai esperar at\u00e9 que voc\u00ea n\u00e3o possa mais sentir o cheiro ou v\u00ea -las, para finalmente faz\u00ea -lo. E estou bem com isso porque n\u00e3o sou um trabalhador intelectual por louvor. N\u00e3o sou um trabalhador intelectual porque acho divertido. Sou um trabalhador intelectual porque precisa ser feito.\u201d<\/p>\n<h3 data-beyondwords-marker=\"ec75a1b0-6863-42b6-bf5e-ef03a7784d63\" class=\"wp-block-heading\">Um lar para hist\u00f3rias<\/h3>\n<p data-beyondwords-marker=\"08220290-783f-4148-98a8-954fe3759a53\"><em>Callas<\/em> est\u00e1 ambientado no Brooklyn em 1970, semanas ap\u00f3s o in\u00edcio da loteria do Vietn\u00e3. Glover brinca que as obras de August Wilson e Lorraine Hansberry a inspiraram a incorporar v\u00e1rios mon\u00f3logos em <em>Callas<\/em> Para garantir que todo personagem tenha a chance de contar sua hist\u00f3ria.<\/p>\n<p data-beyondwords-marker=\"c29b45c3-4cf1-4d8e-af5e-518eb1ad609e\">Cuja hist\u00f3ria \u00e9 contada na humanidade completa e completa \u00e9 algo que Glover diz que sua pe\u00e7a toca. A dicotomia da Guerra do Vietn\u00e3 sendo embalada como uma luta pela liberdade &#8211; durante um per\u00edodo em que muitos americanos negros n\u00e3o desfrutavam de liberdades civis nos Estados Unidos &#8211; fornece parte da tens\u00e3o em <em>Callas.<\/em><\/p>\n<p data-beyondwords-marker=\"dea574ca-4a3e-47e5-a51e-7eaa16274759\">&#8220;Eu sempre digo que a arte \u00e9 uma das maneiras mais acess\u00edveis de levar as pessoas \u00e0 mudan\u00e7a. Digo isso porque voc\u00ea ensinar\u00e1 algo a algu\u00e9m&#8221;, diz Glover. &#8220;Voc\u00ea aprovar\u00e1 um sentimento em algu\u00e9m, e nunca precisar\u00e1 ser como &#8216;isso \u00e9 o que est\u00e1 acontecendo&#8217;. A arte \u00e9 muito show e n\u00e3o conta. \u201d<\/p>\n<p data-beyondwords-marker=\"35e81d57-f244-4781-9438-f5c30635bda1\">O show de estr\u00e9ia de sexta-feira faz parte de um investimento de uma d\u00e9cada nas artes da escola de artes e m\u00fasica de Jacksonville.<\/p>\n<figure data-beyondwords-marker=\"8be9828d-12fb-42b6-ab41-6d05bab90912\" class=\"wp-block-image size-large\"><img color=\"524e39\" transparency=\"false\" style=\"--dominant-color: #524e39;\" decoding=\"async\" src=\"https:\/\/jaxtoday.org\/wp-content\/uploads\/2025\/07\/July-26-Niveah-Glover-portrait-1-1024x619.jpg\" alt=\"\" class=\"not-transparent wp-image-98891 wpsmartcrop-image\" data-smartcrop-focus=\"[16,71]\"\/><figcaption class=\"wp-element-caption\">A pe\u00e7a de Niveah Glover ser\u00e1 encenada no espa\u00e7o reformado na Escola de Artes e M\u00fasica de Jacksonville na sexta -feira, 1\u00ba de agosto de 2025. Will Brown, Jacksonville hoje<\/figcaption><\/figure>\n<p data-beyondwords-marker=\"ae722c95-bff4-41da-8d6a-1f3c854120f5\">O diretor executivo Jason Peoples foi creditado por transformar um antigo espa\u00e7o de cafeteria em um teatro de caixa preta. Nos \u00faltimos 18 meses, Jams pintou a sala preta, um palco personalizado, construiu uma cabine de som e instalou ilumina\u00e7\u00e3o com qualidade de produ\u00e7\u00e3o.<\/p>\n<p data-beyondwords-marker=\"028032cf-7fc3-4962-925e-3137095a2ef1\"><em>Callas<\/em> ser\u00e1 a primeira pe\u00e7a de longa-metragem produzida dentro do espa\u00e7o reformado.<\/p>\n<p data-beyondwords-marker=\"5a443a0f-88f4-4552-94a3-edb2a6e20f07\">Maxie Coleman, diretora criativa e professora de teatro da Jams, acha apropriado que uma produ\u00e7\u00e3o do Niveah Glover seja o primeiro desempenho. Glover era um estudante de Jams quando foi inaugurado em setembro de 2016.<\/p>\n<p data-beyondwords-marker=\"63c465a4-1a4e-4f5f-9d11-146a8982a494\">&#8220;Ela tem a capacidade de contar essas hist\u00f3rias que o atrai e coloca voc\u00ea no meio desse mundo&#8221;, diz Coleman. &#8220;Voc\u00ea experimenta todas as emo\u00e7\u00f5es: empatia, simpatia, tristeza, perd\u00e3o, falta de perd\u00e3o.&#8221;<\/p>\n<h3 data-beyondwords-marker=\"150d7e21-16d0-4053-bb87-77b48c0f72a0\" class=\"wp-block-heading\">Um \u00eaxodo e g\u00eanese<\/h3>\n<p data-beyondwords-marker=\"14199cb0-401d-455a-a699-155cb5b081f1\">A morte foi a g\u00eanese da vida de Niveah Glover em Jacksonville. Tr\u00eas d\u00e9cadas atr\u00e1s, a m\u00e3e de Niveah, Shameka, seguiu para o sul com a m\u00e3e da cidade de Nova York a Jacksonville para estar mais perto da fam\u00edlia depois que a bisav\u00f3 de Niveah, Mazel Spellman, morreu.<\/p>\n<p data-beyondwords-marker=\"022ca551-11f3-4f40-a6bd-7bfbd9351f65\">Niveah se lembra de estar sentado no colo de sua av\u00f3 em uma casa na Cleveland Street, no bairro de Fairfax. A casa de madeira vermelha e branca tinha uma varanda de largura o suficiente para relaxar. Foi a\u00ed que Niveah ouviu Dhameka Glover e Dorothy Mack tag-Team como Griots modernos.<\/p>\n<p data-beyondwords-marker=\"6564032f-ed29-4303-b743-39c1b69f7c8f\">Jacksonville \u00e9 o lugar onde Glover se procurou no horizonte e a encontrou.<\/p>\n<p data-beyondwords-marker=\"be154324-ffaa-4ad4-aaa3-61411682ab31\">&#8220;Para mim, \u00e9 um dos momentos mais orgulhosos&#8221;, diz Ghreachka Glover. &#8220;Eu sempre tentei incutir em Niveah: &#8216;Voc\u00ea pode fazer o que quiser.&#8217; As pessoas dizem que o c\u00e9u \u00e9 o limite.<\/p>\n<p data-beyondwords-marker=\"238d4eef-542e-41eb-afb3-76e12714e035\">Seja o ex-professor de Douglas Anderson, Tiffany Melanson, o empres\u00e1rio local de arte Lydia-Rose Hanson, Coleman; o corpo docente de Jams ou a meia d\u00fazia de pessoas que dedicaram seu s\u00e1bado \u00e0 cria\u00e7\u00e3o do set para <em>Callas<\/em>Glover diz que Jacksonville a envolveu com encorajamento.<\/p>\n<p data-beyondwords-marker=\"d3fd8891-1c4b-4e5b-bccc-c4115f2edc27\">\u201cYou always have naysayers like &#8216;Why don&#8217;t you do it in (Washington) DC? Why don&#8217;t you do it in New York City? Why won&#8217;t you do it in Atlanta? But, I wanted to bring it home for the very first time. It was imperative to me that our community got the chance to see the brand, new work, by a local artist who is trying to get to Broadway, trying to make it to Tony night, trying to do the things that we see all the big, fancy celebrities do.\u201d<\/p>\n<p data-beyondwords-marker=\"bb1cd484-b7d6-454a-bc6d-7ed3a17aee88\">\u00c9 por isso que diretor e elenco s\u00e3o Jaxsons.<\/p>\n<p data-beyondwords-marker=\"8bfb9200-b4ec-46a1-b242-19c8c5277f8a\"><em>Callas<\/em> O diretor James F. Webb III \u00e9 um graduado nativo da Jaxson e da Universidade de Jacksonville, com quase duas d\u00e9cadas na ind\u00fastria do teatro.<\/p>\n<p data-beyondwords-marker=\"bf935694-b4b2-4491-8067-2a6cc08daaca\">Os atores Kanesha Mitchell e Zahara Mauldin s\u00e3o nativos de Jacksonville. Andrea Mauldin far\u00e1 sua estr\u00e9ia teatral ao lado de sua filha. Marquia Presley e Jahquez Fudge s\u00e3o graduados em Douglas Anderson. Enquanto isso, Milan Falls \u00e9 um aluno atual da Universidade de Jacksonville.<\/p>\n<p data-beyondwords-marker=\"02541e5b-6822-4945-85e7-3bc575e5dee1\">&#8220;Ela me disse: &#8216;Eu posso lev\u00e1 -lo a outros lugares, mas tenho que estre\u00e1 -lo em casa porque Jacksonville me deu as experi\u00eancias e a coragem de faz\u00ea -lo'&#8221;, lembrou Dherka Glover.<\/p>\n<p data-beyondwords-marker=\"d8d18652-5ee1-42a2-9cf4-9d30cfbc0ee2\">&#8220;Ent\u00e3o, eu devo a Jacksonville.&#8221;<\/p>\n<\/div>\n<p><br \/>\n<br \/><a href=\"https:\/\/jaxtoday.org\/2025\/07\/31\/jacksonville-native-hopes-callas-is-next-blossom-of-literary-career\/\">Source link <\/a><\/p>","protected":false},"excerpt":{"rendered":"<p>Os l\u00edrios de Calla fazem parte da experi\u00eancia negra como funerais que servem como reuni\u00f5es e reuni\u00f5es da fam\u00edlia de fato ap\u00f3s a interna\u00e7\u00e3o. As flores s\u00e3o onipresentes, mesmo que&hellip;<\/p>","protected":false},"author":1,"featured_media":122955,"comment_status":"closed","ping_status":"open","sticky":false,"template":"","format":"standard","meta":{"content-type":"","footnotes":""},"categories":[1],"tags":[],"class_list":["post-122954","post","type-post","status-publish","format-standard","has-post-thumbnail","hentry","category-uncategorized"],"_links":{"self":[{"href":"https:\/\/tvbrazilusa.com\/pt\/wp-json\/wp\/v2\/posts\/122954","targetHints":{"allow":["GET"]}}],"collection":[{"href":"https:\/\/tvbrazilusa.com\/pt\/wp-json\/wp\/v2\/posts"}],"about":[{"href":"https:\/\/tvbrazilusa.com\/pt\/wp-json\/wp\/v2\/types\/post"}],"author":[{"embeddable":true,"href":"https:\/\/tvbrazilusa.com\/pt\/wp-json\/wp\/v2\/users\/1"}],"replies":[{"embeddable":true,"href":"https:\/\/tvbrazilusa.com\/pt\/wp-json\/wp\/v2\/comments?post=122954"}],"version-history":[{"count":1,"href":"https:\/\/tvbrazilusa.com\/pt\/wp-json\/wp\/v2\/posts\/122954\/revisions"}],"predecessor-version":[{"id":122956,"href":"https:\/\/tvbrazilusa.com\/pt\/wp-json\/wp\/v2\/posts\/122954\/revisions\/122956"}],"wp:featuredmedia":[{"embeddable":true,"href":"https:\/\/tvbrazilusa.com\/pt\/wp-json\/wp\/v2\/media\/122955"}],"wp:attachment":[{"href":"https:\/\/tvbrazilusa.com\/pt\/wp-json\/wp\/v2\/media?parent=122954"}],"wp:term":[{"taxonomy":"category","embeddable":true,"href":"https:\/\/tvbrazilusa.com\/pt\/wp-json\/wp\/v2\/categories?post=122954"},{"taxonomy":"post_tag","embeddable":true,"href":"https:\/\/tvbrazilusa.com\/pt\/wp-json\/wp\/v2\/tags?post=122954"}],"curies":[{"name":"wp","href":"https:\/\/api.w.org\/{rel}","templated":true}]}}