{"id":122982,"date":"2025-07-31T20:00:00","date_gmt":"2025-07-31T20:00:00","guid":{"rendered":"https:\/\/tvbrazilusa.com\/2025\/07\/31\/precisamos-fechar-o-pais-para-um-balanco-diz-ex-ministro-marco-aurelio-sobre-gestos-obscenos-de-moraes\/"},"modified":"2025-07-31T20:19:04","modified_gmt":"2025-07-31T20:19:04","slug":"precisamos-fechar-o-pais-para-um-balanco-diz-ex-ministro-marco-aurelio-sobre-gestos-obscenos-de-moraes","status":"publish","type":"post","link":"https:\/\/tvbrazilusa.com\/pt\/2025\/07\/31\/precisamos-fechar-o-pais-para-um-balanco-diz-ex-ministro-marco-aurelio-sobre-gestos-obscenos-de-moraes\/","title":{"rendered":"Precisamos fechar o pa\u00eds para um balan\u00e7o\u201d, diz ex-ministro Marco Aur\u00e9lio sobre gestos obscenos de Moraes"},"content":{"rendered":"<p> <script async src=\"https:\/\/pagead2.googlesyndication.com\/pagead\/js\/adsbygoogle.js?client=ca-pub-8864793242727901\"\r\n     crossorigin=\"anonymous\"><\/script><br \/>\n<\/p>\n<div>\n<p>O ex-ministro Marco Aur\u00e9lio Mello se surpreendeu com a postura de Alexandre de Moraes ontem no jogo do Corinthians contra o Palmeiras. Ao ser vaiado pela torcida, o ministro mostrou o dedo do meio visivelmente irritado. Questionado por Claudio Dantas, no programa ALive, Mello reagiu:<\/p>\n<p>\u201cQuando eu vi essa imagem, eu pensei que fosse montagem, que fosse fake news. Eu n\u00e3o acreditei que ele pudesse realmente praticar esse ato que n\u00f3s sabemos que \u00e9 obsceno\u201d, afirmou.<\/p>\n<h2>Assista o v\u00eddeo e veja o que Marco Aur\u00e9lio Disse:<\/h2>\n<\/p>\n<p>Marco Aur\u00e9lio comparou o epis\u00f3dio a outros gestos e frases de autoridades em situa\u00e7\u00f5es p\u00fablicas: \u201cN\u00f3s tivemos no passado uma frase do atual presidente l\u00e1 em Nova Iorque que se virou para manifestante e disse \u2018perdeu, man\u00e9\u2019. J\u00e1 foi uma extravag\u00e2ncia. Agora, chegar-se, mediante um gesto, a um xingamento\u2026 Qual \u00e9 o per\u00edodo que n\u00f3s estamos vivendo no pa\u00eds?\u201d<\/p>\n<p>O ex-ministro disse acreditar que Moraes esteja arrependido. \u201cEu creio que hoje o ministro Alexandre de Moraes deve estar super arrependido do que fez, de ter feito o gesto que fez em um local p\u00fablico. Agora, eu n\u00e3o queria estar na pele.\u201d<\/p>\n<p>Na avalia\u00e7\u00e3o de Marco Aur\u00e9lio, os atuais integrantes da Corte t\u00eam perdido a identifica\u00e7\u00e3o com o cidad\u00e3o comum. \u201cHoje, os integrantes do Supremo, como quer, perderam a cidadania. S\u00f3 conseguem sair a p\u00fablico acompanhados de um contingente.\u201d<\/p>\n<p>O gesto de Moraes foi registrado na noite de ter\u00e7a-feira (30), durante partida v\u00e1lida pelas oitavas de final da Copa do Brasil. Ele foi vaiado por parte da torcida presente no est\u00e1dio e respondeu com o dedo m\u00e9dio erguido. Moraes estava acompanhado da esposa em um dos camarotes e permaneceu at\u00e9 o fim do jogo.<\/p>\n<p>No mesmo dia, Moraes havia sido inclu\u00eddo pelo governo dos Estados Unidos na lista de san\u00e7\u00f5es da Lei Magnitsky, que imp\u00f5e restri\u00e7\u00f5es a autoridades estrangeiras acusadas de corrup\u00e7\u00e3o ou viola\u00e7\u00e3o de direitos humanos.<\/p>\n<\/div>\n<p><br \/>\n<br \/><a href=\"https:\/\/tvfloridausa.com\/2025\/07\/31\/precisamos-fechar-o-pais-para-um-balanco-diz-ex-ministro-marco-aurelio-sobre-gestos-obscenos-de-moraes\/\">Source link <\/a><\/p>","protected":false},"excerpt":{"rendered":"<p>O ex-ministro Marco Aur\u00e9lio Mello se surpreendeu com a postura de Alexandre de Moraes ontem no jogo do Corinthians contra o Palmeiras. Ao ser vaiado pela torcida, o ministro mostrou&hellip;<\/p>","protected":false},"author":1,"featured_media":122206,"comment_status":"closed","ping_status":"open","sticky":false,"template":"","format":"standard","meta":{"content-type":"","footnotes":""},"categories":[22],"tags":[],"class_list":["post-122982","post","type-post","status-publish","format-standard","has-post-thumbnail","hentry","category-tv-florida-usa"],"_links":{"self":[{"href":"https:\/\/tvbrazilusa.com\/pt\/wp-json\/wp\/v2\/posts\/122982","targetHints":{"allow":["GET"]}}],"collection":[{"href":"https:\/\/tvbrazilusa.com\/pt\/wp-json\/wp\/v2\/posts"}],"about":[{"href":"https:\/\/tvbrazilusa.com\/pt\/wp-json\/wp\/v2\/types\/post"}],"author":[{"embeddable":true,"href":"https:\/\/tvbrazilusa.com\/pt\/wp-json\/wp\/v2\/users\/1"}],"replies":[{"embeddable":true,"href":"https:\/\/tvbrazilusa.com\/pt\/wp-json\/wp\/v2\/comments?post=122982"}],"version-history":[{"count":1,"href":"https:\/\/tvbrazilusa.com\/pt\/wp-json\/wp\/v2\/posts\/122982\/revisions"}],"predecessor-version":[{"id":122983,"href":"https:\/\/tvbrazilusa.com\/pt\/wp-json\/wp\/v2\/posts\/122982\/revisions\/122983"}],"wp:featuredmedia":[{"embeddable":true,"href":"https:\/\/tvbrazilusa.com\/pt\/wp-json\/wp\/v2\/media\/122206"}],"wp:attachment":[{"href":"https:\/\/tvbrazilusa.com\/pt\/wp-json\/wp\/v2\/media?parent=122982"}],"wp:term":[{"taxonomy":"category","embeddable":true,"href":"https:\/\/tvbrazilusa.com\/pt\/wp-json\/wp\/v2\/categories?post=122982"},{"taxonomy":"post_tag","embeddable":true,"href":"https:\/\/tvbrazilusa.com\/pt\/wp-json\/wp\/v2\/tags?post=122982"}],"curies":[{"name":"wp","href":"https:\/\/api.w.org\/{rel}","templated":true}]}}