{"id":123010,"date":"2025-08-01T00:16:00","date_gmt":"2025-08-01T00:16:00","guid":{"rendered":"https:\/\/tvbrazilusa.com\/2025\/08\/01\/carta-do-governo-trump-manda-recado-a-barroso-tv-florida-usa-a-sua-tv-brasileira-nos-estados-unidos\/"},"modified":"2025-08-01T01:36:25","modified_gmt":"2025-08-01T01:36:25","slug":"carta-do-governo-trump-manda-recado-a-barroso-tv-florida-usa-a-sua-tv-brasileira-nos-estados-unidos","status":"publish","type":"post","link":"https:\/\/tvbrazilusa.com\/pt\/2025\/08\/01\/carta-do-governo-trump-manda-recado-a-barroso-tv-florida-usa-a-sua-tv-brasileira-nos-estados-unidos\/","title":{"rendered":"carta do governo Trump manda recado a Barroso \u2013 TV Florida USA \u2013 A sua TV Brasileira nos Estados Unidos"},"content":{"rendered":"<p> <script async src=\"https:\/\/pagead2.googlesyndication.com\/pagead\/js\/adsbygoogle.js?client=ca-pub-8864793242727901\"\r\n     crossorigin=\"anonymous\"><\/script><br \/>\n<\/p>\n<div>\n<p data-end=\"572\" data-start=\"0\">A recente escalada de tens\u00f5es entre Brasil e Estados Unidos ganhou novos contornos depois que declara\u00e7\u00f5es e an\u00e1lises pol\u00eamicas vieram a p\u00fablico em meio a san\u00e7\u00f5es e medidas comerciais in\u00e9ditas. Em um debate que come\u00e7ou de forma descontra\u00edda \u2014 em meio a piadas de anivers\u00e1rio e sauda\u00e7\u00f5es bem-humoradas entre comentaristas \u2014 o assunto logo avan\u00e7ou para um tema que exp\u00f5e o atual clima de incerteza pol\u00edtica e jur\u00eddica: a aplica\u00e7\u00e3o da Lei Magnitsky contra o ministro do Supremo Tribunal Federal (STF) Alexandre de Moraes e o novo tarifa\u00e7o imposto pelo governo norte-americano.<\/p>\n<p data-end=\"1091\" data-start=\"684\"><strong>Confira detalhes no v\u00eddeo:<\/strong><\/p>\n<\/p>\n<p>Durante uma transmiss\u00e3o ao vivo, um dos debatedores chamou aten\u00e7\u00e3o para o fato de que muitos brasileiros demonstram entusiasmo com a puni\u00e7\u00e3o vinda de fora, esquecendo que san\u00e7\u00f5es desse tipo, historicamente, costumam penalizar mais a popula\u00e7\u00e3o do que os l\u00edderes pol\u00edticos que as motivaram. O argumento lembrou epis\u00f3dios vividos por pa\u00edses governados por regimes autorit\u00e1rios, como Cuba e Venezuela, onde embargos econ\u00f4micos agravaram crises internas, enquanto seus l\u00edderes continuaram ostentando luxo e poder.<\/p>\n<p data-end=\"1483\" data-start=\"1086\">A reflex\u00e3o destacou que, embora a san\u00e7\u00e3o internacional a Moraes seja simb\u00f3lica e tenha impactos reais no patrim\u00f4nio do magistrado, quem costuma sentir o maior peso de restri\u00e7\u00f5es econ\u00f4micas \u00e9 sempre o cidad\u00e3o comum. Por outro lado, a medida foi considerada por analistas como uma forma de press\u00e3o que atinge o ponto mais sens\u00edvel de qualquer autoridade: o bolso e o acesso a bens e contas em d\u00f3lar.<\/p>\n<p data-end=\"1982\" data-start=\"1485\">Um ponto que chamou a aten\u00e7\u00e3o foi o detalhe de que a determina\u00e7\u00e3o pro\u00edbe qualquer cidad\u00e3o americano ou residente legal nos Estados Unidos de realizar transa\u00e7\u00f5es financeiras em nome de Moraes. O alerta se estende a familiares e assessores pr\u00f3ximos, o que amplia os poss\u00edveis efeitos pr\u00e1ticos das san\u00e7\u00f5es. H\u00e1 quem veja nisso uma mensagem indireta tamb\u00e9m a outros ministros do STF que, segundo o mesmo discurso, compartilham decis\u00f5es e sustentam a postura de Moraes em julgamentos que dividem o pa\u00eds.<\/p>\n<p data-end=\"2531\" data-start=\"1984\">Os debatedores mencionaram nomes como Fl\u00e1vio Dino, Cristiano Zanin, Carmen L\u00facia, Edson Fachin, Dias Toffoli, Gilmar Mendes e o atual presidente do Supremo, Lu\u00eds Roberto Barroso. Todos, segundo os comentaristas, podem estar sob risco de restri\u00e7\u00f5es adicionais caso o clima de embate se intensifique. Para alguns analistas, a aus\u00eancia do nome de Luiz Fux entre os que tiveram visto cancelado pode ser uma pe\u00e7a estrat\u00e9gica no tabuleiro de press\u00f5es pol\u00edticas, funcionando como um recado velado em um jogo de xadrez que envolve o Judici\u00e1rio brasileiro.<\/p>\n<p data-end=\"3017\" data-start=\"2533\">Al\u00e9m das san\u00e7\u00f5es individuais, o cen\u00e1rio ficou ainda mais tenso com a assinatura de uma ordem executiva do presidente Donald Trump determinando uma tarifa extra de 40% sobre produtos brasileiros, elevando a carga tribut\u00e1ria total a 50%. A justificativa oficial fala em amea\u00e7a \u201cincomum e extraordin\u00e1ria\u201d \u00e0 seguran\u00e7a nacional, \u00e0 economia e \u00e0 pol\u00edtica externa dos EUA. O gesto endureceu ainda mais o clima de atrito comercial, tornando remota qualquer chance de negocia\u00e7\u00e3o no curto prazo.<\/p>\n<p data-end=\"3395\" data-start=\"3019\">Enquanto isso, l\u00edderes pol\u00edticos brasileiros reagem entre ironias, provoca\u00e7\u00f5es e discursos inflamados, tentando sustentar a narrativa de defesa da soberania nacional. Para analistas mais c\u00e9ticos, no entanto, o impacto pr\u00e1tico recai de fato sobre o setor produtivo, as exporta\u00e7\u00f5es e, consequentemente, sobre a popula\u00e7\u00e3o, que sente o reflexo em pre\u00e7os, empregos e investimentos.<\/p>\n<p data-end=\"3779\" data-is-last-node=\"\" data-is-only-node=\"\" data-start=\"3397\">Em meio a tantas camadas, o epis\u00f3dio escancara as contradi\u00e7\u00f5es da pol\u00edtica brasileira: um Judici\u00e1rio envolvido em pol\u00eamicas, san\u00e7\u00f5es externas que miram autoridades, mas que respingam na economia, e a incerteza sobre at\u00e9 onde vai essa queda de bra\u00e7o internacional. Enquanto isso, a \u00fanica certeza \u00e9 que o jogo segue aberto e que, como sempre, a conta pode sobrar para o cidad\u00e3o comum.<\/p>\n<p data-end=\"1091\" data-start=\"684\"><strong>\u00a0<\/strong><\/p>\n<\/div>\n<p><br \/>\n<br \/><a href=\"https:\/\/tvfloridausa.com\/2025\/08\/01\/mundo-carta-do-governo-trump-manda-recado-a-barroso\/\">Source link <\/a><\/p>","protected":false},"excerpt":{"rendered":"<p>A recente escalada de tens\u00f5es entre Brasil e Estados Unidos ganhou novos contornos depois que declara\u00e7\u00f5es e an\u00e1lises pol\u00eamicas vieram a p\u00fablico em meio a san\u00e7\u00f5es e medidas comerciais in\u00e9ditas.&hellip;<\/p>","protected":false},"author":1,"featured_media":122206,"comment_status":"closed","ping_status":"open","sticky":false,"template":"","format":"standard","meta":{"content-type":"","footnotes":""},"categories":[22],"tags":[],"class_list":["post-123010","post","type-post","status-publish","format-standard","has-post-thumbnail","hentry","category-tv-florida-usa"],"_links":{"self":[{"href":"https:\/\/tvbrazilusa.com\/pt\/wp-json\/wp\/v2\/posts\/123010","targetHints":{"allow":["GET"]}}],"collection":[{"href":"https:\/\/tvbrazilusa.com\/pt\/wp-json\/wp\/v2\/posts"}],"about":[{"href":"https:\/\/tvbrazilusa.com\/pt\/wp-json\/wp\/v2\/types\/post"}],"author":[{"embeddable":true,"href":"https:\/\/tvbrazilusa.com\/pt\/wp-json\/wp\/v2\/users\/1"}],"replies":[{"embeddable":true,"href":"https:\/\/tvbrazilusa.com\/pt\/wp-json\/wp\/v2\/comments?post=123010"}],"version-history":[{"count":1,"href":"https:\/\/tvbrazilusa.com\/pt\/wp-json\/wp\/v2\/posts\/123010\/revisions"}],"predecessor-version":[{"id":123011,"href":"https:\/\/tvbrazilusa.com\/pt\/wp-json\/wp\/v2\/posts\/123010\/revisions\/123011"}],"wp:featuredmedia":[{"embeddable":true,"href":"https:\/\/tvbrazilusa.com\/pt\/wp-json\/wp\/v2\/media\/122206"}],"wp:attachment":[{"href":"https:\/\/tvbrazilusa.com\/pt\/wp-json\/wp\/v2\/media?parent=123010"}],"wp:term":[{"taxonomy":"category","embeddable":true,"href":"https:\/\/tvbrazilusa.com\/pt\/wp-json\/wp\/v2\/categories?post=123010"},{"taxonomy":"post_tag","embeddable":true,"href":"https:\/\/tvbrazilusa.com\/pt\/wp-json\/wp\/v2\/tags?post=123010"}],"curies":[{"name":"wp","href":"https:\/\/api.w.org\/{rel}","templated":true}]}}