{"id":123133,"date":"2025-08-02T18:41:00","date_gmt":"2025-08-02T18:41:00","guid":{"rendered":"https:\/\/tvbrazilusa.com\/2025\/08\/02\/o-que-tem-no-dossie-moraes-veja-as-acusacoes-contra-o-ministro-do-stf-tv-florida-usa-a-sua-tv-brasileira-nos-estados-unidos\/"},"modified":"2025-08-02T19:46:25","modified_gmt":"2025-08-02T19:46:25","slug":"o-que-tem-no-dossie-moraes-veja-as-acusacoes-contra-o-ministro-do-stf-tv-florida-usa-a-sua-tv-brasileira-nos-estados-unidos","status":"publish","type":"post","link":"https:\/\/tvbrazilusa.com\/pt\/2025\/08\/02\/o-que-tem-no-dossie-moraes-veja-as-acusacoes-contra-o-ministro-do-stf-tv-florida-usa-a-sua-tv-brasileira-nos-estados-unidos\/","title":{"rendered":"O que tem no \u2018Dossi\u00ea Moraes\u2019? Veja as acusa\u00e7\u00f5es contra o ministro do STF \u2013 TV Florida USA \u2013 A sua TV Brasileira nos Estados Unidos"},"content":{"rendered":"<p> <script async src=\"https:\/\/pagead2.googlesyndication.com\/pagead\/js\/adsbygoogle.js?client=ca-pub-8864793242727901\"\r\n     crossorigin=\"anonymous\"><\/script><br \/>\n<\/p>\n<div>\n<p data-start=\"342\" data-end=\"738\">Foi lan\u00e7ado nesta sexta-feira (1\u00ba) o <em data-start=\"394\" data-end=\"409\">Dossi\u00ea Moraes<\/em>, uma plataforma online que re\u00fane mais de 70 acusa\u00e7\u00f5es contra o ministro Alexandre de Moraes, do Supremo Tribunal Federal (STF). A iniciativa \u00e9 liderada pelo advogado e vereador de Curitiba Rodrigo Marcial (Novo), que afirma: \u201cN\u00e3o \u00e9 apenas um motivo para o impeachment de Moraes, mas todos os motivos para tirarmos ele do poder\u201d.<\/p>\n<p data-start=\"740\" data-end=\"1079\">O objetivo do site \u00e9 claro: reunir assinaturas de cidad\u00e3os interessados em se tornarem coautores de um novo pedido de impeachment contra o ministro, que dever\u00e1 ser protocolado no Senado no dia 8 de setembro. A coleta de assinaturas segue at\u00e9 o feriado da Independ\u00eancia, no dia 7. Para participar, \u00e9 necess\u00e1rio informar nome completo e CPF.<\/p>\n<p data-start=\"1081\" data-end=\"1533\">A mobiliza\u00e7\u00e3o j\u00e1 conta com o apoio de parlamentares, como o senador Eduardo Gir\u00e3o (Novo-CE) e o deputado federal Marcel van Hattem (Novo-RS), que t\u00eam atuado em conjunto com outros congressistas em a\u00e7\u00f5es contra o magistrado. \u201cJ\u00e1 assinei outros pedidos e tenho sido favor\u00e1vel a essa tema h\u00e1 anos\u201d, declarou Van Hattem. Para Gir\u00e3o, o momento exige mobiliza\u00e7\u00e3o: \u201cAs institui\u00e7\u00f5es t\u00eam fingido n\u00e3o perceber a gravidade do momento em que o Brasil se encontra\u201d.<\/p>\n<p data-start=\"1535\" data-end=\"1856\">Segundo o senador, a censura sofrida no pa\u00eds em 2022 e as den\u00fancias de viola\u00e7\u00f5es de direitos humanos \u2014 como pris\u00f5es pol\u00edticas, bloqueios de contas e apreens\u00e3o de passaportes \u2014 j\u00e1 s\u00e3o reconhecidas por outras na\u00e7\u00f5es. \u201c\u00c9 importante que a gente se movimente de todas as formas nesse momento crucial para nosso pa\u00eds\u201d, afirmou.<\/p>\n<p data-start=\"1858\" data-end=\"2247\">O <em data-start=\"1860\" data-end=\"1875\">Dossi\u00ea Moraes<\/em> apresenta uma linha do tempo com os atos do ministro que, segundo seus organizadores, configuram crimes de responsabilidade \u00e0 luz da Lei 1.079\/1950, que trata do impeachment de autoridades. Entre os casos listados est\u00e3o desde a recente pol\u00eamica envolvendo um gesto obsceno feito por Moraes durante um jogo de futebol at\u00e9 a instaura\u00e7\u00e3o do inqu\u00e9rito das fake news, em 2019.<\/p>\n<p>Alguns dos <a rel=\"nofollow\" target=\"_blank\" href=\"https:\/\/www.dossiemoraes.com.br\/\">t\u00f3picos elencados pelo \u201cDossi\u00ea Moraes\u201d,<\/a>\u00a0s\u00e3o:<\/p>\n<ul>\n<li>Proibi\u00e7\u00e3o do uso de farda por r\u00e9us militares durante interrogat\u00f3rio;<\/li>\n<li>Ordem para a retirada de parlamentares que montaram acampamento na Pra\u00e7a dos Tr\u00eas Poderes em Bras\u00edlia;<\/li>\n<li>Bloqueio de bens, contas e Pix de Eduardo Bolsonaro e sua mulher nos EUA por incitar tarifa\u00e7o de Trump;<\/li>\n<li>Restabelecimento do aumento do IOF por decis\u00e3o monocr\u00e1tica;<\/li>\n<li>Moraes \u201ccassa\u201d a palavra de advogado durante uma audi\u00eancia;<\/li>\n<li>Moraes cita Jair Bolsonaro na UTI;<\/li>\n<li>Moraes converte pris\u00e3o de D\u00e9bora Rodrigues para pris\u00e3o domiciliar com tornozeleira;<\/li>\n<li>Moraes suspende Rumble no Brasil por supostamente descumprir ordens judiciais;<\/li>\n<li>Moraes interroga Cid sobre monitoramento pr\u00f3prio sem declarar suspei\u00e7\u00e3o;<\/li>\n<li>Moraes ordena bloqueio nacional do X por descumprimento judicial.<\/li>\n<\/ul>\n<p data-start=\"2249\" data-end=\"2517\">\u201cAnalisamos de forma t\u00e9cnico-jur\u00eddica cada um desses atos\u201d, garante o vereador Rodrigo Marcial. Ele destaca que o conte\u00fado foi elaborado ao longo de v\u00e1rias semanas e ser\u00e1 continuamente atualizado conforme novas den\u00fancias forem recebidas, avaliadas e inseridas no site.<\/p>\n<p><img fetchpriority=\"high\" decoding=\"async\" class=\"alignnone wp-image-3694 size-full\" alt=\"\" width=\"660\" height=\"372\" srcset=\"https:\/\/www.podernacional.com.br\/wp-content\/uploads\/2025\/08\/Dosse-1.webp 660w, https:\/\/www.podernacional.com.br\/wp-content\/uploads\/2025\/08\/Dosse-1-300x169.webp 300w, https:\/\/www.podernacional.com.br\/wp-content\/uploads\/2025\/08\/Dosse-1-18x10.webp 18w\" data-lazy-sizes=\"(max-width: 660px) 100vw, 660px\" src=\"https:\/\/www.podernacional.com.br\/wp-content\/uploads\/2025\/08\/Dosse-1.webp\"\/><img loading=\"lazy\" decoding=\"async\" class=\"alignnone wp-image-3694 size-full\" src=\"https:\/\/www.podernacional.com.br\/wp-content\/uploads\/2025\/08\/Dosse-1.webp\" alt=\"\" width=\"660\" height=\"372\" srcset=\"https:\/\/www.podernacional.com.br\/wp-content\/uploads\/2025\/08\/Dosse-1.webp 660w, https:\/\/www.podernacional.com.br\/wp-content\/uploads\/2025\/08\/Dosse-1-300x169.webp 300w, https:\/\/www.podernacional.com.br\/wp-content\/uploads\/2025\/08\/Dosse-1-18x10.webp 18w\" sizes=\"auto, (max-width: 660px) 100vw, 660px\"\/><\/p>\n<h2>Cidad\u00e3os podem ser coautores do pedido de impeachment do Dossi\u00ea Moraes<\/h2>\n<p>A Lei 1.079 tamb\u00e9m permite que qualquer cidad\u00e3o protocole um pedido de impeachment de ministro do STF, e \u00e9 com base nisso que os organizadores esperam reunir o maior n\u00famero poss\u00edvel de apoiadores. \u201cSe os representantes eleitos se calarem diante do arb\u00edtrio, o Brasil n\u00e3o ter\u00e1 esperan\u00e7a\u201d, conclui Marcial.<\/p>\n<p>\u201cSe os representantes eleitos se calarem diante do arb\u00edtrio, o Brasil n\u00e3o ter\u00e1 esperan\u00e7a. Ent\u00e3o, faz parte do meu papel, como representante da popula\u00e7\u00e3o de Curitiba, atuar\u201d, finaliza.<\/p>\n<\/div>\n<p><br \/>\n<br \/><a href=\"https:\/\/tvfloridausa.com\/2025\/08\/02\/o-que-tem-no-dossie-moraes-veja-as-acusacoes-contra-o-ministro-do-stf\/\">Source link <\/a><\/p>","protected":false},"excerpt":{"rendered":"<p>Foi lan\u00e7ado nesta sexta-feira (1\u00ba) o Dossi\u00ea Moraes, uma plataforma online que re\u00fane mais de 70 acusa\u00e7\u00f5es contra o ministro Alexandre de Moraes, do Supremo Tribunal Federal (STF). A iniciativa&hellip;<\/p>","protected":false},"author":1,"featured_media":123134,"comment_status":"closed","ping_status":"open","sticky":false,"template":"","format":"standard","meta":{"content-type":"","footnotes":""},"categories":[22],"tags":[],"class_list":["post-123133","post","type-post","status-publish","format-standard","has-post-thumbnail","hentry","category-tv-florida-usa"],"_links":{"self":[{"href":"https:\/\/tvbrazilusa.com\/pt\/wp-json\/wp\/v2\/posts\/123133","targetHints":{"allow":["GET"]}}],"collection":[{"href":"https:\/\/tvbrazilusa.com\/pt\/wp-json\/wp\/v2\/posts"}],"about":[{"href":"https:\/\/tvbrazilusa.com\/pt\/wp-json\/wp\/v2\/types\/post"}],"author":[{"embeddable":true,"href":"https:\/\/tvbrazilusa.com\/pt\/wp-json\/wp\/v2\/users\/1"}],"replies":[{"embeddable":true,"href":"https:\/\/tvbrazilusa.com\/pt\/wp-json\/wp\/v2\/comments?post=123133"}],"version-history":[{"count":1,"href":"https:\/\/tvbrazilusa.com\/pt\/wp-json\/wp\/v2\/posts\/123133\/revisions"}],"predecessor-version":[{"id":123135,"href":"https:\/\/tvbrazilusa.com\/pt\/wp-json\/wp\/v2\/posts\/123133\/revisions\/123135"}],"wp:featuredmedia":[{"embeddable":true,"href":"https:\/\/tvbrazilusa.com\/pt\/wp-json\/wp\/v2\/media\/123134"}],"wp:attachment":[{"href":"https:\/\/tvbrazilusa.com\/pt\/wp-json\/wp\/v2\/media?parent=123133"}],"wp:term":[{"taxonomy":"category","embeddable":true,"href":"https:\/\/tvbrazilusa.com\/pt\/wp-json\/wp\/v2\/categories?post=123133"},{"taxonomy":"post_tag","embeddable":true,"href":"https:\/\/tvbrazilusa.com\/pt\/wp-json\/wp\/v2\/tags?post=123133"}],"curies":[{"name":"wp","href":"https:\/\/api.w.org\/{rel}","templated":true}]}}