{"id":123165,"date":"2025-08-03T17:44:44","date_gmt":"2025-08-03T17:44:44","guid":{"rendered":"https:\/\/tvbrazilusa.com\/2025\/08\/03\/opiniao-as-fotos-nao-mentem-mas-eles-importam-jacksonville-hoje\/"},"modified":"2025-08-03T17:48:33","modified_gmt":"2025-08-03T17:48:33","slug":"opiniao-as-fotos-nao-mentem-mas-eles-importam-jacksonville-hoje","status":"publish","type":"post","link":"https:\/\/tvbrazilusa.com\/pt\/2025\/08\/03\/opiniao-as-fotos-nao-mentem-mas-eles-importam-jacksonville-hoje\/","title":{"rendered":"Opini\u00e3o | As fotos n\u00e3o mentem. Mas eles importam? | Jacksonville hoje"},"content":{"rendered":"<p> <script async src=\"https:\/\/pagead2.googlesyndication.com\/pagead\/js\/adsbygoogle.js?client=ca-pub-8864793242727901\"\r\n     crossorigin=\"anonymous\"><\/script><br \/>\n<\/p>\n<div>\n<p>Apreens\u00e3o policial de fevereiro passado de <a href=\"https:\/\/www.jaxsheriff.org\/News\/20250729-Statement.aspx\" rel=\"nofollow noopener\" target=\"_blank\">William McNeil, jr<\/a>. Por dirigir sem far\u00f3is em um dia claro n\u00e3o foi o tipo de coisa que fazia sentido para as pessoas que o veem pela primeira vez nas m\u00eddias sociais.<\/p>\n<p>Muitos espectadores viram isso como brutalidade policial, ignorando o fracasso do garoto de 22 anos em cooperar com o que era uma parada de tr\u00e2nsito aparentemente agressiva.<\/p>\n<p>Como o escrit\u00f3rio do advogado Ben Crump colocou: &#8220;Quando McNeil pediu calmamente para falar com um supervisor, os policiais responderam ao esmagar sua janela e soc\u00e1 -lo no rosto v\u00e1rias vezes&#8221;.<\/p>\n<p><!-- This site is converting visitors into subscribers and customers with OptinMonster - https:\/\/app.optinmonster.com :: Campaign Title: 2025 Email Registration Wall Message --><\/p>\n<p><!-- \/ OptinMonster --><\/p>\n<p>Se temos o direito de pedir um supervisor durante uma parada policial como uma transa\u00e7\u00e3o de atendimento ao cliente que deu errado, presumivelmente \u00e9 uma quest\u00e3o de debate. <\/p>\n<p>Mas o que \u00e9 menos discut\u00edvel \u00e9 que o evento deu terrivelmente errado tanto para o suspeito quanto para os policiais que o esgotaram. <\/p>\n<p>Durante uma confer\u00eancia de imprensa no m\u00eas passado, McNeil emoldurou da seguinte maneira: &#8220;Eu estava sendo mantido sob a mira e n\u00e3o me senti seguro&#8221;.<\/p>\n<p>Com um processo pendente, o JSO n\u00e3o est\u00e1 dizendo muito, exceto que um oficial do incidente n\u00e3o est\u00e1 no campo, que uma investiga\u00e7\u00e3o est\u00e1 em andamento e que o v\u00eddeo completo do corpo da pol\u00edcia oferece um contexto mais perdoador para o que aconteceu do que os trechos que se tornaram virais nas m\u00eddias sociais, que de acordo com <a href=\"https:\/\/www.jaxsheriff.org\/News\/20250720-Statement.aspx\" rel=\"nofollow noopener\" target=\"_blank\">\u00c1guas do xerife<\/a>&#8220;n\u00e3o capture de forma abrangente as circunst\u00e2ncias em torno do incidente&#8221; devido \u00e0 &#8220;dist\u00e2ncia e perspectiva do telefone celular de grava\u00e7\u00e3o&#8221; e \u00e0 omiss\u00e3o dos &#8220;os eventos que precederam a decis\u00e3o dos policiais Bowers de prender McNeil&#8221;.<\/p>\n<p>Ent\u00e3o a declara\u00e7\u00e3o \u00e9 meta, sugerindo que as evid\u00eancias concretas t\u00eam limita\u00e7\u00f5es.<\/p>\n<p>&#8220;Al\u00e9m disso, as c\u00e2meras s\u00f3 podem capturar o que pode ser visto e ouvido. Muito contexto e profundidade est\u00e3o ausentes das imagens gravadas, porque uma c\u00e2mera simplesmente n\u00e3o pode capturar o que se sabe as pessoas retratadas nela.&#8221;<\/p>\n<p>A postura de JSO introduz o princ\u00edpio legal de d\u00favida razo\u00e1vel &#8211; sugerindo que os observadores externos n\u00e3o t\u00eam o conhecimento para cobrar o julgamento, levantando a quest\u00e3o filos\u00f3fica de se \u00e9 poss\u00edvel que algum de n\u00f3s julgue os outros, aus\u00eancia de contexto completo n\u00e3o apenas de suas a\u00e7\u00f5es, mas do pr\u00f3logo.<\/p>\n<p>A d\u00favida razo\u00e1vel \u00e9 suficiente para um caso como esse.<\/p>\n<p>Gov. <a href=\"https:\/\/floridapolitics.com\/archives\/748391-jax-desantis-debunked\/\" rel=\"nofollow noopener\" target=\"_blank\">Ron DeSantis<\/a> &#8211; cujo endosso de \u00e1guas em 2022 terminou essencialmente a corrida de qualquer xerife para preencher o mandato n\u00e3o expirado de Mike Williams &#8211; disse que sabe o que aconteceu mesmo sem estudar o incidente. <\/p>\n<p>&#8220;Talvez eu o revise, em algum momento. Mas eu meio que ouvi falar sobre isso&#8221;, disse DeSantis no m\u00eas passado. &#8220;Ent\u00e3o eu ouvi a resposta, e fico tipo, &#8216;Sim, esse tipo de check -out para mim sem nem mesmo conhecer nenhum dos fatos.&#8217; Eu s\u00f3 sei como isso funciona, certo? &#8220;<\/p>\n<p>Os pol\u00edticos locais n\u00e3o tiveram muito a dizer e, dada a vantagem do Partido Republicano de 6 a 1 no Comit\u00ea de Finan\u00e7as do Conselho da Cidade, provavelmente nem haver\u00e1 uma troca sobre isso durante a audi\u00eancia do or\u00e7amento da JSO neste m\u00eas. <\/p>\n<p>E se houver, e da\u00ed? A hist\u00f3ria nos diz que nada viria sobre isso de qualquer maneira.<\/p>\n<p>O atual conselho disse muito pouco para criticar o JSO sob as \u00e1guas, e os conselhos anteriores falharam e se depararam quando ficaram em confrontos. Havia barulho sobre os conselhos de revis\u00e3o civil, mas os poucos que os queriam nunca tiveram um plano real para colocar o idioma na Carta antes que uma lei de preemp\u00e7\u00e3o estadual ilegalizasse o conceito de qualquer maneira. <\/p>\n<p>Depois, houve o tempo em que um vereador queria manter metade do or\u00e7amento da JSO abaixo da linha, for\u00e7ando efetivamente a voltar no meio do ano para cantar para o jantar. <\/p>\n<p>Certamente, um processo civil pode ser um espet\u00e1culo caro. Talvez quando a equipe da Florida Doge estiver na cidade este m\u00eas para examinar os gastos da cidade de Jacksonville, eles podem querer revisar a economia dos assentamentos se ficarem sem Dei e CRT para fazer lobby no or\u00e7amento. <\/p>\n<p>Mas n\u00e3o importa o que Ben Crump e os associados realizem, eles n\u00e3o mudar\u00e3o a maneira como os neg\u00f3cios policiais s\u00e3o conduzidos. <\/p>\n<p>Houve um simulacro de uma janela para protestos sustentados em 2020, depois que George Floyd foi morto, mas seu principal resultado foi colocar Joe Biden na Casa Branca antes do in\u00edcio da rea\u00e7\u00e3o. Agora, \u00e9 uma reminisc\u00eancia de sonho febril, como m\u00e1scaras de covid e pelotons.<\/p>\n<p>E mesmo que os legisladores quisessem reprimir a viol\u00eancia policial percebida, isso n\u00e3o importaria muito. Como observou o governador DeSantis na semana passada, os xerifes locais se preocupam com o gelo tentando &#8220;roubar&#8221; seus representantes para a aplica\u00e7\u00e3o da imigra\u00e7\u00e3o, com promessas de perd\u00e3o em empr\u00e9stimos para estudantes e grandes b\u00f4nus de assinatura como incentivos.<\/p>\n<p>O trabalho tem o poder nesse cen\u00e1rio. E como aqueles que lidaram com a ordem fraterna da pol\u00edcia podem dizer, Woody Guthrie estava certo quando ele disse que havia poder em um sindicato. <\/p>\n<p>Por esses motivos e outros, na Fl\u00f3rida e na maioria dos outros lugares, o estado tem latitude ao abordar uma amea\u00e7a percebida. \u00c9 institucionalmente protegido e sempre ser\u00e1.<\/p>\n<\/div>\n<p><br \/>\n<br \/><a href=\"https:\/\/jaxtoday.org\/2025\/08\/03\/opinion-pictures-dont-lie-but-do-they-even-matter\/\">Source link <\/a><\/p>","protected":false},"excerpt":{"rendered":"<p>Apreens\u00e3o policial de fevereiro passado de William McNeil, jr. Por dirigir sem far\u00f3is em um dia claro n\u00e3o foi o tipo de coisa que fazia sentido para as pessoas que&hellip;<\/p>","protected":false},"author":1,"featured_media":123166,"comment_status":"closed","ping_status":"open","sticky":false,"template":"","format":"standard","meta":{"content-type":"","footnotes":""},"categories":[1],"tags":[],"class_list":["post-123165","post","type-post","status-publish","format-standard","has-post-thumbnail","hentry","category-uncategorized"],"_links":{"self":[{"href":"https:\/\/tvbrazilusa.com\/pt\/wp-json\/wp\/v2\/posts\/123165","targetHints":{"allow":["GET"]}}],"collection":[{"href":"https:\/\/tvbrazilusa.com\/pt\/wp-json\/wp\/v2\/posts"}],"about":[{"href":"https:\/\/tvbrazilusa.com\/pt\/wp-json\/wp\/v2\/types\/post"}],"author":[{"embeddable":true,"href":"https:\/\/tvbrazilusa.com\/pt\/wp-json\/wp\/v2\/users\/1"}],"replies":[{"embeddable":true,"href":"https:\/\/tvbrazilusa.com\/pt\/wp-json\/wp\/v2\/comments?post=123165"}],"version-history":[{"count":1,"href":"https:\/\/tvbrazilusa.com\/pt\/wp-json\/wp\/v2\/posts\/123165\/revisions"}],"predecessor-version":[{"id":123167,"href":"https:\/\/tvbrazilusa.com\/pt\/wp-json\/wp\/v2\/posts\/123165\/revisions\/123167"}],"wp:featuredmedia":[{"embeddable":true,"href":"https:\/\/tvbrazilusa.com\/pt\/wp-json\/wp\/v2\/media\/123166"}],"wp:attachment":[{"href":"https:\/\/tvbrazilusa.com\/pt\/wp-json\/wp\/v2\/media?parent=123165"}],"wp:term":[{"taxonomy":"category","embeddable":true,"href":"https:\/\/tvbrazilusa.com\/pt\/wp-json\/wp\/v2\/categories?post=123165"},{"taxonomy":"post_tag","embeddable":true,"href":"https:\/\/tvbrazilusa.com\/pt\/wp-json\/wp\/v2\/tags?post=123165"}],"curies":[{"name":"wp","href":"https:\/\/api.w.org\/{rel}","templated":true}]}}