{"id":123168,"date":"2025-08-03T18:13:00","date_gmt":"2025-08-03T18:13:00","guid":{"rendered":"https:\/\/tvbrazilusa.com\/2025\/08\/03\/veja-as-manifestacoes-contra-alexandre-de-moraes-e-o-presidente-lula-em-varias-cidades-do-brasil\/"},"modified":"2025-08-03T20:02:57","modified_gmt":"2025-08-03T20:02:57","slug":"veja-as-manifestacoes-contra-alexandre-de-moraes-e-o-presidente-lula-em-varias-cidades-do-brasil","status":"publish","type":"post","link":"https:\/\/tvbrazilusa.com\/pt\/2025\/08\/03\/veja-as-manifestacoes-contra-alexandre-de-moraes-e-o-presidente-lula-em-varias-cidades-do-brasil\/","title":{"rendered":"Veja as manifesta\u00e7\u00f5es contra Alexandre de Moraes e o presidente Lula em v\u00e1rias cidades do Brasil"},"content":{"rendered":"<p> <script async src=\"https:\/\/pagead2.googlesyndication.com\/pagead\/js\/adsbygoogle.js?client=ca-pub-8864793242727901\"\r\n     crossorigin=\"anonymous\"><\/script><br \/>\n<\/p>\n<div>\n<p>Aliados do ex-presidente Jair Bolsonaro (PL) foram \u00e0s ruas neste domingo (3\/8) em 62 cidades de todo o pa\u00eds. A pauta das mobiliza\u00e7\u00f5es inclui o pedido de impeachment do ministro Alexandre de Moraes, do Supremo Tribunal Federal (STF), al\u00e9m de cr\u00edticas ao presidente Luiz In\u00e1cio Lula da Silva.<\/p>\n<p><strong>Assista ao v\u00eddeo das manifesta\u00e7\u00f5es em v\u00e1rias cidades do Brasil:<br \/><\/strong><\/p>\n<p>Os manifestantes, que se identificam como patriotas, t\u00eam como principal reivindica\u00e7\u00e3o o afastamento de Moraes do STF e tamb\u00e9m demonstram insatisfa\u00e7\u00e3o com o atual governo federal.<\/p>\n<p>Esta foi a primeira manifesta\u00e7\u00e3o de alcance nacional ap\u00f3s tr\u00eas anos. Muitos participantes afirmam que esse ato n\u00e3o ser\u00e1 o \u00faltimo e que os pr\u00f3ximos meses devem ser marcados por novos protestos em todo o Brasil, at\u00e9 que o Congresso Nacional coloque em pauta a vota\u00e7\u00e3o do pedido de impeachment do ministro.<\/p>\n<\/div>\n<p><br \/>\n<br \/><a href=\"https:\/\/tvfloridausa.com\/2025\/08\/03\/veja-as-manifestacoes-contra-alexandre-de-moraes-e-o-presidente-lula-em-varias-cidades-do-brasil\/\">Source link <\/a><\/p>","protected":false},"excerpt":{"rendered":"<p>Aliados do ex-presidente Jair Bolsonaro (PL) foram \u00e0s ruas neste domingo (3\/8) em 62 cidades de todo o pa\u00eds. A pauta das mobiliza\u00e7\u00f5es inclui o pedido de impeachment do ministro&hellip;<\/p>","protected":false},"author":1,"featured_media":123055,"comment_status":"closed","ping_status":"open","sticky":false,"template":"","format":"standard","meta":{"content-type":"","footnotes":""},"categories":[22],"tags":[],"class_list":["post-123168","post","type-post","status-publish","format-standard","has-post-thumbnail","hentry","category-tv-florida-usa"],"_links":{"self":[{"href":"https:\/\/tvbrazilusa.com\/pt\/wp-json\/wp\/v2\/posts\/123168","targetHints":{"allow":["GET"]}}],"collection":[{"href":"https:\/\/tvbrazilusa.com\/pt\/wp-json\/wp\/v2\/posts"}],"about":[{"href":"https:\/\/tvbrazilusa.com\/pt\/wp-json\/wp\/v2\/types\/post"}],"author":[{"embeddable":true,"href":"https:\/\/tvbrazilusa.com\/pt\/wp-json\/wp\/v2\/users\/1"}],"replies":[{"embeddable":true,"href":"https:\/\/tvbrazilusa.com\/pt\/wp-json\/wp\/v2\/comments?post=123168"}],"version-history":[{"count":1,"href":"https:\/\/tvbrazilusa.com\/pt\/wp-json\/wp\/v2\/posts\/123168\/revisions"}],"predecessor-version":[{"id":123169,"href":"https:\/\/tvbrazilusa.com\/pt\/wp-json\/wp\/v2\/posts\/123168\/revisions\/123169"}],"wp:featuredmedia":[{"embeddable":true,"href":"https:\/\/tvbrazilusa.com\/pt\/wp-json\/wp\/v2\/media\/123055"}],"wp:attachment":[{"href":"https:\/\/tvbrazilusa.com\/pt\/wp-json\/wp\/v2\/media?parent=123168"}],"wp:term":[{"taxonomy":"category","embeddable":true,"href":"https:\/\/tvbrazilusa.com\/pt\/wp-json\/wp\/v2\/categories?post=123168"},{"taxonomy":"post_tag","embeddable":true,"href":"https:\/\/tvbrazilusa.com\/pt\/wp-json\/wp\/v2\/tags?post=123168"}],"curies":[{"name":"wp","href":"https:\/\/api.w.org\/{rel}","templated":true}]}}