{"id":12317,"date":"2024-07-30T15:28:44","date_gmt":"2024-07-30T15:28:44","guid":{"rendered":"https:\/\/tvbrazilusa.com\/2024\/07\/30\/ultimo-minuto-um-dos-lideres-da-oposicao-acaba-de-ser-preso-pela-ditadura-de-maduro-veja-video\/"},"modified":"2024-07-30T15:32:25","modified_gmt":"2024-07-30T15:32:25","slug":"ultimo-minuto-um-dos-lideres-da-oposicao-acaba-de-ser-preso-pela-ditadura-de-maduro-veja-video","status":"publish","type":"post","link":"https:\/\/tvbrazilusa.com\/pt\/2024\/07\/30\/ultimo-minuto-um-dos-lideres-da-oposicao-acaba-de-ser-preso-pela-ditadura-de-maduro-veja-video\/","title":{"rendered":"\u00daLTIMO MINUTO: um dos l\u00edderes da oposi\u00e7\u00e3o acaba de ser preso pela ditadura de Maduro; VEJA V\u00cdDEO"},"content":{"rendered":"<p> <script async src=\"https:\/\/pagead2.googlesyndication.com\/pagead\/js\/adsbygoogle.js?client=ca-pub-8864793242727901\"\r\n     crossorigin=\"anonymous\"><\/script><br \/>\n<\/p>\n<div>\n<p>A ditadura de Nicol\u00e1s Maduro prendeu na manh\u00e3 desta ter\u00e7a-feira, 30 de julho de 2024, o ex-deputado Freddy Superlano. Superlano \u00e9 uma figura de destaque na oposi\u00e7\u00e3o venezuelana e lidera ao lado de Mar\u00eda Corina Machado.<\/p>\n<p>O partido Voluntad Popular, do qual Superlano \u00e9 um dos l\u00edderes, denunciou o ato nas redes sociais, afirmando que seu coordenador pol\u00edtico nacional havia sido <strong>sequestrado<\/strong>. O momento da pris\u00e3o foi compartilhado na p\u00e1gina oficial de Superlano no Twitter\/X.<\/p>\n<blockquote class=\"twitter-tweet\" data-media-max-width=\"560\">\n<p lang=\"es\" dir=\"ltr\">Estoy con ustedes HOY Y SIEMPRE,<br \/>VIVA VENEZUELA LIBRE \ud83c\uddfb\ud83c\uddea <a href=\"https:\/\/t.co\/8C1O4ET8dx\">pic.twitter.com\/8C1O4ET8dx<\/a><\/p>\n<p>\u2014 Freddy Superlano (@freddysuperlano) <a href=\"https:\/\/twitter.com\/freddysuperlano\/status\/1818289691319574840?ref_src=twsrc%5Etfw\">July 30, 2024<\/a><\/p><\/blockquote>\n<h2 class=\"wp-block-heading\">Sequestro de Freddy Superlano Levanta Quest\u00f5es<\/h2>\n<p>Com a pris\u00e3o de Freddy Superlano, surgem diversas perguntas sobre o estado atual da pol\u00edtica venezuelana e a resposta da comunidade internacional. A oposi\u00e7\u00e3o, representada por figuras como Superlano e Mar\u00eda Corina Machado, tem enfrentado crescente repress\u00e3o sob o regime de Maduro.<\/p>\n<p>A deten\u00e7\u00e3o de Superlano n\u00e3o \u00e9 um caso isolado. Nos \u00faltimos anos, tem-se observado um aumento significativo na pris\u00e3o de opositores pol\u00edticos, jornalistas e ativistas de direitos humanos na Venezuela. Este epis\u00f3dio marca mais um cap\u00edtulo sombrio na trajet\u00f3ria pol\u00edtica do pa\u00eds.<\/p>\n<figure class=\"wp-block-image size-full\"><picture decoding=\"async\" class=\"wp-image-164434\"><source type=\"image\/webp\" srcset=\"https:\/\/terrabrasilnoticias.com\/wp-content\/uploads\/2024\/07\/image-970.png.webp 984w, https:\/\/terrabrasilnoticias.com\/wp-content\/uploads\/2024\/07\/image-970-300x180.png.webp 300w, https:\/\/terrabrasilnoticias.com\/wp-content\/uploads\/2024\/07\/image-970-768x461.png.webp 768w, https:\/\/terrabrasilnoticias.com\/wp-content\/uploads\/2024\/07\/image-970-750x450.png.webp 750w\" sizes=\"(max-width: 984px) 100vw, 984px\"\/><\/picture><figcaption class=\"wp-element-caption\">L\u00edder de oposi\u00e7\u00e3o \u00e9 capturado e se desfaz do celular antes \u2014 Foto: Reprodu\u00e7\u00e3o<\/figcaption><\/figure>\n<h2 class=\"wp-block-heading\">Como a Comunidade Internacional Est\u00e1 Respondendo?<\/h2>\n<p>A pris\u00e3o de figuras proeminentes da oposi\u00e7\u00e3o venezuelana, como Freddy Superlano, atrai a aten\u00e7\u00e3o da comunidade internacional e de organiza\u00e7\u00f5es de direitos humanos. Muitas vezes, essas deten\u00e7\u00f5es s\u00e3o vistas como uma tentativa de silenciar vozes dissententes e consolidar o poder autorit\u00e1rio de Maduro.<\/p>\n<p>At\u00e9 o momento, alguns pa\u00edses e organiza\u00e7\u00f5es internacionais t\u00eam adotado medidas punitivas contra o governo venezuelano, incluindo:<\/p>\n<ol class=\"wp-block-list\">\n<li>San\u00e7\u00f5es econ\u00f4micas direcionadas a figuras do governo de Maduro.<\/li>\n<li>Suspens\u00e3o de acordos diplom\u00e1ticos e econ\u00f4micos.<\/li>\n<li>Apelos em f\u00f3runs internacionais pela liberta\u00e7\u00e3o de prisioneiros pol\u00edticos.<\/li>\n<\/ol>\n<p>Contudo, a efici\u00eancia dessas medidas varia, e h\u00e1 um debate cont\u00ednuo sobre a melhor maneira de enfrentar a crise na Venezuela.<\/p>\n<h2 class=\"wp-block-heading\">O Futuro da Oposi\u00e7\u00e3o na Venezuela<\/h2>\n<p>O futuro da oposi\u00e7\u00e3o venezuelana depende de v\u00e1rios fatores, incluindo a capacidade de seus l\u00edderes de se reorganizarem e continuarem a luta em meio \u00e0 repress\u00e3o. Al\u00e9m disso, \u00e9 fundamental o apoio cont\u00ednuo da comunidade internacional.<\/p>\n<p>A pris\u00e3o de Freddy Superlano \u00e9 um lembrete alarmante das dificuldades enfrentadas pelos cidad\u00e3os venezuelanos que buscam mudan\u00e7as pol\u00edticas. Somente o tempo dir\u00e1 se a oposi\u00e7\u00e3o conseguir\u00e1 transformar esta adversidade em uma for\u00e7a que contribua para a liberta\u00e7\u00e3o e democratiza\u00e7\u00e3o da Venezuela.<\/p>\n<\/p><\/div>\n<p><script async src=\"\/\/platform.twitter.com\/widgets.js\" charset=\"utf-8\"><\/script><br \/>\n<br \/><br \/>\n<br \/><a href=\"https:\/\/terrabrasilnoticias.com\/2024\/07\/ultimo-minuto-um-dos-lideres-da-oposicao-acaba-de-ser-preso-pela-ditadura-de-maduro-veja-video\/\">Source link <\/a><\/p>","protected":false},"excerpt":{"rendered":"<p>A ditadura de Nicol\u00e1s Maduro prendeu na manh\u00e3 desta ter\u00e7a-feira, 30 de julho de 2024, o ex-deputado Freddy Superlano. Superlano \u00e9 uma figura de destaque na oposi\u00e7\u00e3o venezuelana e lidera&hellip;<\/p>","protected":false},"author":1,"featured_media":12318,"comment_status":"closed","ping_status":"open","sticky":false,"template":"","format":"standard","meta":{"content-type":"","footnotes":""},"categories":[16],"tags":[],"class_list":["post-12317","post","type-post","status-publish","format-standard","has-post-thumbnail","hentry","category-noticias"],"_links":{"self":[{"href":"https:\/\/tvbrazilusa.com\/pt\/wp-json\/wp\/v2\/posts\/12317","targetHints":{"allow":["GET"]}}],"collection":[{"href":"https:\/\/tvbrazilusa.com\/pt\/wp-json\/wp\/v2\/posts"}],"about":[{"href":"https:\/\/tvbrazilusa.com\/pt\/wp-json\/wp\/v2\/types\/post"}],"author":[{"embeddable":true,"href":"https:\/\/tvbrazilusa.com\/pt\/wp-json\/wp\/v2\/users\/1"}],"replies":[{"embeddable":true,"href":"https:\/\/tvbrazilusa.com\/pt\/wp-json\/wp\/v2\/comments?post=12317"}],"version-history":[{"count":1,"href":"https:\/\/tvbrazilusa.com\/pt\/wp-json\/wp\/v2\/posts\/12317\/revisions"}],"predecessor-version":[{"id":12319,"href":"https:\/\/tvbrazilusa.com\/pt\/wp-json\/wp\/v2\/posts\/12317\/revisions\/12319"}],"wp:featuredmedia":[{"embeddable":true,"href":"https:\/\/tvbrazilusa.com\/pt\/wp-json\/wp\/v2\/media\/12318"}],"wp:attachment":[{"href":"https:\/\/tvbrazilusa.com\/pt\/wp-json\/wp\/v2\/media?parent=12317"}],"wp:term":[{"taxonomy":"category","embeddable":true,"href":"https:\/\/tvbrazilusa.com\/pt\/wp-json\/wp\/v2\/categories?post=12317"},{"taxonomy":"post_tag","embeddable":true,"href":"https:\/\/tvbrazilusa.com\/pt\/wp-json\/wp\/v2\/tags?post=12317"}],"curies":[{"name":"wp","href":"https:\/\/api.w.org\/{rel}","templated":true}]}}