{"id":123170,"date":"2025-08-03T19:23:11","date_gmt":"2025-08-03T19:23:11","guid":{"rendered":"https:\/\/tvbrazilusa.com\/2025\/08\/03\/ao-vivo-manifestacao-fora-lula-e-moraes-avenida-paulista-03-08-2025\/"},"modified":"2025-08-03T21:07:17","modified_gmt":"2025-08-03T21:07:17","slug":"ao-vivo-manifestacao-fora-lula-e-moraes-avenida-paulista-03-08-2025","status":"publish","type":"post","link":"https:\/\/tvbrazilusa.com\/pt\/2025\/08\/03\/ao-vivo-manifestacao-fora-lula-e-moraes-avenida-paulista-03-08-2025\/","title":{"rendered":"AO VIVO: MANIFESTA\u00c7\u00c3O FORA LULA E MORAES \u2013 AVENIDA PAULISTA\u00a0\u2013\u00a003\/08\/2025"},"content":{"rendered":"<p> <script async src=\"https:\/\/pagead2.googlesyndication.com\/pagead\/js\/adsbygoogle.js?client=ca-pub-8864793242727901\"\r\n     crossorigin=\"anonymous\"><\/script><br \/>\n<\/p>\n<p>INSCREVA-SE NO NOSSO CANAL!<\/p>\n<p>FA\u00c7A SUA DOA\u00c7\u00c3O PARA O FIO DI\u00c1RIO PELO PIX: contato@fiodiario.com<\/p>\n<p>O SHOW DA MANH\u00c3 VAI AO AR DE SEGUNDA A SEXTA, DAS 10H \u00c0S 12H.<\/p>\n<p>NOVIDADES NO FIO DIA\u0301RIO! ASSINE COM 33% OFF NO PLANO ANUAL OU 66% OFF NO DEZ A FIO! <img decoding=\"async\" src=\"https:\/\/s.w.org\/images\/core\/emoji\/16.0.1\/72x72\/1f449.png\" alt=\"\ud83d\udc49\" class=\"wp-smiley\" style=\"height: 1em;max-height: 1em\" \/> https:\/\/fiodiario.com<\/p>\n<p><img decoding=\"async\" src=\"https:\/\/s.w.org\/images\/core\/emoji\/16.0.1\/72x72\/1f525.png\" alt=\"\ud83d\udd25\" class=\"wp-smiley\" style=\"height: 1em;max-height: 1em\" \/>CAMISETAS FIO DIA\u0301RIO (CUPOM \u201cFIODIARIO10\u201d PARA 10% DE DESCONTO) <img decoding=\"async\" src=\"https:\/\/s.w.org\/images\/core\/emoji\/16.0.1\/72x72\/1f449.png\" alt=\"\ud83d\udc49\" class=\"wp-smiley\" style=\"height: 1em;max-height: 1em\" \/> https:\/\/loja.fiodiario.com<\/p>\n<p><img decoding=\"async\" src=\"https:\/\/s.w.org\/images\/core\/emoji\/16.0.1\/72x72\/1f525.png\" alt=\"\ud83d\udd25\" class=\"wp-smiley\" style=\"height: 1em;max-height: 1em\" \/>APROVEITE AS PROMO\u00c7\u00d5ES DA LIVRARIA FIO DI\u00c1RIO E N\u00c3O CAIA EM NARRATIVAS! <img decoding=\"async\" src=\"https:\/\/s.w.org\/images\/core\/emoji\/16.0.1\/72x72\/1f449.png\" alt=\"\ud83d\udc49\" class=\"wp-smiley\" style=\"height: 1em;max-height: 1em\" \/> https:\/\/livraria.fiodiario.com<\/p>\n<p>SEJA UM VOLUNT\u00c1RIO E NOS AJUDE EM NOSSA LUTA PELA LIBERDADE:<br \/>\nhttps:\/\/chat.whatsapp.com\/KrcCeNAi1SE\u2026<\/p>\n<p>SIGA O CANAL FIO DI\u00c1RIO NO WHATSAPP: https:\/\/whatsapp.com\/channel\/0029Va9V\u2026<\/p>\n<p>SIGA O CANAL FIO DI\u00c1RIO NO TELEGRAM: https:\/\/t.me\/fiodiario<\/p>\n<p>SIGA O CANAL MARCO ANT\u00d4NIO COSTA NO TELEGRAM: https:\/\/t.me\/realmarcoantoniocosta<\/p>\n<p>OU\u00c7A NO SPOTIFY: https:\/\/open.spotify.com\/show\/4apGkQd\u2026<\/p>\n<p>SIGA NO INSTAGRAM:<br \/>\nMarco Ant\u00f4nio Costa:<br \/>\n  \/ marco.antonio.costa  <\/p>\n<p>Fio Di\u00e1rio:<br \/>\n  \/ fio_diario  <\/p>\n<p>Fabiano Silva (Charges):<br \/>\nInstagram:<br \/>\n  \/ fabianosilvaart<br \/>\n  \/ universo.hbquadrinhos<br \/>\nhttps:\/\/universohbquadrinhos.com.br\/<\/p>\n<p><a href=\"https:\/\/www.youtube.com\/watch?v=-lXar4oCnVI\">source<\/a><\/p>\n<p><br \/>\n<br \/><a href=\"https:\/\/tvfloridausa.com\/2025\/08\/03\/ao-vivo-manifestacao-fora-lula-e-moraes-avenida-paulista-03-08-2025\/\">Source link <\/a><\/p>","protected":false},"excerpt":{"rendered":"<p>INSCREVA-SE NO NOSSO CANAL! FA\u00c7A SUA DOA\u00c7\u00c3O PARA O FIO DI\u00c1RIO PELO PIX: contato@fiodiario.com O SHOW DA MANH\u00c3 VAI AO AR DE SEGUNDA A SEXTA, DAS 10H \u00c0S 12H. NOVIDADES&hellip;<\/p>","protected":false},"author":1,"featured_media":123171,"comment_status":"closed","ping_status":"open","sticky":false,"template":"","format":"standard","meta":{"content-type":"","footnotes":""},"categories":[22],"tags":[],"class_list":["post-123170","post","type-post","status-publish","format-standard","has-post-thumbnail","hentry","category-tv-florida-usa"],"_links":{"self":[{"href":"https:\/\/tvbrazilusa.com\/pt\/wp-json\/wp\/v2\/posts\/123170","targetHints":{"allow":["GET"]}}],"collection":[{"href":"https:\/\/tvbrazilusa.com\/pt\/wp-json\/wp\/v2\/posts"}],"about":[{"href":"https:\/\/tvbrazilusa.com\/pt\/wp-json\/wp\/v2\/types\/post"}],"author":[{"embeddable":true,"href":"https:\/\/tvbrazilusa.com\/pt\/wp-json\/wp\/v2\/users\/1"}],"replies":[{"embeddable":true,"href":"https:\/\/tvbrazilusa.com\/pt\/wp-json\/wp\/v2\/comments?post=123170"}],"version-history":[{"count":1,"href":"https:\/\/tvbrazilusa.com\/pt\/wp-json\/wp\/v2\/posts\/123170\/revisions"}],"predecessor-version":[{"id":123172,"href":"https:\/\/tvbrazilusa.com\/pt\/wp-json\/wp\/v2\/posts\/123170\/revisions\/123172"}],"wp:featuredmedia":[{"embeddable":true,"href":"https:\/\/tvbrazilusa.com\/pt\/wp-json\/wp\/v2\/media\/123171"}],"wp:attachment":[{"href":"https:\/\/tvbrazilusa.com\/pt\/wp-json\/wp\/v2\/media?parent=123170"}],"wp:term":[{"taxonomy":"category","embeddable":true,"href":"https:\/\/tvbrazilusa.com\/pt\/wp-json\/wp\/v2\/categories?post=123170"},{"taxonomy":"post_tag","embeddable":true,"href":"https:\/\/tvbrazilusa.com\/pt\/wp-json\/wp\/v2\/tags?post=123170"}],"curies":[{"name":"wp","href":"https:\/\/api.w.org\/{rel}","templated":true}]}}