{"id":123173,"date":"2025-08-03T23:19:00","date_gmt":"2025-08-03T23:19:00","guid":{"rendered":"https:\/\/tvbrazilusa.com\/2025\/08\/03\/documentario-a-colisao-dos-destinos-que-conta-a-trajetoria-do-ex-presidente-jair-bolsonaro-pl-estreia-04-de-setembro-nos-cinemas\/"},"modified":"2025-08-04T00:14:16","modified_gmt":"2025-08-04T00:14:16","slug":"documentario-a-colisao-dos-destinos-que-conta-a-trajetoria-do-ex-presidente-jair-bolsonaro-pl-estreia-04-de-setembro-nos-cinemas","status":"publish","type":"post","link":"https:\/\/tvbrazilusa.com\/pt\/2025\/08\/03\/documentario-a-colisao-dos-destinos-que-conta-a-trajetoria-do-ex-presidente-jair-bolsonaro-pl-estreia-04-de-setembro-nos-cinemas\/","title":{"rendered":"Document\u00e1rio A Colis\u00e3o dos Destinos, que conta a trajet\u00f3ria do ex-presidente Jair Bolsonaro (PL), estreia 04 de Setembro nos Cinemas"},"content":{"rendered":"<p> <script async src=\"https:\/\/pagead2.googlesyndication.com\/pagead\/js\/adsbygoogle.js?client=ca-pub-8864793242727901\"\r\n     crossorigin=\"anonymous\"><\/script><br \/>\n<\/p>\n<div>\n<p>O document\u00e1rio promete retratar a trajet\u00f3ria de Bolsonaro de forma in\u00e9dita, mostrando aspectos pessoais e pol\u00edticos, com foco em sua ascens\u00e3o e desafios enfrentados. O trailer foi lan\u00e7ado em 13 de julho de 2024, gerando expectativa, especialmente entre seus apoiadores.<\/p>\n<p>A dire\u00e7\u00e3o \u00e9 do cineastra Doriel Francisco e produ\u00e7\u00e3o e distribui\u00e7\u00e3o \u00e9 da Dori Filmes.<\/p>\n<p>O document\u00e1rio inclui depoimentos de familiares de Bolsonaro, como seus filhos Eduardo, Fl\u00e1vio e Carlos, al\u00e9m de aliados pol\u00edticos, como os deputados Nikolas Ferreira (PL-MG) e Gil Diniz (PL-SP). Essas entrevistas prometem oferecer uma vis\u00e3o interna, contrastando com narrativas cr\u00edticas frequentemente encontradas na m\u00eddia tradicional.<\/p>\n<p><strong>Assista o v\u00eddeo:<\/strong><\/p>\n<\/p>\n<\/div>\n<p><br \/>\n<br \/><a href=\"https:\/\/tvfloridausa.com\/2025\/08\/03\/documentario-a-colisao-dos-destinos-que-conta-a-trajetoria-do-ex-presidente-jair-bolsonaro-pl-estreia-04-de-setembro-nos-cinemas\/\">Source link <\/a><\/p>","protected":false},"excerpt":{"rendered":"<p>O document\u00e1rio promete retratar a trajet\u00f3ria de Bolsonaro de forma in\u00e9dita, mostrando aspectos pessoais e pol\u00edticos, com foco em sua ascens\u00e3o e desafios enfrentados. O trailer foi lan\u00e7ado em 13&hellip;<\/p>","protected":false},"author":1,"featured_media":123055,"comment_status":"closed","ping_status":"open","sticky":false,"template":"","format":"standard","meta":{"content-type":"","footnotes":""},"categories":[22],"tags":[],"class_list":["post-123173","post","type-post","status-publish","format-standard","has-post-thumbnail","hentry","category-tv-florida-usa"],"_links":{"self":[{"href":"https:\/\/tvbrazilusa.com\/pt\/wp-json\/wp\/v2\/posts\/123173","targetHints":{"allow":["GET"]}}],"collection":[{"href":"https:\/\/tvbrazilusa.com\/pt\/wp-json\/wp\/v2\/posts"}],"about":[{"href":"https:\/\/tvbrazilusa.com\/pt\/wp-json\/wp\/v2\/types\/post"}],"author":[{"embeddable":true,"href":"https:\/\/tvbrazilusa.com\/pt\/wp-json\/wp\/v2\/users\/1"}],"replies":[{"embeddable":true,"href":"https:\/\/tvbrazilusa.com\/pt\/wp-json\/wp\/v2\/comments?post=123173"}],"version-history":[{"count":1,"href":"https:\/\/tvbrazilusa.com\/pt\/wp-json\/wp\/v2\/posts\/123173\/revisions"}],"predecessor-version":[{"id":123174,"href":"https:\/\/tvbrazilusa.com\/pt\/wp-json\/wp\/v2\/posts\/123173\/revisions\/123174"}],"wp:featuredmedia":[{"embeddable":true,"href":"https:\/\/tvbrazilusa.com\/pt\/wp-json\/wp\/v2\/media\/123055"}],"wp:attachment":[{"href":"https:\/\/tvbrazilusa.com\/pt\/wp-json\/wp\/v2\/media?parent=123173"}],"wp:term":[{"taxonomy":"category","embeddable":true,"href":"https:\/\/tvbrazilusa.com\/pt\/wp-json\/wp\/v2\/categories?post=123173"},{"taxonomy":"post_tag","embeddable":true,"href":"https:\/\/tvbrazilusa.com\/pt\/wp-json\/wp\/v2\/tags?post=123173"}],"curies":[{"name":"wp","href":"https:\/\/api.w.org\/{rel}","templated":true}]}}