{"id":123196,"date":"2025-08-04T14:39:08","date_gmt":"2025-08-04T14:39:08","guid":{"rendered":"https:\/\/tvbrazilusa.com\/2025\/08\/04\/formas-de-dexter-de-tempestade-tropical-os-meteorologistas-assistem-a-2-outras-areas-jacksonville-hoje\/"},"modified":"2025-08-04T14:49:34","modified_gmt":"2025-08-04T14:49:34","slug":"formas-de-dexter-de-tempestade-tropical-os-meteorologistas-assistem-a-2-outras-areas-jacksonville-hoje","status":"publish","type":"post","link":"https:\/\/tvbrazilusa.com\/pt\/2025\/08\/04\/formas-de-dexter-de-tempestade-tropical-os-meteorologistas-assistem-a-2-outras-areas-jacksonville-hoje\/","title":{"rendered":"Formas de Dexter de tempestade tropical; Os meteorologistas assistem a 2 outras \u00e1reas | Jacksonville hoje"},"content":{"rendered":"<p> <script async src=\"https:\/\/pagead2.googlesyndication.com\/pagead\/js\/adsbygoogle.js?client=ca-pub-8864793242727901\"\r\n     crossorigin=\"anonymous\"><\/script><br \/>\n<\/p>\n<div>\n<p>A quarta tempestade da temporada de furac\u00f5es de 2025 se formou.<\/p>\n<p>A nomea\u00e7\u00e3o oficial de Dexter nos coloca um pouco \u00e0 frente da m\u00e9dia nesta \u00e9poca do ano. Em m\u00e9dia, temos tr\u00eas tempestades nomeadas no in\u00edcio de agosto.<\/p>\n<p>A boa not\u00edcia \u00e9 que Dexter est\u00e1 previsto para permanecer uma tempestade tropical \u00e0 medida que se afasta dos Estados Unidos.<\/p>\n<p><!-- This site is converting visitors into subscribers and customers with OptinMonster - https:\/\/app.optinmonster.com :: Campaign Title: 2025 Email Registration Wall Message --><\/p>\n<p><!-- \/ OptinMonster --><\/p>\n<figure class=\"wp-block-image size-large\"><figcaption>Imagens de sat\u00e9lite de Dexter no domingo \u00e0 meia -noite. A maior parte de sua convec\u00e7\u00e3o \u00e9 deslocada para o leste do centro.<\/figcaption><\/figure>\n<p><a href=\"https:\/\/fpren.prod.npr.psdops.com\/2025-08-02\/the-tropics-are-more-active-low-chance-for-two-systems-to-develop\" target=\"_blank\" rel=\"noopener nofollow\">Estat\u00edsticas sobre a temporada de furac\u00f5es<\/a><\/p>\n<p>No domingo \u00e0 noite, Dexter ficava a cerca de 400 milhas a leste da Carolina do Norte e estava se movendo leste-nordeste a 12 km \/ h. Esta tempestade n\u00e3o representava amea\u00e7a \u00e0 Carolina do Sul.<\/p>\n<p>Al\u00e9m de Dexter, nessa mesma \u00e1rea, v\u00e1rios sistemas de baixa press\u00e3o estar\u00e3o emergindo do sudeste do pa\u00eds. Esta f\u00e1brica de baixa press\u00e3o contribuir com tempestades suficientes para tornar a regi\u00e3o inst\u00e1vel e pode levar a outro desenvolvimento tropical ainda nesta semana.<\/p>\n<p>O National Hurricane Center oferece a essa \u00e1rea uma chance de 20% de desenvolvimento nos pr\u00f3ximos sete dias. \u00c9 improv\u00e1vel que esse sistema afete diretamente a Fl\u00f3rida, mas continuaremos a monitor\u00e1 -lo de perto.<\/p>\n<figure class=\"wp-block-image size-large\"><img decoding=\"async\" src=\"https:\/\/npr.brightspotcdn.com\/dims3\/default\/strip\/false\/crop\/1179x669+0+0\/resize\/1200\/quality\/75\/format\/webp\/?url=http%3A%2F%2Fnpr-brightspot.s3.amazonaws.com%2Fb4%2F8f%2Fbc157dc34c75bf355c30aa73e05a%2Fimg-5792.jpg\" alt=\"A \u00e1rea de Orange \u00e9 onde uma onda tropical que sai da \u00c1frica tem uma chance m\u00e9dia de se desenvolver (a partir de domingo \u00e0 noite) nos pr\u00f3ximos 7 dias.\"\/><figcaption>A \u00e1rea em Orange \u00e9 onde uma onda tropical que sai da \u00c1frica tem uma chance m\u00e9dia de se desenvolver (a partir de domingo \u00e0 noite) nos pr\u00f3ximos sete dias.<\/figcaption><\/figure>\n<p>Mais distantes do Atl\u00e2ntico, os analistas est\u00e3o monitorando outra \u00e1rea. Uma onda tropical sair\u00e1 da \u00c1frica nesta semana e, no final desta semana ou no pr\u00f3ximo fim de semana, poder\u00e1 haver um ciclone sobre o Atl\u00e2ntico Central.<\/p>\n<p>Por enquanto, os modelos indicam que esse ciclone potencial permanecer\u00e1 no norte do Caribe.<\/p>\n<\/div>\n<p><br \/>\n<br \/><a href=\"https:\/\/jaxtoday.org\/2025\/08\/04\/tropical-storm-dexter-forms-east-of-carolinas-2-other-areas-watched\/\">Source link <\/a><\/p>","protected":false},"excerpt":{"rendered":"<p>A quarta tempestade da temporada de furac\u00f5es de 2025 se formou. A nomea\u00e7\u00e3o oficial de Dexter nos coloca um pouco \u00e0 frente da m\u00e9dia nesta \u00e9poca do ano. Em m\u00e9dia,&hellip;<\/p>","protected":false},"author":1,"featured_media":123197,"comment_status":"closed","ping_status":"open","sticky":false,"template":"","format":"standard","meta":{"content-type":"","footnotes":""},"categories":[1],"tags":[1360,33733,33734,33730,33731,33735,33732,1267,1268,34316,33792,33793,33780,33794,33795,33796,33797,33798,33799,33736,33800],"class_list":["post-123196","post","type-post","status-publish","format-standard","has-post-thumbnail","hentry","category-uncategorized","tag-clima","tag-clima-severo-fpren","tag-clima-tropical-fpren","tag-fpren","tag-fpren-seca-e-incendio","tag-hurricanestrong","tag-inundacoes-fpren-e-chuva-forte","tag-noticias","tag-noticias-do-estado","tag-tropical-storm-dexter","tag-wfit","tag-wfsu","tag-wgcu","tag-wjct-fpren","tag-wkgc","tag-wlrn","tag-wmfe","tag-wqcs","tag-wuft","tag-wusf","tag-wuwf"],"_links":{"self":[{"href":"https:\/\/tvbrazilusa.com\/pt\/wp-json\/wp\/v2\/posts\/123196","targetHints":{"allow":["GET"]}}],"collection":[{"href":"https:\/\/tvbrazilusa.com\/pt\/wp-json\/wp\/v2\/posts"}],"about":[{"href":"https:\/\/tvbrazilusa.com\/pt\/wp-json\/wp\/v2\/types\/post"}],"author":[{"embeddable":true,"href":"https:\/\/tvbrazilusa.com\/pt\/wp-json\/wp\/v2\/users\/1"}],"replies":[{"embeddable":true,"href":"https:\/\/tvbrazilusa.com\/pt\/wp-json\/wp\/v2\/comments?post=123196"}],"version-history":[{"count":1,"href":"https:\/\/tvbrazilusa.com\/pt\/wp-json\/wp\/v2\/posts\/123196\/revisions"}],"predecessor-version":[{"id":123198,"href":"https:\/\/tvbrazilusa.com\/pt\/wp-json\/wp\/v2\/posts\/123196\/revisions\/123198"}],"wp:featuredmedia":[{"embeddable":true,"href":"https:\/\/tvbrazilusa.com\/pt\/wp-json\/wp\/v2\/media\/123197"}],"wp:attachment":[{"href":"https:\/\/tvbrazilusa.com\/pt\/wp-json\/wp\/v2\/media?parent=123196"}],"wp:term":[{"taxonomy":"category","embeddable":true,"href":"https:\/\/tvbrazilusa.com\/pt\/wp-json\/wp\/v2\/categories?post=123196"},{"taxonomy":"post_tag","embeddable":true,"href":"https:\/\/tvbrazilusa.com\/pt\/wp-json\/wp\/v2\/tags?post=123196"}],"curies":[{"name":"wp","href":"https:\/\/api.w.org\/{rel}","templated":true}]}}