{"id":123340,"date":"2025-08-05T21:18:31","date_gmt":"2025-08-05T21:18:31","guid":{"rendered":"https:\/\/tvbrazilusa.com\/2025\/08\/05\/o-prefeito-de-jacksonville-lanca-o-portal-de-dados-para-tentar-reduzir-a-politica-na-formulacao-de-politicas-jacksonville-hoje\/"},"modified":"2025-08-05T21:25:04","modified_gmt":"2025-08-05T21:25:04","slug":"o-prefeito-de-jacksonville-lanca-o-portal-de-dados-para-tentar-reduzir-a-politica-na-formulacao-de-politicas-jacksonville-hoje","status":"publish","type":"post","link":"https:\/\/tvbrazilusa.com\/pt\/2025\/08\/05\/o-prefeito-de-jacksonville-lanca-o-portal-de-dados-para-tentar-reduzir-a-politica-na-formulacao-de-politicas-jacksonville-hoje\/","title":{"rendered":"O prefeito de Jacksonville lan\u00e7a o portal de dados para tentar reduzir a pol\u00edtica na formula\u00e7\u00e3o de pol\u00edticas | Jacksonville hoje"},"content":{"rendered":"<p> <script async src=\"https:\/\/pagead2.googlesyndication.com\/pagead\/js\/adsbygoogle.js?client=ca-pub-8864793242727901\"\r\n     crossorigin=\"anonymous\"><\/script><br \/>\n<\/p>\n<div>\n<p data-beyondwords-marker=\"807449df-076b-42b0-8aba-d151992da754\">A desigualdade em Jacksonville \u00e9 discutida h\u00e1 d\u00e9cadas. O novo <a href=\"https:\/\/stateofjax.org\/\" rel=\"nofollow noopener\" target=\"_blank\">Estado de Jax<\/a> O portal de dados pode ser a ferramenta que ajuda a fechar essas disparidades. <\/p>\n<p data-beyondwords-marker=\"d63928e3-6c7c-4446-bb09-36848f15b6ab\">Ter\u00e7a -feira, a prefeita de Jacksonville, Donna Deegan, anunciou o lan\u00e7amento do portal, oferecendo n\u00fameros dif\u00edceis sobre discrep\u00e2ncias locais na expectativa de vida; acesso aos cuidados de sa\u00fade; resultados educacionais; <a href=\"https:\/\/jaxtoday.org\/2025\/07\/31\/monthly-rent-in-florida-increased-500-in-3-years\/\">acessibilidade da habita\u00e7\u00e3o<\/a>; <a href=\"https:\/\/jaxtoday.org\/2025\/06\/12\/united-way-lisc-jacksonville-want-to-spur-homeownership-in-historically-redlined-zip-codes\/\">Propriet\u00e1ria de casa<\/a>; Seguran\u00e7a alimentar e muito mais.<\/p>\n<p data-beyondwords-marker=\"8556a304-aa70-4969-bae1-1643e57564e8\">Entre suas primeiras descobertas:<\/p>\n<p><!-- This site is converting visitors into subscribers and customers with OptinMonster - https:\/\/app.optinmonster.com :: Campaign Title: 2025 Email Registration Wall Message --><\/p>\n<p><!-- \/ OptinMonster --><\/p>\n<p data-beyondwords-marker=\"004eb0d6-5c39-4808-8d2e-7babc72f40ba\">Os dados do estado de Jax oferecem uma compara\u00e7\u00e3o entre a cidade de River e 13 outras cidades. Louisville, Ky.; Nashville, Tennessee; Indianapolis, Ind.; S\u00e3o Francisco, Filad\u00e9lfia e Denver foram selecionados por causa de seus governos consolidados. Columbus, Ohio; Charlotte, NC e San Antonio foram escolhidos devido a seus fortes setores financeiros. Austin, Texas, foi escolhido devido ao seu tamanho e setor de tecnologia similares. Os dados tamb\u00e9m incluem os tr\u00eas outros principais metr\u00f4s da Fl\u00f3rida: Miami, Tampa e Orlando.<\/p>\n<p data-beyondwords-marker=\"e90bbb19-fbd3-406d-8e8e-69b4dafc511c\">O escrit\u00f3rio do prefeito diz que um comit\u00ea consultivo de 22 pessoas ajudou a identificar quais \u00e1reas analisar. Os representantes inclu\u00edram lideran\u00e7a das grandes universidades da regi\u00e3o, organiza\u00e7\u00f5es filantr\u00f3picas, empresas, empresas de tecnologia, Deegan&#8217;s Office e Lahnen.<\/p>\n<p data-beyondwords-marker=\"e386fcf2-87a1-430e-87c0-71d104177389\">&#8220;Voc\u00ea precisa saber que tem um problema, o tamanho do problema e onde est\u00e1 o problema antes de come\u00e7ar a resolver o problema&#8221;, disse Deegan na ter\u00e7a -feira. &#8220;&#8230; Eu acho que \u00e9 uma \u00f3tima ferramenta ter que descobrir em que comunidades, em que bairros precisamos nos concentrar.&#8221;<\/p>\n<p data-beyondwords-marker=\"c59c7a36-09d0-4f27-ad98-ff8cee8e07eb\">&#8220;Vou dizer que acredito que fizemos muito disso desde que estamos aqui. Estamos falando de garantir que mudemos nossas prioridades do projeto de melhoria de capital para as \u00e1reas em que houve desinvestimentos hist\u00f3ricos&#8221;, disse ela. <\/p>\n<p data-beyondwords-marker=\"8e8a2147-e808-4f35-aab4-68e45cbf91ef\">O chefe de an\u00e1lise da cidade de Jacksonville, Parvez Ahmed, diz que os dados est\u00e3o dispon\u00edveis publicamente no Bureau do Censo dos EUA, Bureau of Labor Statistics, Centros de Controle de Doen\u00e7as, Departamento de Habita\u00e7\u00e3o e Desenvolvimento Urbano dos EUA e muito mais.<\/p>\n<p data-beyondwords-marker=\"3f9941ce-ca33-40a4-9f60-71d09e8e9ff2\">Isso n\u00e3o significa que todos est\u00e3o inclu\u00eddos na contagem. Ano passado, <em>Jacksonville hoje<\/em> relatado l\u00e1 <a href=\"https:\/\/jaxtoday.org\/2024\/09\/17\/hispanic-heritage-month-celebration-highlights-jacksonvilles-increased-outreach-efforts\/\">pode ser uma subconto<\/a> na popula\u00e7\u00e3o latina de Jacksonville. No censo de 2020, os latinos representavam 11,5 % da popula\u00e7\u00e3o de Jacksonville. Esse n\u00famero aumentou para 12,8% nos dados da Pesquisa da Comunidade Americana de 2023 divulgados pelo Census Bureau.<\/p>\n<p data-beyondwords-marker=\"de2e2d08-646a-4dd9-9c68-b97e22fccdd6\">Este ano, a Alian\u00e7a dos Direitos de Imigrantes de Jacksonville e <a href=\"https:\/\/jaxtoday.org\/2025\/04\/17\/askjaxtdy-how-does-jacksonvilles-immigration-ordinance-work\/\">Advogados de imigra\u00e7\u00e3o local<\/a> levantaram alarmes de que o clima social e pol\u00edtico pode estar liderando alguns latinos, evitando interagir com o governo para garantir sua seguran\u00e7a.<\/p>\n<p data-beyondwords-marker=\"a8d2d4a4-89f7-461a-b5fc-3ca5093d24c4\">E a responsabilidade fiscal sem fins lucrativos da Fl\u00f3rida Taxwatch diz que 750.000 floridianos de todas as origens n\u00e3o participaram do censo de 2020, com o sub -pa\u00eds resultante custando a Fl\u00f3rida um assento no Congresso.<\/p>\n<p data-beyondwords-marker=\"1fb14723-173e-49ee-8971-3e5920a910c5\">Ahmed diz: &#8220;Quando analisamos os dados e, \u00e0 medida que o prefeito avan\u00e7a, fala sobre dados com grupos comunit\u00e1rios e compartilha essas informa\u00e7\u00f5es, minha esperan\u00e7a \u00e9 que mais pessoas estejam ansiosas para participar da conversa, n\u00e3o apenas sobre como melhorar essas coisas, mas tamb\u00e9m responder a uma pesquisa do censo quando tivermos uma pesquisa do censo novamente&#8221;.<\/p>\n<p data-beyondwords-marker=\"e558aada-f907-413e-a04c-1a543e75b35a\">A cidade de Jacksonville contratou Mysidewalk, com sede em Kansas City, para produzir os relat\u00f3rios. A empresa diz que tamb\u00e9m forneceu dados para ajudar Houston a entender sua quest\u00e3o sem -teto e ajudou a organiza\u00e7\u00e3o de planejamento metropolitano de Broward (condado) a reduzir as mortes de pedestres nos trilhos da ferrovia, entre outros projetos. <\/p>\n<div class=\"wp-block-image\">\n<figure data-beyondwords-marker=\"547206b7-fe66-4ff9-a816-d52c44d404e8\" class=\"aligncenter size-large\"><figcaption class=\"wp-element-caption\">A cidade de Jacksonville identificou quatro gols &#8211; trabalho com institui\u00e7\u00f5es p\u00fablicas e privadas; realizar an\u00e1lise de dados; Produza relat\u00f3rios anuais para rastrear a competitividade e montar os l\u00edderes da comunidade para implementar as descobertas &#8211; para seu portal de an\u00e1lise de dados lan\u00e7ado na ter\u00e7a -feira, 5 de agosto de 2025, dentro da prefeitura. | Will Brown, Jacksonville hoje<\/figcaption><\/figure>\n<\/div>\n<p data-beyondwords-marker=\"79672610-ad37-48cd-9a57-55f58b96437a\">Ahmed diz que as itera\u00e7\u00f5es futuras do estado de Jax identificar\u00e3o a causa raiz das disparidades de habita\u00e7\u00e3o e sa\u00fade de Jacksonville.<\/p>\n<p data-beyondwords-marker=\"a8463dd7-a42b-42b4-ad03-1f11d1870a00\"><a href=\"https:\/\/jaxtoday.org\/2025\/06\/03\/qa-new-904ward-ceo-outlines-her-plans-amid-shifting-dei-landscape\/\">904ward CEO Audrieanna Burgin<\/a> Serviu no comit\u00ea consultivo de dados. No in\u00edcio deste ver\u00e3o, Burgin disse a um grupo de empreendedores que h\u00e1 impulso na cidade em torno da pesquisa e an\u00e1lise de dados.<\/p>\n<p data-beyondwords-marker=\"10cd19ce-06d2-416e-a799-6a0024655ad0\">&#8220;Quem controla os dados, controla a narrativa&#8221;, disse Burgin na \u00e9poca.<\/p>\n<p data-beyondwords-marker=\"4d4e4b71-3d33-46fc-a4e4-0eb81eafe62b\">O presidente da UNF Moez Limayem diz que as cidades enfrentam uma escolha bin\u00e1ria no 21<sup>st<\/sup> s\u00e9culo.<\/p>\n<p data-beyondwords-marker=\"c6173dbf-7c6f-4b1e-ab0e-5078b923b5e2\">&#8220;O que separa os vencedores dos perdedores \u00e9 exatamente isso. \u00c9 a capacidade de analisar os dados, alavancar os dados e us\u00e1-los para mover a agulha para progredir para tornar nossa cidade a melhor cidade poss\u00edvel, uma cidade de classe mundial&#8221;.<\/p>\n<p data-beyondwords-marker=\"7bee878d-5824-4e45-8cfd-7fcf14494c30\">&#8220;Sempre dizemos que as pessoas t\u00eam direito a suas pr\u00f3prias opini\u00f5es. Eles n\u00e3o t\u00eam direito a seus pr\u00f3prios fatos. Sem fatos, nossa cidade se tornar\u00e1 um grupo de pessoas com (uma) opini\u00e3o&#8221;.<\/p>\n<\/div>\n<p><br \/>\n<br \/><a href=\"https:\/\/jaxtoday.org\/2025\/08\/05\/jacksonville-mayor-launches-data-portal-to-try-to-reduce-politics-in-policymaking\/\">Source link <\/a><\/p>","protected":false},"excerpt":{"rendered":"<p>A desigualdade em Jacksonville \u00e9 discutida h\u00e1 d\u00e9cadas. O novo Estado de Jax O portal de dados pode ser a ferramenta que ajuda a fechar essas disparidades. Ter\u00e7a -feira, a&hellip;<\/p>","protected":false},"author":1,"featured_media":123341,"comment_status":"closed","ping_status":"open","sticky":false,"template":"","format":"standard","meta":{"content-type":"","footnotes":""},"categories":[1],"tags":[],"class_list":["post-123340","post","type-post","status-publish","format-standard","has-post-thumbnail","hentry","category-uncategorized"],"_links":{"self":[{"href":"https:\/\/tvbrazilusa.com\/pt\/wp-json\/wp\/v2\/posts\/123340","targetHints":{"allow":["GET"]}}],"collection":[{"href":"https:\/\/tvbrazilusa.com\/pt\/wp-json\/wp\/v2\/posts"}],"about":[{"href":"https:\/\/tvbrazilusa.com\/pt\/wp-json\/wp\/v2\/types\/post"}],"author":[{"embeddable":true,"href":"https:\/\/tvbrazilusa.com\/pt\/wp-json\/wp\/v2\/users\/1"}],"replies":[{"embeddable":true,"href":"https:\/\/tvbrazilusa.com\/pt\/wp-json\/wp\/v2\/comments?post=123340"}],"version-history":[{"count":1,"href":"https:\/\/tvbrazilusa.com\/pt\/wp-json\/wp\/v2\/posts\/123340\/revisions"}],"predecessor-version":[{"id":123342,"href":"https:\/\/tvbrazilusa.com\/pt\/wp-json\/wp\/v2\/posts\/123340\/revisions\/123342"}],"wp:featuredmedia":[{"embeddable":true,"href":"https:\/\/tvbrazilusa.com\/pt\/wp-json\/wp\/v2\/media\/123341"}],"wp:attachment":[{"href":"https:\/\/tvbrazilusa.com\/pt\/wp-json\/wp\/v2\/media?parent=123340"}],"wp:term":[{"taxonomy":"category","embeddable":true,"href":"https:\/\/tvbrazilusa.com\/pt\/wp-json\/wp\/v2\/categories?post=123340"},{"taxonomy":"post_tag","embeddable":true,"href":"https:\/\/tvbrazilusa.com\/pt\/wp-json\/wp\/v2\/tags?post=123340"}],"curies":[{"name":"wp","href":"https:\/\/api.w.org\/{rel}","templated":true}]}}