{"id":123389,"date":"2025-08-06T14:44:06","date_gmt":"2025-08-06T14:44:06","guid":{"rendered":"https:\/\/tvbrazilusa.com\/2025\/08\/06\/a-florida-se-prepara-para-construir-o-camp-blinging-ice-center-jacksonville-hoje\/"},"modified":"2025-08-06T14:47:00","modified_gmt":"2025-08-06T14:47:00","slug":"a-florida-se-prepara-para-construir-o-camp-blinging-ice-center-jacksonville-hoje","status":"publish","type":"post","link":"https:\/\/tvbrazilusa.com\/pt\/2025\/08\/06\/a-florida-se-prepara-para-construir-o-camp-blinging-ice-center-jacksonville-hoje\/","title":{"rendered":"A Fl\u00f3rida se prepara para construir o Camp Blinging Ice Center | Jacksonville hoje"},"content":{"rendered":"<p> <script async src=\"https:\/\/pagead2.googlesyndication.com\/pagead\/js\/adsbygoogle.js?client=ca-pub-8864793242727901\"\r\n     crossorigin=\"anonymous\"><\/script><br \/>\n<\/p>\n<div>\n<p>Gov. <a href=\"https:\/\/apnews.com\/hub\/ron-desantis\" rel=\"nofollow noopener\" target=\"_blank\">Ron DeSantis<\/a>&#8220;Aparentemente, a administra\u00e7\u00e3o est\u00e1 se preparando para construir um segundo Centro de Deten\u00e7\u00e3o de Imigra\u00e7\u00e3o em Camp Blanding, concedendo pelo menos um contrato para o que \u00e9 rotulado nos registros estaduais como&#8221; North Detenionce Facility &#8220;.<\/p>\n<p>O site aumentaria a capacidade no primeiro centro de deten\u00e7\u00e3o do estado, constru\u00eddo em um aer\u00f3dromo isolado no Florida Everglades e apelidado <a href=\"https:\/\/apnews.com\/article\/alligator-alcatraz-immigration-detainees-florida-cc2fb9e34e760a50e97f13fe59cbf075\" rel=\"nofollow noopener\" target=\"_blank\">&#8220;Alligator Alcatraz.&#8221;<\/a> As autoridades estaduais j\u00e1 assinaram mais do que <a href=\"https:\/\/apnews.com\/article\/alligator-alcatraz-florida-immigration-detention-center-spending-26cb876aa0db64910f87f009060acc4d\" rel=\"nofollow noopener\" target=\"_blank\">US $ 245 milh\u00f5es<\/a> Em contratos para essa instala\u00e7\u00e3o, que abriu oficialmente em 1\u00ba de julho.<\/p>\n<p>A Fl\u00f3rida planeja construir um segundo centro de deten\u00e7\u00e3o em Camp Blanding, embora DeSantis tenha dito que o estado est\u00e1 aguardando as autoridades federais para aumentar as deporta\u00e7\u00f5es da instala\u00e7\u00e3o do sul da Fl\u00f3rida antes de construir o local do acampamento.<\/p>\n<p><!-- This site is converting visitors into subscribers and customers with OptinMonster - https:\/\/app.optinmonster.com :: Campaign Title: 2025 Email Registration Wall Message --><\/p>\n<p><!-- \/ OptinMonster --><\/p>\n<p>&#8220;Esperamos ansiosamente o aumento da cad\u00eancia&#8221; das deporta\u00e7\u00f5es, disse DeSantis no m\u00eas passado, chamando o estado de &#8220;pronto, disposto e capaz&#8221; de expandir suas opera\u00e7\u00f5es.<\/p>\n<p><a href=\"https:\/\/apnews.com\/article\/florida-immigration-alligator-alcatraz-27fbae217427be730f589323df7cf656#:~:text=Ruiz's%20order%20was%20part%20of,a%20federal%20immigration%20court%20has\" rel=\"nofollow noopener\" target=\"_blank\">Defensores dos direitos civis<\/a> e <a href=\"https:\/\/apnews.com\/article\/florida-immigration-alligator-alcatraz-court-venue-816b069e455e51e952ee92fa6ee9d4e2\" rel=\"nofollow noopener\" target=\"_blank\">grupos ambientais<\/a> entraram com a\u00e7\u00f5es judiciais contra a instala\u00e7\u00e3o do Everglades, onde os detidos alegam que foram for\u00e7ados a ficar sem alimentos e cuidados m\u00e9dicos adequados e foram barrados de <a href=\"https:\/\/apnews.com\/article\/florida-immigration-alligator-alcatraz-8607894cc7bab9c17bce30fdf541f0bc\" rel=\"nofollow noopener\" target=\"_blank\">encontro com seus advogados<\/a>mantido sem nenhuma acusa\u00e7\u00e3o e incapaz de conseguir um tribunal federal de imigra\u00e7\u00e3o para ouvir seus casos.<\/p>\n<p>Presidente <a href=\"https:\/\/apnews.com\/hub\/donald-trump\" rel=\"nofollow noopener\" target=\"_blank\">Donald Trump<\/a> elogiou a instala\u00e7\u00e3o <a href=\"https:\/\/apnews.com\/article\/florida-alligator-alcatraz-immigration-detention-trump-desantis-cc060aa6528acbd91a87ec1922578146\" rel=\"nofollow noopener\" target=\"_blank\">aspereza e afastamento<\/a> t\u00e3o apto para o &#8220;pior dos piores&#8221;, enquanto o Secret\u00e1rio de Seguran\u00e7a Interna de Homeland <a href=\"https:\/\/apnews.com\/hub\/kristi-noem\" rel=\"nofollow noopener\" target=\"_blank\">Kristi Noem<\/a> disse que o centro de deten\u00e7\u00e3o do sul da Fl\u00f3rida pode <a href=\"https:\/\/apnews.com\/article\/border-immigration-kristi-noem-alligator-alcatraz-02daf485e8a499022491c35f7c656fe8\" rel=\"nofollow noopener\" target=\"_blank\">Sirva como modelo<\/a> Para outras instala\u00e7\u00f5es de reten\u00e7\u00e3o estatais para imigrantes.<\/p>\n<h3 class=\"wp-block-heading\">Planos para o &#8216;centro de deten\u00e7\u00e3o norte&#8217;<\/h3>\n<p>A Divis\u00e3o de Gerenciamento de Emerg\u00eancias da Fl\u00f3rida, a ag\u00eancia estadual que construiu a instala\u00e7\u00e3o do Everglades, concedeu um contrato de US $ 39.000 por uma esta\u00e7\u00e3o meteorol\u00f3gica port\u00e1til de resposta a emerg\u00eancias e duas sirenes de raios para o centro de deten\u00e7\u00e3o do norte, de acordo com registros no banco de dados de contratos p\u00fablicos do estado. O equipamento ajudar\u00e1 a permitir &#8220;monitoramento clim\u00e1tico e seguran\u00e7a do tempo em tempo real para a equipe&#8221;.<\/p>\n<p>O contrato ocorre quando o estado se aproxima do pico da temporada de furac\u00f5es e, \u00e0 medida que as fortes chuvas e o calor extremo batiam em partes da Fl\u00f3rida. Advogados e ambientalistas imigrantes levantaram uma s\u00e9rie de preocupa\u00e7\u00f5es sobre a instala\u00e7\u00e3o do Everglades, um composto remoto de tendas e reboques de servi\u00e7o pesado que os trabalhadores e contratados estaduais reuniram <a href=\"https:\/\/apnews.com\/article\/alligator-alcatraz-republican-donors-hurricanes-936556033be361d96bdb5d38b24c81d7\" rel=\"nofollow noopener\" target=\"_blank\">Em quest\u00e3o de dias<\/a>.<\/p>\n<p>Na semana passada, a Divis\u00e3o de Gerenciamento de Emerg\u00eancias divulgou um plano de evacua\u00e7\u00e3o de emerg\u00eancia fortemente redigido para o que o documento chamou de &#8220;Centro de Deten\u00e7\u00e3o do Sul da Fl\u00f3rida&#8221;. Se\u00e7\u00f5es inteiras relacionadas aos procedimentos de transporte, evacua\u00e7\u00e3o e realoca\u00e7\u00e3o do detento foram escurecidos, sob uma lei da Fl\u00f3rida que permite que as ag\u00eancias estaduais tornem seus planos de emerg\u00eancia confidenciais.<\/p>\n<p>Apesar de v\u00e1rias solicita\u00e7\u00f5es de registros p\u00fablicos da Associated Press, o departamento n\u00e3o produziu outros planos de evacua\u00e7\u00e3o, estudos de impacto ambiental ou an\u00e1lises de ag\u00eancias para a instala\u00e7\u00e3o.<\/p>\n<p>Questionado pelos rep\u00f3rteres em 25 de julho, o diretor executivo Kevin Guthrie defendeu os planos da ag\u00eancia de resposta a emerg\u00eancias para a instala\u00e7\u00e3o improvisada, que, segundo ele, foi constru\u00edda para suportar um furac\u00e3o de categoria 2, que inclui ventos de at\u00e9 110 mph.<\/p>\n<p>&#8220;Eu prometo a voc\u00ea que os caras do furac\u00e3o t\u00eam as coisas do furac\u00e3o&#8221;, disse Guthrie.<\/p>\n<\/div>\n<p><br \/>\n<br \/><a href=\"https:\/\/jaxtoday.org\/2025\/08\/06\/florida-prepares-to-build-camp-blanding-ice-center\/\">Source link <\/a><\/p>","protected":false},"excerpt":{"rendered":"<p>Gov. Ron DeSantis&#8220;Aparentemente, a administra\u00e7\u00e3o est\u00e1 se preparando para construir um segundo Centro de Deten\u00e7\u00e3o de Imigra\u00e7\u00e3o em Camp Blanding, concedendo pelo menos um contrato para o que \u00e9 rotulado&hellip;<\/p>","protected":false},"author":1,"featured_media":123390,"comment_status":"closed","ping_status":"open","sticky":false,"template":"","format":"standard","meta":{"content-type":"","footnotes":""},"categories":[1],"tags":[],"class_list":["post-123389","post","type-post","status-publish","format-standard","has-post-thumbnail","hentry","category-uncategorized"],"_links":{"self":[{"href":"https:\/\/tvbrazilusa.com\/pt\/wp-json\/wp\/v2\/posts\/123389","targetHints":{"allow":["GET"]}}],"collection":[{"href":"https:\/\/tvbrazilusa.com\/pt\/wp-json\/wp\/v2\/posts"}],"about":[{"href":"https:\/\/tvbrazilusa.com\/pt\/wp-json\/wp\/v2\/types\/post"}],"author":[{"embeddable":true,"href":"https:\/\/tvbrazilusa.com\/pt\/wp-json\/wp\/v2\/users\/1"}],"replies":[{"embeddable":true,"href":"https:\/\/tvbrazilusa.com\/pt\/wp-json\/wp\/v2\/comments?post=123389"}],"version-history":[{"count":1,"href":"https:\/\/tvbrazilusa.com\/pt\/wp-json\/wp\/v2\/posts\/123389\/revisions"}],"predecessor-version":[{"id":123391,"href":"https:\/\/tvbrazilusa.com\/pt\/wp-json\/wp\/v2\/posts\/123389\/revisions\/123391"}],"wp:featuredmedia":[{"embeddable":true,"href":"https:\/\/tvbrazilusa.com\/pt\/wp-json\/wp\/v2\/media\/123390"}],"wp:attachment":[{"href":"https:\/\/tvbrazilusa.com\/pt\/wp-json\/wp\/v2\/media?parent=123389"}],"wp:term":[{"taxonomy":"category","embeddable":true,"href":"https:\/\/tvbrazilusa.com\/pt\/wp-json\/wp\/v2\/categories?post=123389"},{"taxonomy":"post_tag","embeddable":true,"href":"https:\/\/tvbrazilusa.com\/pt\/wp-json\/wp\/v2\/tags?post=123389"}],"curies":[{"name":"wp","href":"https:\/\/api.w.org\/{rel}","templated":true}]}}