{"id":123404,"date":"2025-08-06T15:50:46","date_gmt":"2025-08-06T15:50:46","guid":{"rendered":"https:\/\/tvbrazilusa.com\/2025\/08\/06\/motorista-adolescente-rasgou-a-placa-do-carro-apos-o-acidente-de-fogo-da-fi-escondido-em-galinheiro\/"},"modified":"2025-08-06T18:26:32","modified_gmt":"2025-08-06T18:26:32","slug":"motorista-adolescente-rasgou-a-placa-do-carro-apos-o-acidente-de-fogo-da-fi-escondido-em-galinheiro","status":"publish","type":"post","link":"https:\/\/tvbrazilusa.com\/pt\/2025\/08\/06\/motorista-adolescente-rasgou-a-placa-do-carro-apos-o-acidente-de-fogo-da-fi-escondido-em-galinheiro\/","title":{"rendered":"Motorista adolescente rasgou a placa do carro ap\u00f3s o acidente de fogo da FI, escondido em galinheiro"},"content":{"rendered":"<p> <script async src=\"https:\/\/pagead2.googlesyndication.com\/pagead\/js\/adsbygoogle.js?client=ca-pub-8864793242727901\"\r\n     crossorigin=\"anonymous\"><\/script><br \/>\n<\/p>\n<div>\n<p>SUMTER COUNTY, FL-O motorista adolescente em um acidente de carro de fogo em Sumter County, que deixou um garoto de 16 anos morto e um garoto de 15 anos ferido seriamente na segunda-feira \u00e0 tarde enfrenta v\u00e1rias acusa\u00e7\u00f5es criminais, disse a Patrulha Rodovi\u00e1ria da Fl\u00f3rida. <\/p>\n<\/div>\n<div>\n<p>O garoto de 17 anos estava dirigindo de forma imprudente e acelerando na estrada quando tentou ultrapassar o tr\u00e1fego mais lento e saiu da estrada para evitar uma colis\u00e3o pouco antes das 15h, disse o FHP. <\/p>\n<p>Seu carro entrou em chamas depois que ele entrou no ombro externo e bateu em uma \u00e1rvore. <\/p>\n<\/div>\n<div>\n<p>Havia cinco adolescentes de Inverness no carro no momento do acidente.<\/p>\n<p>Ap\u00f3s a colis\u00e3o, o motorista rasgou a placa do carro e correu do local, disse o FHP. <\/p>\n<\/div>\n<div>\n<p>Os policiais estaduais e os policiais do xerife do condado de Sumter o rastrearam em um galinheiro pr\u00f3ximo, onde ele foi preso. <\/p>\n<hr\/>\n<p><strong>Veja tamb\u00e9m: <\/strong><\/p>\n<\/div>\n<div>\n<hr\/>\n<p>Todos os cinco adolescentes foram levados para os hospitais da \u00e1rea, onde o jovem de 16 anos morreu de seus ferimentos. <\/p>\n<p>O motorista e dois outros meninos, com idades entre 13 e 17 anos, sofreram ferimentos leves no acidente. <\/p>\n<\/div>\n<div>\n<p>O motorista foi preso como jovem por v\u00e1rias acusa\u00e7\u00f5es criminais, incluindo homic\u00eddio veicular e deixando o local do acidente envolvendo a morte, disse o FHP.<\/p>\n<p>Enquanto a FHP nomeou o motorista adolescente, \u00e9 uma pol\u00edtica de patch n\u00e3o nomear menores que s\u00e3o acusados de crimes como jovens. <\/p>\n<p><a href=\"https:\/\/patch.com\/us\/across-america\/get-latest-local-news-free-one-quick-tap\">Obtenha as \u00faltimas not\u00edcias locais (de gra\u00e7a!) Com uma torneira r\u00e1pida<\/a><\/p>\n<\/div>\n<p><br \/>\n<br \/><a href=\"http:\/\/patch.com\/florida\/across-fl\/teen-driver-tore-license-plate-car-after-fiery-i-75-crash-hid-chicken-coop-fl?utm_source=article-mostrecent&#038;utm_medium=rss&#038;utm_term=crime%20%26%20safety&#038;utm_campaign=recirc&#038;utm_content=aol\">Source link <\/a><\/p>","protected":false},"excerpt":{"rendered":"<p>SUMTER COUNTY, FL-O motorista adolescente em um acidente de carro de fogo em Sumter County, que deixou um garoto de 16 anos morto e um garoto de 15 anos ferido&hellip;<\/p>","protected":false},"author":1,"featured_media":123405,"comment_status":"closed","ping_status":"open","sticky":false,"template":"","format":"standard","meta":{"content-type":"","footnotes":""},"categories":[1],"tags":[],"class_list":["post-123404","post","type-post","status-publish","format-standard","has-post-thumbnail","hentry","category-uncategorized"],"_links":{"self":[{"href":"https:\/\/tvbrazilusa.com\/pt\/wp-json\/wp\/v2\/posts\/123404","targetHints":{"allow":["GET"]}}],"collection":[{"href":"https:\/\/tvbrazilusa.com\/pt\/wp-json\/wp\/v2\/posts"}],"about":[{"href":"https:\/\/tvbrazilusa.com\/pt\/wp-json\/wp\/v2\/types\/post"}],"author":[{"embeddable":true,"href":"https:\/\/tvbrazilusa.com\/pt\/wp-json\/wp\/v2\/users\/1"}],"replies":[{"embeddable":true,"href":"https:\/\/tvbrazilusa.com\/pt\/wp-json\/wp\/v2\/comments?post=123404"}],"version-history":[{"count":1,"href":"https:\/\/tvbrazilusa.com\/pt\/wp-json\/wp\/v2\/posts\/123404\/revisions"}],"predecessor-version":[{"id":123406,"href":"https:\/\/tvbrazilusa.com\/pt\/wp-json\/wp\/v2\/posts\/123404\/revisions\/123406"}],"wp:featuredmedia":[{"embeddable":true,"href":"https:\/\/tvbrazilusa.com\/pt\/wp-json\/wp\/v2\/media\/123405"}],"wp:attachment":[{"href":"https:\/\/tvbrazilusa.com\/pt\/wp-json\/wp\/v2\/media?parent=123404"}],"wp:term":[{"taxonomy":"category","embeddable":true,"href":"https:\/\/tvbrazilusa.com\/pt\/wp-json\/wp\/v2\/categories?post=123404"},{"taxonomy":"post_tag","embeddable":true,"href":"https:\/\/tvbrazilusa.com\/pt\/wp-json\/wp\/v2\/tags?post=123404"}],"curies":[{"name":"wp","href":"https:\/\/api.w.org\/{rel}","templated":true}]}}