{"id":123472,"date":"2025-08-07T13:44:07","date_gmt":"2025-08-07T13:44:07","guid":{"rendered":"https:\/\/tvbrazilusa.com\/2025\/08\/07\/nova-variante-covid-com-este-sintoma-distinto-que-aumenta-os-casos-em-fl\/"},"modified":"2025-08-07T13:53:52","modified_gmt":"2025-08-07T13:53:52","slug":"nova-variante-covid-com-este-sintoma-distinto-que-aumenta-os-casos-em-fl","status":"publish","type":"post","link":"https:\/\/tvbrazilusa.com\/pt\/2025\/08\/07\/nova-variante-covid-com-este-sintoma-distinto-que-aumenta-os-casos-em-fl\/","title":{"rendered":"Nova variante Covid com este sintoma distinto que aumenta os casos em FL"},"content":{"rendered":"<p> <script async src=\"https:\/\/pagead2.googlesyndication.com\/pagead\/js\/adsbygoogle.js?client=ca-pub-8864793242727901\"\r\n     crossorigin=\"anonymous\"><\/script><br \/>\n<\/p>\n<div>\n<p>A nova variante XFG, ou &#8220;Stratus&#8221;, tornou-se a terceira linhagem mais dominante do Covid-19 neste ver\u00e3o e est\u00e1 aumentando as estimativas de casos na Fl\u00f3rida.<\/p>\n<\/div>\n<div>\n<p>Stratus \u00e9 semelhante em sintomas e seriedade a outras variantes omicr\u00f4nicas, mas pode apresentar um sintoma nunca antes visto: rouquid\u00e3o. <\/p>\n<p>Novo <a href=\"https:\/\/covid.cdc.gov\/covid-data-tracker\/#variant-proportions\" target=\"_blank\" rel=\"nofollow\">dados<\/a> Dos Centros de Controle e Preven\u00e7\u00e3o de Doen\u00e7as mostra que o Stratus foi respons\u00e1vel por 14 % dos casos Covid-19 no final de junho. Stratus foi detectado pela primeira vez no sudeste da \u00c1sia em janeiro, mas n\u00e3o apareceu nos relat\u00f3rios de vigil\u00e2ncia dos EUA at\u00e9 maio, quando representava menos de 0 % das infec\u00e7\u00f5es. A Organiza\u00e7\u00e3o Mundial da Sa\u00fade classificou o XFG como um \u201c<a href=\"https:\/\/www.who.int\/docs\/default-source\/coronaviruse\/25062025_xfg_ire.pdf?sfvrsn=fab54cd7_1\" target=\"_blank\" rel=\"nofollow\">variante em monitoramento<\/a>\u201dEm junho. <\/p>\n<\/div>\n<div>\n<p>Obter uma imagem completa da atividade da CoVID-19 pode ser dif\u00edcil, dadas as prioridades de mudan\u00e7a nas pol\u00edticas federais e estaduais de sa\u00fade. Mas v\u00e1rias medidas importantes ajudam a montar uma imagem do que est\u00e1 acontecendo na Fl\u00f3rida.<\/p>\n<p>O CDC disse que em 29 de julho, seu <a href=\"https:\/\/www.cdc.gov\/cfa-modeling-and-forecasting\/rt-estimates\/index.html\" target=\"_blank\" rel=\"nofollow\">Modelos de previs\u00e3o do Covid-19<\/a> As taxas de infec\u00e7\u00e3o no show na Fl\u00f3rida est\u00e3o crescendo. <\/p>\n<\/div>\n<div>\n<p>No geral, as proje\u00e7\u00f5es mostram que as infec\u00e7\u00f5es est\u00e3o crescendo ou provavelmente crescem em 40 estados e permanecem inalteradas em outros nove. As taxas mais altas de transmiss\u00e3o est\u00e3o no sul, no meio do atl\u00e2ntico, no nordeste e no meio-oeste.<\/p>\n<hr\/>\n<p><strong>Veja tamb\u00e9m: <\/strong><\/p>\n<\/div>\n<div>\n<hr\/>\n<p>A ag\u00eancia de sa\u00fade p\u00fablica tamb\u00e9m disse Covid <a href=\"https:\/\/www.cdc.gov\/nwss\/rv\/COVID19-national-data.html\" target=\"_blank\" rel=\"nofollow\">atividade viral em \u00e1guas residuais<\/a> permanece &#8220;baixo&#8221; nacionalmente, mas pelo menos 10 estados tinham n\u00edveis &#8220;altos&#8221; ou &#8220;muito altos&#8221;, a partir de 12 de julho. <\/p>\n<p>Com 13 sites relatando, a atividade viral na Fl\u00f3rida est\u00e1 atualmente alta.<\/p>\n<\/div>\n<div>\n<p>Para o per\u00edodo de sete dias encerrado em 31 de julho, 2,14 % de <a href=\"https:\/\/covid.cdc.gov\/covid-data-tracker\/#ed-visits_separated_by_age_group\" target=\"_blank\" rel=\"nofollow\">Visitas \u00e0 sala de emerg\u00eancia<\/a> Na Fl\u00f3rida, havia sido para Covid-19.<\/p>\n<p>Embora a rouquid\u00e3o seja exclusiva do Stratus, os sintomas comuns a outras variantes incluem febre ou calafrios, tosse, falta de ar ou dificuldade em respirar, dor de garganta, congestionamento e nariz, perda de paladar ou cheiro, fadiga, m\u00fasculos e dores no corpo, dor de cabe\u00e7a, n\u00e1usea e v\u00f4mito e diarr\u00e9ia.<\/p>\n<p>A variante Stratus pode ser melhor do que outros em fugir da prote\u00e7\u00e3o da imunidade, de acordo com especialistas. Embora <a href=\"https:\/\/www.cdc.gov\/vaccines\/hcp\/imz-schedules\/index.html\" target=\"_blank\" rel=\"nofollow\">A orienta\u00e7\u00e3o da vacina est\u00e1 mudando<\/a>o site do CDC ainda diz que a vacina covid-19 ajuda a proteger contra &#8220;doen\u00e7as graves, hospitaliza\u00e7\u00e3o e morte&#8221;.<\/p>\n<p><a href=\"https:\/\/patch.com\/us\/across-america\/get-latest-local-news-free-one-quick-tap\"><strong>Obtenha as \u00faltimas not\u00edcias locais (de gra\u00e7a!) Com uma torneira r\u00e1pida<\/strong><\/a><\/p>\n<\/div>\n<p><br \/>\n<br \/><a href=\"http:\/\/patch.com\/florida\/sarasota\/new-covid-variant-distinctive-symptom-driving-cases-fl?utm_source=article-mostrecent&#038;utm_medium=rss&#038;utm_term=health%20%26%20fitness&#038;utm_campaign=recirc&#038;utm_content=aol\">Source link <\/a><\/p>","protected":false},"excerpt":{"rendered":"<p>A nova variante XFG, ou &#8220;Stratus&#8221;, tornou-se a terceira linhagem mais dominante do Covid-19 neste ver\u00e3o e est\u00e1 aumentando as estimativas de casos na Fl\u00f3rida. Stratus \u00e9 semelhante em sintomas&hellip;<\/p>","protected":false},"author":1,"featured_media":123473,"comment_status":"closed","ping_status":"open","sticky":false,"template":"","format":"standard","meta":{"content-type":"","footnotes":""},"categories":[1],"tags":[],"class_list":["post-123472","post","type-post","status-publish","format-standard","has-post-thumbnail","hentry","category-uncategorized"],"_links":{"self":[{"href":"https:\/\/tvbrazilusa.com\/pt\/wp-json\/wp\/v2\/posts\/123472","targetHints":{"allow":["GET"]}}],"collection":[{"href":"https:\/\/tvbrazilusa.com\/pt\/wp-json\/wp\/v2\/posts"}],"about":[{"href":"https:\/\/tvbrazilusa.com\/pt\/wp-json\/wp\/v2\/types\/post"}],"author":[{"embeddable":true,"href":"https:\/\/tvbrazilusa.com\/pt\/wp-json\/wp\/v2\/users\/1"}],"replies":[{"embeddable":true,"href":"https:\/\/tvbrazilusa.com\/pt\/wp-json\/wp\/v2\/comments?post=123472"}],"version-history":[{"count":1,"href":"https:\/\/tvbrazilusa.com\/pt\/wp-json\/wp\/v2\/posts\/123472\/revisions"}],"predecessor-version":[{"id":123474,"href":"https:\/\/tvbrazilusa.com\/pt\/wp-json\/wp\/v2\/posts\/123472\/revisions\/123474"}],"wp:featuredmedia":[{"embeddable":true,"href":"https:\/\/tvbrazilusa.com\/pt\/wp-json\/wp\/v2\/media\/123473"}],"wp:attachment":[{"href":"https:\/\/tvbrazilusa.com\/pt\/wp-json\/wp\/v2\/media?parent=123472"}],"wp:term":[{"taxonomy":"category","embeddable":true,"href":"https:\/\/tvbrazilusa.com\/pt\/wp-json\/wp\/v2\/categories?post=123472"},{"taxonomy":"post_tag","embeddable":true,"href":"https:\/\/tvbrazilusa.com\/pt\/wp-json\/wp\/v2\/tags?post=123472"}],"curies":[{"name":"wp","href":"https:\/\/api.w.org\/{rel}","templated":true}]}}