{"id":123549,"date":"2025-08-07T13:39:10","date_gmt":"2025-08-07T13:39:10","guid":{"rendered":"https:\/\/tvbrazilusa.com\/2025\/08\/07\/previsao-da-temporada-de-furacoes-do-atlantico-atualizada-divulgada-por-especialistas-da-csu\/"},"modified":"2025-08-08T15:51:56","modified_gmt":"2025-08-08T15:51:56","slug":"previsao-da-temporada-de-furacoes-do-atlantico-atualizada-divulgada-por-especialistas-da-csu","status":"publish","type":"post","link":"https:\/\/tvbrazilusa.com\/pt\/2025\/08\/07\/previsao-da-temporada-de-furacoes-do-atlantico-atualizada-divulgada-por-especialistas-da-csu\/","title":{"rendered":"Previs\u00e3o da temporada de furac\u00f5es do Atl\u00e2ntico atualizada divulgada por especialistas da CSU"},"content":{"rendered":"<p> <script async src=\"https:\/\/pagead2.googlesyndication.com\/pagead\/js\/adsbygoogle.js?client=ca-pub-8864793242727901\"\r\n     crossorigin=\"anonymous\"><\/script><br \/>\n<\/p>\n<div>\n<p>Isso est\u00e1 mais ou menos alinhado com a previs\u00e3o da CSU no in\u00edcio da temporada, que pediu 17 tempestades nomeadas, nove furac\u00f5es e quatro grandes furac\u00f5es.<\/p>\n<p>A previs\u00e3o atualizada exige um total de 16 tempestades nomeadas &#8211; incluindo os quatro que j\u00e1 se formaram &#8211; oito furac\u00f5es e tr\u00eas grandes furac\u00f5es categoria 3 e superior nesta temporada, que come\u00e7aram em 1\u00ba de junho e termina em 30 de novembro.<\/p>\n<\/div>\n<div>\n<p>&#8220;A CSU continua a prever uma temporada atl\u00e2ntica ligeiramente acima do normal&#8221;, postou Philip Klotzbach, meteorologista da CSU, publicou em X, acrescentando: &#8220;Atl\u00e2ntico relativamente quente e prov\u00e1vel aus\u00eancia de (El Ni\u00f1o) os principais fatores<\/p>\n<figure class=\"r-embed\">\n<blockquote class=\"twitter-tweet\"><p>A CSU continua a prever uma temporada atl\u00e2ntica ligeiramente acima do normal, com 16 tempestades nomeadas (incluindo 4 que se formaram), 8 furac\u00f5es e 3 maiores (Hurricanes da Categoria 3+): <a href=\"https:\/\/t.co\/AX7b2CYDoJ\" rel=\"nofollow\" target=\"_blank\">https:\/\/t.co\/ax7b2cydoj<\/a> Relativamente quente atl\u00e2ntico e prov\u00e1vel aus\u00eancia de <a href=\"https:\/\/twitter.com\/hashtag\/ElNino?src=hash&#038;ref_src=twsrc%5Etfw\" rel=\"nofollow\" target=\"_blank\">#Elnino<\/a> os principais fatores. <a href=\"https:\/\/t.co\/YydkOKSvXT\" rel=\"nofollow\" target=\"_blank\">pic.twitter.com\/yydkoksvxt<\/a><br \/>&#8211; Philip Klotzbach (@philklotzbach) <a href=\"https:\/\/twitter.com\/philklotzbach\/status\/1953109057427939468?ref_src=twsrc%5Etfw\" rel=\"nofollow\" target=\"_blank\">6 de agosto de 2025<\/a><\/p><\/blockquote>\n<\/figure>\n<p>\u201cAs temperaturas da superf\u00edcie do mar no Atl\u00e2ntico Leste e Central aqueceram anomalamente nas \u00faltimas semanas e agora est\u00e3o um pouco mais quentes que o normal. V\u00e1rios indicadores antecipam provavelmente as condi\u00e7\u00f5es neutras de fria (El Ni\u00f1o-Sul) durante o pico da esta\u00e7\u00e3o do furac\u00e3o do Atl\u00e2ntico\u201d, de acordo com a previs\u00e3o atualizada. \u201cAs temperaturas quentes da superf\u00edcie do mar e as condi\u00e7\u00f5es neutras do ENSO geralmente fornecem um ambiente din\u00e2mico e termodin\u00e2mico mais prop\u00edcio para a forma\u00e7\u00e3o e intensifica\u00e7\u00e3o de furac\u00f5es.\u201d<\/p>\n<\/div>\n<div>\n<p>Apesar desses fatores, h\u00e1 uma &#8220;confian\u00e7a inferior ao normal&#8221; nas perspectivas deste ano, disseram os analistas da CSU, acrescentando: &#8220;A principal raz\u00e3o para a incerteza nas perspectivas \u00e9 o alto cisalhamento do Caribe observado nas \u00faltimas semanas.<\/p>\n<hr\/>\n<p><strong>Veja tamb\u00e9m: <\/strong><\/p>\n<\/div>\n<div>\n<hr\/>\n<p>Os meteorologistas da universidade tamb\u00e9m previram onde nos EUA um furac\u00e3o pode chegar at\u00e9 o final da temporada. <\/p>\n<p>H\u00e1 48 % de chance de um grande furac\u00e3o chegar ao longo de toda a costa continental dos EUA durante o restante da temporada, informou a previs\u00e3o. <\/p>\n<\/div>\n<div>\n<p>H\u00e1 24 % de chance de que um grande furac\u00e3o atinja a costa leste dos EUA, incluindo a Pen\u00ednsula da Fl\u00f3rida, e uma chance de 31 % de que algu\u00e9m chegue ao longo da costa do Golfo, da Fl\u00f3rida Panhandle West a Brownsville, Texas.<\/p>\n<\/p><\/div>\n<p><script async src=\"\/\/platform.twitter.com\/widgets.js\" charset=\"utf-8\"><\/script><br \/>\n<br \/><br \/>\n<br \/><a href=\"http:\/\/patch.com\/florida\/southtampa\/updated-atlantic-hurricane-season-forecast-calls-12-more-named-storms-over-next-4?utm_source=article-mostrecent&#038;utm_medium=rss&#038;utm_term=weather&#038;utm_campaign=recirc&#038;utm_content=aol\">Source link <\/a><\/p>","protected":false},"excerpt":{"rendered":"<p>Isso est\u00e1 mais ou menos alinhado com a previs\u00e3o da CSU no in\u00edcio da temporada, que pediu 17 tempestades nomeadas, nove furac\u00f5es e quatro grandes furac\u00f5es. A previs\u00e3o atualizada exige&hellip;<\/p>","protected":false},"author":1,"featured_media":123550,"comment_status":"closed","ping_status":"open","sticky":false,"template":"","format":"standard","meta":{"content-type":"","footnotes":""},"categories":[1],"tags":[],"class_list":["post-123549","post","type-post","status-publish","format-standard","has-post-thumbnail","hentry","category-uncategorized"],"_links":{"self":[{"href":"https:\/\/tvbrazilusa.com\/pt\/wp-json\/wp\/v2\/posts\/123549","targetHints":{"allow":["GET"]}}],"collection":[{"href":"https:\/\/tvbrazilusa.com\/pt\/wp-json\/wp\/v2\/posts"}],"about":[{"href":"https:\/\/tvbrazilusa.com\/pt\/wp-json\/wp\/v2\/types\/post"}],"author":[{"embeddable":true,"href":"https:\/\/tvbrazilusa.com\/pt\/wp-json\/wp\/v2\/users\/1"}],"replies":[{"embeddable":true,"href":"https:\/\/tvbrazilusa.com\/pt\/wp-json\/wp\/v2\/comments?post=123549"}],"version-history":[{"count":1,"href":"https:\/\/tvbrazilusa.com\/pt\/wp-json\/wp\/v2\/posts\/123549\/revisions"}],"predecessor-version":[{"id":123551,"href":"https:\/\/tvbrazilusa.com\/pt\/wp-json\/wp\/v2\/posts\/123549\/revisions\/123551"}],"wp:featuredmedia":[{"embeddable":true,"href":"https:\/\/tvbrazilusa.com\/pt\/wp-json\/wp\/v2\/media\/123550"}],"wp:attachment":[{"href":"https:\/\/tvbrazilusa.com\/pt\/wp-json\/wp\/v2\/media?parent=123549"}],"wp:term":[{"taxonomy":"category","embeddable":true,"href":"https:\/\/tvbrazilusa.com\/pt\/wp-json\/wp\/v2\/categories?post=123549"},{"taxonomy":"post_tag","embeddable":true,"href":"https:\/\/tvbrazilusa.com\/pt\/wp-json\/wp\/v2\/tags?post=123549"}],"curies":[{"name":"wp","href":"https:\/\/api.w.org\/{rel}","templated":true}]}}