{"id":123669,"date":"2025-08-11T01:53:00","date_gmt":"2025-08-11T01:53:00","guid":{"rendered":"https:\/\/tvbrazilusa.com\/2025\/08\/11\/bispo-expoe-perigos-da-tirania-no-pais-e-alerta-fieis-tv-florida-usa-a-sua-tv-brasileira-nos-estados-unidos\/"},"modified":"2025-08-11T06:56:40","modified_gmt":"2025-08-11T06:56:40","slug":"bispo-expoe-perigos-da-tirania-no-pais-e-alerta-fieis-tv-florida-usa-a-sua-tv-brasileira-nos-estados-unidos","status":"publish","type":"post","link":"https:\/\/tvbrazilusa.com\/pt\/2025\/08\/11\/bispo-expoe-perigos-da-tirania-no-pais-e-alerta-fieis-tv-florida-usa-a-sua-tv-brasileira-nos-estados-unidos\/","title":{"rendered":"Bispo exp\u00f5e perigos da tirania no pa\u00eds e alerta fi\u00e9is \u2013 TV Florida USA \u2013 A sua TV Brasileira nos Estados Unidos"},"content":{"rendered":"<p> <script async src=\"https:\/\/pagead2.googlesyndication.com\/pagead\/js\/adsbygoogle.js?client=ca-pub-8864793242727901\"\r\n     crossorigin=\"anonymous\"><\/script><br \/>\n<\/p>\n<div>\n<p data-end=\"342\" data-start=\"0\">O bispo cat\u00f3lico Dom Adair Jos\u00e9, da Diocese de Formosa, em Goi\u00e1s, fez declara\u00e7\u00f5es contundentes em uma recente ministra\u00e7\u00e3o que repercutiram no meio religioso e social. Durante seu discurso, o l\u00edder religioso apontou para o que chamou de \u201cproibi\u00e7\u00e3o de liberdade\u201d no Brasil, destacando preocupa\u00e7\u00f5es relacionadas a situa\u00e7\u00f5es de injusti\u00e7a no pa\u00eds.<\/p>\n<p data-end=\"1091\" data-start=\"684\"><strong>Confira detalhes no v\u00eddeo:<\/strong><\/p>\n<\/p>\n<p data-end=\"670\" data-start=\"344\">Em sua fala, Dom Adair mencionou casos que, segundo ele, envolvem a \u201cpris\u00e3o de inocentes\u201d e \u201cabusos contra idosos\u201d, temas que t\u00eam gerado debates em diferentes setores da sociedade. Essas afirma\u00e7\u00f5es evidenciam a inquieta\u00e7\u00e3o do bispo com o cen\u00e1rio atual, onde, na vis\u00e3o dele, direitos fundamentais estariam sendo desrespeitados.<\/p>\n<p data-end=\"1088\" data-start=\"672\">Al\u00e9m disso, Dom Adair Jos\u00e9 ressaltou a import\u00e2ncia da f\u00e9 e da justi\u00e7a divina, afirmando que \u201co ju\u00edzo de Deus vir\u00e1\u201d. Ele enfatizou que as ora\u00e7\u00f5es e doa\u00e7\u00f5es daqueles que s\u00e3o justos e inocentes est\u00e3o sendo ouvidas e que, em tempo oportuno, seus efeitos ser\u00e3o manifestados. Essa mensagem traz uma dimens\u00e3o espiritual e de esperan\u00e7a para seus seguidores, refor\u00e7ando a cren\u00e7a na interven\u00e7\u00e3o divina diante das dificuldades.<\/p>\n<p data-end=\"1457\" data-start=\"1090\">As declara\u00e7\u00f5es do bispo tamb\u00e9m refletem um sentimento presente em parte da popula\u00e7\u00e3o que se sente desamparada diante de decis\u00f5es judiciais e sociais que parecem injustas ou arbitr\u00e1rias. A refer\u00eancia aos \u201cabusos contra idosos\u201d chama aten\u00e7\u00e3o para um problema social relevante, j\u00e1 que esse grupo \u00e9 frequentemente vulner\u00e1vel a diferentes tipos de viol\u00eancia e neglig\u00eancia.<\/p>\n<p data-end=\"1731\" data-start=\"1459\">No contexto brasileiro, temas como liberdade, justi\u00e7a e direitos humanos s\u00e3o recorrentes em discuss\u00f5es p\u00fablicas e pol\u00edticas. A fala de Dom Adair Jos\u00e9 insere-se nesse debate, trazendo a perspectiva religiosa para quest\u00f5es que afetam a vida cotidiana e a conviv\u00eancia social.<\/p>\n<p data-end=\"2017\" data-start=\"1733\">O bispo atua em uma regi\u00e3o onde a Igreja Cat\u00f3lica tem forte presen\u00e7a, e suas palavras reverberam entre fi\u00e9is que acompanham suas orienta\u00e7\u00f5es. A postura adotada por Dom Adair pode influenciar a percep\u00e7\u00e3o e o engajamento da comunidade cat\u00f3lica frente aos desafios enfrentados pelo pa\u00eds.<\/p>\n<p data-end=\"2301\" data-start=\"2019\">Ao mencionar que \u201co ju\u00edzo de Deus vir\u00e1\u201d, o l\u00edder religioso refor\u00e7a a ideia de que, apesar das injusti\u00e7as aparentes, existe uma ordem moral superior que ser\u00e1 aplicada no momento certo. Essa mensagem busca confortar aqueles que se sentem prejudicados e estimular a perseveran\u00e7a na f\u00e9.<\/p>\n<p data-end=\"2624\" data-start=\"2303\">A quest\u00e3o da \u201cproibi\u00e7\u00e3o de liberdade\u201d tamb\u00e9m pode ser interpretada como uma cr\u00edtica a medidas ou situa\u00e7\u00f5es percebidas como limitadoras dos direitos individuais e coletivos. Embora o contexto exato dessas declara\u00e7\u00f5es n\u00e3o tenha sido detalhado, o bispo expressa um posicionamento que dialoga com preocupa\u00e7\u00f5es sociais amplas.<\/p>\n<p data-end=\"2934\" data-start=\"2626\">Em suma, as palavras de Dom Adair Jos\u00e9, da Diocese de Formosa, refletem um olhar cr\u00edtico sobre a realidade atual do Brasil, destacando temas como injusti\u00e7a, direitos humanos e f\u00e9. Sua mensagem combina den\u00fancia social com esperan\u00e7a espiritual, buscando fortalecer a comunidade diante dos desafios enfrentados.<\/p>\n<p data-end=\"3171\" data-is-last-node=\"\" data-is-only-node=\"\" data-start=\"2936\">Esse tipo de posicionamento refor\u00e7a o papel da Igreja Cat\u00f3lica n\u00e3o apenas como institui\u00e7\u00e3o religiosa, mas tamb\u00e9m como ator social e moral, que participa dos debates p\u00fablicos e influencia a constru\u00e7\u00e3o de valores na sociedade brasileira.<\/p>\n<p data-end=\"1091\" data-start=\"684\"><strong>\u00a0<\/strong><\/p>\n<\/div>\n<p><br \/>\n<br \/><a href=\"https:\/\/tvfloridausa.com\/2025\/08\/11\/bispo-expoe-perigos-da-tirania-no-pais-e-alerta-fieis\/\">Source link <\/a><\/p>","protected":false},"excerpt":{"rendered":"<p>O bispo cat\u00f3lico Dom Adair Jos\u00e9, da Diocese de Formosa, em Goi\u00e1s, fez declara\u00e7\u00f5es contundentes em uma recente ministra\u00e7\u00e3o que repercutiram no meio religioso e social. Durante seu discurso, o&hellip;<\/p>","protected":false},"author":1,"featured_media":123055,"comment_status":"closed","ping_status":"open","sticky":false,"template":"","format":"standard","meta":{"content-type":"","footnotes":""},"categories":[22],"tags":[],"class_list":["post-123669","post","type-post","status-publish","format-standard","has-post-thumbnail","hentry","category-tv-florida-usa"],"_links":{"self":[{"href":"https:\/\/tvbrazilusa.com\/pt\/wp-json\/wp\/v2\/posts\/123669","targetHints":{"allow":["GET"]}}],"collection":[{"href":"https:\/\/tvbrazilusa.com\/pt\/wp-json\/wp\/v2\/posts"}],"about":[{"href":"https:\/\/tvbrazilusa.com\/pt\/wp-json\/wp\/v2\/types\/post"}],"author":[{"embeddable":true,"href":"https:\/\/tvbrazilusa.com\/pt\/wp-json\/wp\/v2\/users\/1"}],"replies":[{"embeddable":true,"href":"https:\/\/tvbrazilusa.com\/pt\/wp-json\/wp\/v2\/comments?post=123669"}],"version-history":[{"count":1,"href":"https:\/\/tvbrazilusa.com\/pt\/wp-json\/wp\/v2\/posts\/123669\/revisions"}],"predecessor-version":[{"id":123670,"href":"https:\/\/tvbrazilusa.com\/pt\/wp-json\/wp\/v2\/posts\/123669\/revisions\/123670"}],"wp:featuredmedia":[{"embeddable":true,"href":"https:\/\/tvbrazilusa.com\/pt\/wp-json\/wp\/v2\/media\/123055"}],"wp:attachment":[{"href":"https:\/\/tvbrazilusa.com\/pt\/wp-json\/wp\/v2\/media?parent=123669"}],"wp:term":[{"taxonomy":"category","embeddable":true,"href":"https:\/\/tvbrazilusa.com\/pt\/wp-json\/wp\/v2\/categories?post=123669"},{"taxonomy":"post_tag","embeddable":true,"href":"https:\/\/tvbrazilusa.com\/pt\/wp-json\/wp\/v2\/tags?post=123669"}],"curies":[{"name":"wp","href":"https:\/\/api.w.org\/{rel}","templated":true}]}}