{"id":123675,"date":"2025-08-11T01:11:00","date_gmt":"2025-08-11T01:11:00","guid":{"rendered":"https:\/\/tvbrazilusa.com\/2025\/08\/11\/nao-vou-parar-ate-bolsonaro-ser-livre-tv-florida-usa-a-sua-tv-brasileira-nos-estados-unidos\/"},"modified":"2025-08-11T07:59:11","modified_gmt":"2025-08-11T07:59:11","slug":"nao-vou-parar-ate-bolsonaro-ser-livre-tv-florida-usa-a-sua-tv-brasileira-nos-estados-unidos","status":"publish","type":"post","link":"https:\/\/tvbrazilusa.com\/pt\/2025\/08\/11\/nao-vou-parar-ate-bolsonaro-ser-livre-tv-florida-usa-a-sua-tv-brasileira-nos-estados-unidos\/","title":{"rendered":"\u201cN\u00e3o vou parar at\u00e9 Bolsonaro ser livre\u201d \u2013 TV Florida USA \u2013 A sua TV Brasileira nos Estados Unidos"},"content":{"rendered":"<p> <script async src=\"https:\/\/pagead2.googlesyndication.com\/pagead\/js\/adsbygoogle.js?client=ca-pub-8864793242727901\"\r\n     crossorigin=\"anonymous\"><\/script><br \/>\n<\/p>\n<div>\n<p>Neste domingo (10), o conselheiro do presidente dos Estados Unidos, Donald Trump, fez duas publica\u00e7\u00f5es na rede social X mostrando que ele continuar\u00e1 trabalhando em defesa do ex-presidente brasileiro Jair Bolsonaro (PL). O pol\u00edtico est\u00e1 em pris\u00e3o domiciliar desde segunda-feira (4), por determina\u00e7\u00e3o do ministro Alexandre de Moraes, do Supremo Tribunal Federal (STF).<\/p>\n<p>Jason Miller afirmou que \u201cn\u00e3o vai parar\u201d at\u00e9 que Bolsonaro esteja \u201clivre\u201d. A frase foi escrita em resposta a um internauta que afirmou ser \u201cmais importante o impeachment de Moraes do que libertar Bolsonaro\u201d.<\/p>\n<p>Mais cedo, Miller j\u00e1 havia postado: \u201cLibertem Bolsonaro\u2026 ou ent\u00e3o\u201d, reagindo a uma reportagem que citava ministros do STF preocupados com a possibilidade de serem enquadrados na Lei Magnitsky, que prev\u00ea san\u00e7\u00f5es contra violadores de direitos humanos.<\/p>\n<p>As declara\u00e7\u00f5es ocorreram poucas horas ap\u00f3s a Embaixada dos EUA no Brasil divulgar cr\u00edticas ao STF. A nota, assinada pelo vice-secret\u00e1rio adjunto Christopher Landau, acusou um ministro da Corte de \u201cusurpar poder ditatorial\u201d e intimidar l\u00edderes de outros poderes e seus familiares, al\u00e9m de tentar aplicar a lei brasileira para censurar pessoas e empresas em territ\u00f3rio americano.<\/p>\n<\/p>\n<p><img fetchpriority=\"high\" decoding=\"async\" class=\"alignnone wp-image-4226 size-full\" alt=\"\" width=\"767\" height=\"584\" srcset=\"https:\/\/www.podernacional.com.br\/wp-content\/uploads\/2025\/08\/Conselheiro-de-Trump-1.webp 767w, https:\/\/www.podernacional.com.br\/wp-content\/uploads\/2025\/08\/Conselheiro-de-Trump-1-300x228.webp 300w, https:\/\/www.podernacional.com.br\/wp-content\/uploads\/2025\/08\/Conselheiro-de-Trump-1-16x12.webp 16w\" data-lazy-sizes=\"(max-width: 767px) 100vw, 767px\" src=\"https:\/\/www.podernacional.com.br\/wp-content\/uploads\/2025\/08\/Conselheiro-de-Trump-1.webp\"\/><img loading=\"lazy\" decoding=\"async\" class=\"alignnone wp-image-4226 size-full\" src=\"https:\/\/www.podernacional.com.br\/wp-content\/uploads\/2025\/08\/Conselheiro-de-Trump-1.webp\" alt=\"\" width=\"767\" height=\"584\" srcset=\"https:\/\/www.podernacional.com.br\/wp-content\/uploads\/2025\/08\/Conselheiro-de-Trump-1.webp 767w, https:\/\/www.podernacional.com.br\/wp-content\/uploads\/2025\/08\/Conselheiro-de-Trump-1-300x228.webp 300w, https:\/\/www.podernacional.com.br\/wp-content\/uploads\/2025\/08\/Conselheiro-de-Trump-1-16x12.webp 16w\" sizes=\"auto, (max-width: 767px) 100vw, 767px\"\/><\/p>\n<\/div>\n<p><br \/>\n<br \/><a href=\"https:\/\/tvfloridausa.com\/2025\/08\/11\/conselheiro-de-trump-nao-vou-parar-ate-bolsonaro-ser-livre\/\">Source link <\/a><\/p>","protected":false},"excerpt":{"rendered":"<p>Neste domingo (10), o conselheiro do presidente dos Estados Unidos, Donald Trump, fez duas publica\u00e7\u00f5es na rede social X mostrando que ele continuar\u00e1 trabalhando em defesa do ex-presidente brasileiro Jair&hellip;<\/p>","protected":false},"author":1,"featured_media":123676,"comment_status":"closed","ping_status":"open","sticky":false,"template":"","format":"standard","meta":{"content-type":"","footnotes":""},"categories":[22],"tags":[],"class_list":["post-123675","post","type-post","status-publish","format-standard","has-post-thumbnail","hentry","category-tv-florida-usa"],"_links":{"self":[{"href":"https:\/\/tvbrazilusa.com\/pt\/wp-json\/wp\/v2\/posts\/123675","targetHints":{"allow":["GET"]}}],"collection":[{"href":"https:\/\/tvbrazilusa.com\/pt\/wp-json\/wp\/v2\/posts"}],"about":[{"href":"https:\/\/tvbrazilusa.com\/pt\/wp-json\/wp\/v2\/types\/post"}],"author":[{"embeddable":true,"href":"https:\/\/tvbrazilusa.com\/pt\/wp-json\/wp\/v2\/users\/1"}],"replies":[{"embeddable":true,"href":"https:\/\/tvbrazilusa.com\/pt\/wp-json\/wp\/v2\/comments?post=123675"}],"version-history":[{"count":1,"href":"https:\/\/tvbrazilusa.com\/pt\/wp-json\/wp\/v2\/posts\/123675\/revisions"}],"predecessor-version":[{"id":123677,"href":"https:\/\/tvbrazilusa.com\/pt\/wp-json\/wp\/v2\/posts\/123675\/revisions\/123677"}],"wp:featuredmedia":[{"embeddable":true,"href":"https:\/\/tvbrazilusa.com\/pt\/wp-json\/wp\/v2\/media\/123676"}],"wp:attachment":[{"href":"https:\/\/tvbrazilusa.com\/pt\/wp-json\/wp\/v2\/media?parent=123675"}],"wp:term":[{"taxonomy":"category","embeddable":true,"href":"https:\/\/tvbrazilusa.com\/pt\/wp-json\/wp\/v2\/categories?post=123675"},{"taxonomy":"post_tag","embeddable":true,"href":"https:\/\/tvbrazilusa.com\/pt\/wp-json\/wp\/v2\/tags?post=123675"}],"curies":[{"name":"wp","href":"https:\/\/api.w.org\/{rel}","templated":true}]}}