{"id":123734,"date":"2025-08-12T00:38:00","date_gmt":"2025-08-12T00:38:00","guid":{"rendered":"https:\/\/tvbrazilusa.com\/2025\/08\/12\/membros-do-centrao-ja-preveem-nova-crise-com-governo-lula-tv-florida-usa-a-sua-tv-brasileira-nos-estados-unidos\/"},"modified":"2025-08-12T01:45:45","modified_gmt":"2025-08-12T01:45:45","slug":"membros-do-centrao-ja-preveem-nova-crise-com-governo-lula-tv-florida-usa-a-sua-tv-brasileira-nos-estados-unidos","status":"publish","type":"post","link":"https:\/\/tvbrazilusa.com\/pt\/2025\/08\/12\/membros-do-centrao-ja-preveem-nova-crise-com-governo-lula-tv-florida-usa-a-sua-tv-brasileira-nos-estados-unidos\/","title":{"rendered":"Membros do centr\u00e3o j\u00e1 preveem nova crise com governo Lula \u2013 TV Florida USA \u2013 A sua TV Brasileira nos Estados Unidos"},"content":{"rendered":"<p> <script async src=\"https:\/\/pagead2.googlesyndication.com\/pagead\/js\/adsbygoogle.js?client=ca-pub-8864793242727901\"\r\n     crossorigin=\"anonymous\"><\/script><br \/>\n<\/p>\n<div>\n<p>Ap\u00f3s o recente impasse causado pelo decreto do Imposto sobre Opera\u00e7\u00f5es Financeiras (IOF), aliados do presidente da C\u00e2mara dos Deputados, Hugo Motta (Republicanos-PB), j\u00e1 antecipam um novo confronto entre o Legislativo e o governo do presidente Luiz In\u00e1cio Lula da Silva. A pr\u00f3xima disputa deve ocorrer em torno da Lei de Diretrizes Or\u00e7ament\u00e1rias (LDO), pe\u00e7a fundamental para o planejamento financeiro e or\u00e7ament\u00e1rio do pa\u00eds.<\/p>\n<p><strong>Confira detalhes no v\u00eddeo:<\/strong><\/p>\n<\/p>\n<p data-end=\"800\" data-start=\"426\">A tens\u00e3o gira especialmente em torno da aprova\u00e7\u00e3o do calend\u00e1rio para o pagamento das emendas parlamentares, instrumento pelo qual os deputados federais destinam recursos para investimentos em suas bases eleitorais. A defini\u00e7\u00e3o do cronograma para a libera\u00e7\u00e3o desses valores \u00e9 vista como um ponto sens\u00edvel, j\u00e1 que impacta diretamente a rela\u00e7\u00e3o entre o Executivo e o Congresso.<\/p>\n<p data-end=\"1261\" data-start=\"802\">A LDO \u00e9 um dos primeiros passos na constru\u00e7\u00e3o do or\u00e7amento anual, estabelecendo prioridades e metas para o governo. Por isso, a aprova\u00e7\u00e3o da legisla\u00e7\u00e3o envolve negocia\u00e7\u00f5es complexas e interesses diversos, o que pode abrir espa\u00e7o para embates entre as duas casas do Legislativo e o Executivo. No contexto atual, a disputa tende a ser mais acirrada devido \u00e0 recente crise provocada pelo decreto do IOF, que gerou desgaste entre o Pal\u00e1cio do Planalto e a C\u00e2mara.<\/p>\n<p data-end=\"1731\" data-start=\"1263\">Aliados de Hugo Motta indicam que a futura diverg\u00eancia poder\u00e1 complicar ainda mais a tramita\u00e7\u00e3o da LDO, uma vez que a defini\u00e7\u00e3o do calend\u00e1rio das emendas parlamentares \u00e9 estrat\u00e9gica para o Congresso. Os deputados utilizam esses recursos para garantir investimentos em suas regi\u00f5es e fortalecer seu capital pol\u00edtico. Portanto, a demora ou a tentativa do governo em impor um cronograma restritivo pode ser interpretada como um desrespeito \u00e0s prerrogativas do Parlamento.<\/p>\n<p data-end=\"2138\" data-start=\"1733\">Essa situa\u00e7\u00e3o cria um cen\u00e1rio delicado para o governo Lula, que precisa equilibrar o ajuste fiscal e o atendimento \u00e0s demandas dos parlamentares para garantir governabilidade. Ao mesmo tempo, o Legislativo demonstra estar atento a qualquer movimenta\u00e7\u00e3o que limite sua autonomia financeira ou administrativa, sobretudo em um momento em que a base aliada no Congresso enfrenta desafios para se manter unida.<\/p>\n<p data-end=\"2548\" data-start=\"2140\">O potencial conflito pode afetar a aprova\u00e7\u00e3o da LDO no Congresso, atrasando a elabora\u00e7\u00e3o do or\u00e7amento para o pr\u00f3ximo ano e, consequentemente, prejudicando a execu\u00e7\u00e3o de pol\u00edticas p\u00fablicas. A falta de consenso entre Executivo e Legislativo em torno do pagamento das emendas parlamentares pode gerar impasses que reverberam em toda a m\u00e1quina p\u00fablica, afetando munic\u00edpios e estados que dependem desses recursos.<\/p>\n<p data-end=\"2944\" data-start=\"2550\">Al\u00e9m disso, o desgaste entre a C\u00e2mara e o governo pode repercutir no ambiente pol\u00edtico mais amplo, influenciando negocia\u00e7\u00f5es sobre outras pautas importantes e impactando a rela\u00e7\u00e3o do Planalto com os partidos que comp\u00f5em a base aliada. A disputa em torno da LDO pode ser o estopim para um clima ainda mais tenso entre os poderes, dificultando a tramita\u00e7\u00e3o de propostas priorit\u00e1rias do Executivo.<\/p>\n<p data-end=\"3338\" data-start=\"2946\">A expectativa \u00e9 de que, nas pr\u00f3ximas semanas, tanto o governo quanto a presid\u00eancia da C\u00e2mara busquem evitar que o conflito se agrave, por meio de di\u00e1logo e negocia\u00e7\u00f5es pol\u00edticas. Entretanto, as diverg\u00eancias apontam para um cen\u00e1rio de disputa acirrada, que pode colocar \u00e0 prova a capacidade de articula\u00e7\u00e3o do governo Lula e do presidente Hugo Motta para administrar os interesses conflitantes.<\/p>\n<p data-end=\"3723\" data-is-last-node=\"\" data-is-only-node=\"\" data-start=\"3340\">Em resumo, o imbr\u00f3glio em torno do decreto do IOF pode ser apenas o prel\u00fadio de uma crise maior, centrada na Lei de Diretrizes Or\u00e7ament\u00e1rias e, especificamente, na libera\u00e7\u00e3o e no calend\u00e1rio das emendas parlamentares. A forma como esse embate ser\u00e1 conduzido ter\u00e1 impacto direto no funcionamento do Congresso, na rela\u00e7\u00e3o entre os poderes e na execu\u00e7\u00e3o das pol\u00edticas p\u00fablicas no Brasil.<\/p>\n<p><strong>\u00a0<\/strong><\/p>\n<\/div>\n<p><br \/>\n<br \/><a href=\"https:\/\/tvfloridausa.com\/2025\/08\/12\/membros-do-centrao-ja-preveem-nova-crise-com-governo-lula\/\">Source link <\/a><\/p>","protected":false},"excerpt":{"rendered":"<p>Ap\u00f3s o recente impasse causado pelo decreto do Imposto sobre Opera\u00e7\u00f5es Financeiras (IOF), aliados do presidente da C\u00e2mara dos Deputados, Hugo Motta (Republicanos-PB), j\u00e1 antecipam um novo confronto entre o&hellip;<\/p>","protected":false},"author":1,"featured_media":123735,"comment_status":"closed","ping_status":"open","sticky":false,"template":"","format":"standard","meta":{"content-type":"","footnotes":""},"categories":[22],"tags":[],"class_list":["post-123734","post","type-post","status-publish","format-standard","has-post-thumbnail","hentry","category-tv-florida-usa"],"_links":{"self":[{"href":"https:\/\/tvbrazilusa.com\/pt\/wp-json\/wp\/v2\/posts\/123734","targetHints":{"allow":["GET"]}}],"collection":[{"href":"https:\/\/tvbrazilusa.com\/pt\/wp-json\/wp\/v2\/posts"}],"about":[{"href":"https:\/\/tvbrazilusa.com\/pt\/wp-json\/wp\/v2\/types\/post"}],"author":[{"embeddable":true,"href":"https:\/\/tvbrazilusa.com\/pt\/wp-json\/wp\/v2\/users\/1"}],"replies":[{"embeddable":true,"href":"https:\/\/tvbrazilusa.com\/pt\/wp-json\/wp\/v2\/comments?post=123734"}],"version-history":[{"count":1,"href":"https:\/\/tvbrazilusa.com\/pt\/wp-json\/wp\/v2\/posts\/123734\/revisions"}],"predecessor-version":[{"id":123736,"href":"https:\/\/tvbrazilusa.com\/pt\/wp-json\/wp\/v2\/posts\/123734\/revisions\/123736"}],"wp:featuredmedia":[{"embeddable":true,"href":"https:\/\/tvbrazilusa.com\/pt\/wp-json\/wp\/v2\/media\/123735"}],"wp:attachment":[{"href":"https:\/\/tvbrazilusa.com\/pt\/wp-json\/wp\/v2\/media?parent=123734"}],"wp:term":[{"taxonomy":"category","embeddable":true,"href":"https:\/\/tvbrazilusa.com\/pt\/wp-json\/wp\/v2\/categories?post=123734"},{"taxonomy":"post_tag","embeddable":true,"href":"https:\/\/tvbrazilusa.com\/pt\/wp-json\/wp\/v2\/tags?post=123734"}],"curies":[{"name":"wp","href":"https:\/\/api.w.org\/{rel}","templated":true}]}}