{"id":123778,"date":"2025-08-12T12:02:00","date_gmt":"2025-08-12T12:02:00","guid":{"rendered":"https:\/\/tvbrazilusa.com\/2025\/08\/12\/new-york-times-lista-acusacoes-contra-moraes-do-stf-tv-florida-usa-a-sua-tv-brasileira-nos-estados-unidos\/"},"modified":"2025-08-12T12:42:20","modified_gmt":"2025-08-12T12:42:20","slug":"new-york-times-lista-acusacoes-contra-moraes-do-stf-tv-florida-usa-a-sua-tv-brasileira-nos-estados-unidos","status":"publish","type":"post","link":"https:\/\/tvbrazilusa.com\/pt\/2025\/08\/12\/new-york-times-lista-acusacoes-contra-moraes-do-stf-tv-florida-usa-a-sua-tv-brasileira-nos-estados-unidos\/","title":{"rendered":"New York Times lista acusa\u00e7\u00f5es contra Moraes, do STF \u2013 TV Florida USA \u2013 A sua TV Brasileira nos Estados Unidos"},"content":{"rendered":"<p> <script async src=\"https:\/\/pagead2.googlesyndication.com\/pagead\/js\/adsbygoogle.js?client=ca-pub-8864793242727901\"\r\n     crossorigin=\"anonymous\"><\/script><br \/>\n<\/p>\n<div>\n<p>O jornal norte-americano The New York Times listou acusa\u00e7\u00f5es contra o ministro Alexandre de Moraes, do Supremo Tribunal Federal, que est\u00e1 no centro do debate sobre as tarifas impostas pelos EUA ao Brasil. Na reportagem intitulada \u201cO Brasil manteve o controle r\u00edgido sobre as grandes empresas de tecnologia. As tarifas de Trump podem mudar isso\u201d, o NYT cita que o magistrado \u201cprendeu sem julgamento, bloqueou ve\u00edculos de not\u00edcia e ordenou remo\u00e7\u00e3o de contas\u201d.<\/p>\n<p>Para al\u00e9m das a\u00e7\u00f5es de Moraes e paralelamente \u00e0s san\u00e7\u00f5es comerciais, o texto traz a tese de que empresas do setor digital ampliam sua influ\u00eancia nos debates sobre regulamenta\u00e7\u00e3o tecnol\u00f3gica no Brasil.<\/p>\n<p>Com a tarifa de 50% sobre produtos brasileiros, representantes de empresas como Google e Meta passaram a ser recebidos por autoridades e ministros do Supremo Tribunal Federal, em meio \u00e0 elabora\u00e7\u00e3o de normas relativas \u00e0 liberdade de express\u00e3o e intelig\u00eancia artificial.<\/p>\n<p>Segundo Anupam Chander, professor de direito e tecnologia da Georgetown University, \u201ctudo parece fazer parte do \u2018acordo\u2019\u201d. Assim, ao que tudo indica, quest\u00f5es internas brasileiras passaram a integrar uma agenda de com\u00e9rcio exterior.<\/p>\n<h2 id=\"h-pressao-dos-eua-e-resposta-do-governo-brasileiro\" class=\"wp-block-heading\">Press\u00e3o dos EUA e resposta do governo brasileiro<\/h2>\n<p>Apesar da press\u00e3o, o governo brasileiro reafirma que decis\u00f5es judiciais n\u00e3o podem ser influenciadas por interesses externos, e o ministro Alexandre de Moraes continua \u00e0 frente do processo contra Bolsonaro, mesmo diante de san\u00e7\u00f5es norte-americanas.<\/p>\n<p>Enquanto a ofensiva de Trump aos temas de Justi\u00e7a se mostra infrut\u00edfera, Washington mira as regras brasileiras para o setor de tecnologia. Os Estados Unidos mant\u00eam relevante interc\u00e2mbio comercial com o Brasil, com super\u00e1vit de US$ 7,4 bilh\u00f5es em 2024, num fluxo total de US$ 92 bilh\u00f5es. O governo Trump alega que as normas locais prejudicam empresas norte-americanas e censuram vozes conservadoras.<\/p>\n<p>Em resposta inicial, Lula acusou Trump de \u201cchantagem\u201d e anunciou planos para ampliar a regula\u00e7\u00e3o e a taxa\u00e7\u00e3o das plataformas digitais. Por\u00e9m, depois da entrada em vigor das tarifas e do impasse nas negocia\u00e7\u00f5es, o vice-presidente, Geraldo Alckmin, demonstrou disposi\u00e7\u00e3o para discutir o tema, para atenuar as san\u00e7\u00f5es aplicadas pelos EUA.<\/p>\n<p>Com aproximadamente 212 milh\u00f5es de habitantes e intensa atividade digital, o Brasil representa um mercado estrat\u00e9gico para gigantes da tecnologia. Contudo, o pa\u00eds mant\u00e9m embates frequentes com as plataformas, que alegam viola\u00e7\u00e3o \u00e0 liberdade de express\u00e3o nas tentativas de combate \u00e0 desinforma\u00e7\u00e3o.<\/p>\n<h2 class=\"wp-block-heading\">O STF, Moraes e a regula\u00e7\u00e3o das redes<\/h2>\n<div id=\"attachment_4294\" style=\"width: 810px\" class=\"wp-caption alignnone\">\n<p id=\"caption-attachment-4294\" class=\"wp-caption-text\">Fachada do Supremo Tribunal Federal (STF), em Bras\u00edlia | Foto: Wallace Martins\/STF<\/p>\n<\/div>\n<p>O Supremo Tribunal Federal, principalmente na figura de Moraes, tem adotado posturas firmes, sob o discurso de que a desinforma\u00e7\u00e3o traz \u00e0 democracia. Projetos de lei para responsabilizar as plataformas enfrentam resist\u00eancia de parlamentares de direita, o que leva Moraes a agir diretamente para bloquear perfis de apoiadores de Bolsonaro e restringir conte\u00fados que considera \u201cantidemocr\u00e1ticos\u201d.<\/p>\n<p>No contexto brasileiro, cr\u00edticos apontam excessos, como pris\u00f5es sem julgamento e remo\u00e7\u00e3o de conte\u00fados e contas sem justificativas transparentes. As a\u00e7\u00f5es judiciais motivaram a imposi\u00e7\u00e3o de tarifas pelos EUA, al\u00e9m de uma investiga\u00e7\u00e3o do representante comercial americano sobre a regulamenta\u00e7\u00e3o local.<\/p>\n<p>Esse cen\u00e1rio diplom\u00e1tico abriu espa\u00e7o para que as empresas de tecnologia participem mais ativamente das discuss\u00f5es sobre as futuras regras do setor no Brasil. Em junho, o STF decidiu que plataformas digitais podem ser responsabilizadas por postagens que infrinjam leis contra discurso de \u00f3dio e ataques \u00e0 democracia e exigiu monitoramento de conte\u00fado patrocinado e preven\u00e7\u00e3o de publica\u00e7\u00f5es nocivas.<\/p>\n<p data-autozep-autoads-lastcrawled=\"\">O Supremo agora avalia quando e como as novas diretrizes, semelhantes \u00e0s da Uni\u00e3o Europeia, passar\u00e3o a valer. As empresas alegam inseguran\u00e7a jur\u00eddica e criticam a exig\u00eancia de responsabiliza\u00e7\u00e3o por conte\u00fados de terceiros.<\/p>\n<\/div>\n<p><br \/>\n<br \/><a href=\"https:\/\/tvfloridausa.com\/2025\/08\/12\/new-york-times-lista-acusacoes-contra-moraes-do-stf\/\">Source link <\/a><\/p>","protected":false},"excerpt":{"rendered":"<p>O jornal norte-americano The New York Times listou acusa\u00e7\u00f5es contra o ministro Alexandre de Moraes, do Supremo Tribunal Federal, que est\u00e1 no centro do debate sobre as tarifas impostas pelos&hellip;<\/p>","protected":false},"author":1,"featured_media":123779,"comment_status":"closed","ping_status":"open","sticky":false,"template":"","format":"standard","meta":{"content-type":"","footnotes":""},"categories":[22],"tags":[],"class_list":["post-123778","post","type-post","status-publish","format-standard","has-post-thumbnail","hentry","category-tv-florida-usa"],"_links":{"self":[{"href":"https:\/\/tvbrazilusa.com\/pt\/wp-json\/wp\/v2\/posts\/123778","targetHints":{"allow":["GET"]}}],"collection":[{"href":"https:\/\/tvbrazilusa.com\/pt\/wp-json\/wp\/v2\/posts"}],"about":[{"href":"https:\/\/tvbrazilusa.com\/pt\/wp-json\/wp\/v2\/types\/post"}],"author":[{"embeddable":true,"href":"https:\/\/tvbrazilusa.com\/pt\/wp-json\/wp\/v2\/users\/1"}],"replies":[{"embeddable":true,"href":"https:\/\/tvbrazilusa.com\/pt\/wp-json\/wp\/v2\/comments?post=123778"}],"version-history":[{"count":1,"href":"https:\/\/tvbrazilusa.com\/pt\/wp-json\/wp\/v2\/posts\/123778\/revisions"}],"predecessor-version":[{"id":123780,"href":"https:\/\/tvbrazilusa.com\/pt\/wp-json\/wp\/v2\/posts\/123778\/revisions\/123780"}],"wp:featuredmedia":[{"embeddable":true,"href":"https:\/\/tvbrazilusa.com\/pt\/wp-json\/wp\/v2\/media\/123779"}],"wp:attachment":[{"href":"https:\/\/tvbrazilusa.com\/pt\/wp-json\/wp\/v2\/media?parent=123778"}],"wp:term":[{"taxonomy":"category","embeddable":true,"href":"https:\/\/tvbrazilusa.com\/pt\/wp-json\/wp\/v2\/categories?post=123778"},{"taxonomy":"post_tag","embeddable":true,"href":"https:\/\/tvbrazilusa.com\/pt\/wp-json\/wp\/v2\/tags?post=123778"}],"curies":[{"name":"wp","href":"https:\/\/api.w.org\/{rel}","templated":true}]}}