{"id":123799,"date":"2025-08-12T17:54:13","date_gmt":"2025-08-12T17:54:13","guid":{"rendered":"https:\/\/tvbrazilusa.com\/2025\/08\/12\/senador-estadual-ex-boina-verde-escolhida-como-o-novo-tenente-do-fl\/"},"modified":"2025-08-12T17:58:19","modified_gmt":"2025-08-12T17:58:19","slug":"senador-estadual-ex-boina-verde-escolhida-como-o-novo-tenente-do-fl","status":"publish","type":"post","link":"https:\/\/tvbrazilusa.com\/pt\/2025\/08\/12\/senador-estadual-ex-boina-verde-escolhida-como-o-novo-tenente-do-fl\/","title":{"rendered":"Senador estadual, ex-boina verde escolhida como o novo tenente do FL."},"content":{"rendered":"<p> <script async src=\"https:\/\/pagead2.googlesyndication.com\/pagead\/js\/adsbygoogle.js?client=ca-pub-8864793242727901\"\r\n     crossorigin=\"anonymous\"><\/script><br \/>\n<\/p>\n<div>\n<p>O senador estadual Jay Collins, R-Tampa, \u00e9 o novo governador do tenente da Fl\u00f3rida.<\/p>\n<\/div>\n<div>\n<p>O governador Ron DeSantis nomeou na ter\u00e7a -feira Collins para encher o assento vago e suceder ao ex -tenente -governador Jeanette <span class=\"redactor-unlink\">Nu\u00f1ez<\/span>que deixou o cargo no in\u00edcio do ano para se tornar presidente da Universidade Internacional da Fl\u00f3rida em Miami.<\/p>\n<p>&#8220;O senador Collins \u00e9 o Chuck Norris, da pol\u00edtica da Fl\u00f3rida&#8221;, disse DeSantis em entrevista coletiva, &#8220;e tenho orgulho de anunciar hoje que estou nomeando -o para ser o pr\u00f3ximo tenente governador do estado livre da Fl\u00f3rida&#8221;.<\/p>\n<\/div>\n<div>\n<p><a href=\"https:\/\/www.flsenate.gov\/Senators\/s14?pref=full\" target=\"_blank\" rel=\"nofollow\">Collins<\/a> foi eleito para o cargo estadual em 2024, e seu mandato estava programado para expirar em 2026.<\/p>\n<p>Em sua busca pelo pr\u00f3ximo governador, DeSantis, disse que buscava algu\u00e9m que tinha uma base para os princ\u00edpios conservadores.<\/p>\n<\/div>\n<div>\n<p>&#8220;Como nosso senador estadual de Tampa, ele tem sido um homem de a\u00e7\u00e3o&#8221;, disse o governador. &#8220;Ele conquistou vit\u00f3rias conservadoras e acho que foi um dos senadores mais produtivos que tivemos na hist\u00f3ria moderna da Fl\u00f3rida e, em todos os grandes problemas, ele n\u00e3o era apenas um aliado, ele estava defendendo voc\u00ea&#8221;.<\/p>\n<p>Quando os desastres naturais atingiram a Fl\u00f3rida, DeSantis disse que Collins usou sua organiza\u00e7\u00e3o sem fins lucrativos para alimentar os socorristas e os deslocados; E quando o conflito eclodiu, Collins se aventurou em Israel cheio de guerra para resgatar os floridianos presos.<\/p>\n<\/div>\n<div>\n<figure><figcaption>O deputado estadual Jay Collins, R-Tampa, empossou como tenente governador da Fl\u00f3rida na ter\u00e7a-feira. (Captura de tela via governador Ron DeSantis | Facebook)<\/figcaption><\/figure>\n<p>O veterano militar atuou como presidente do Comit\u00ea de Transporte e vice -presidente dos assuntos militares e de veteranos, comit\u00ea espacial e de seguran\u00e7a dom\u00e9stica. Durante seu tempo como senador, Collins tamb\u00e9m atuou em comit\u00eas direcionados \u00e0 educa\u00e7\u00e3o e \u00e0s elei\u00e7\u00f5es.<\/p>\n<p>Collins era um <a href=\"https:\/\/jayforflorida.com\/about\" target=\"_blank\" rel=\"nofollow\">Boina verde<\/a>ou um soldado nas for\u00e7as especiais do Ex\u00e9rcito, por cinco anos depois que sua perna foi amputada, de acordo com sua biografia de campanha. No geral, ele serviu 20 anos no servi\u00e7o.<\/p>\n<\/div>\n<div>\n<p>Enquanto nas for\u00e7as armadas, DeSantis disse que Collins participou de &#8220;miss\u00e3o perigosa&#8221;. Ele enviou para o Iraque, Am\u00e9rica do Sul e Afeganist\u00e3o, leu sua biografia de campanha.<\/p>\n<p>&#8220;Ele serviu com distin\u00e7\u00e3o e integridade em algumas das miss\u00f5es de combate mais de alta octanagem que voc\u00ea pode ter&#8221;, disse DeSantis. &#8220;Ele foi ferido em a\u00e7\u00e3o e ganhou um cora\u00e7\u00e3o roxo&#8221;.<\/p>\n<p>Collins tamb\u00e9m recebeu uma estrela de bronze na Legi\u00e3o do M\u00e9rito. Quando ele perdeu uma das pernas, ele usou uma perna prot\u00e9tica para se tornar uma boina verde, disse DeSantis.<\/p>\n<p>O novo nomeado est\u00e1 procurando continuar crescendo na economia da Fl\u00f3rida.<\/p>\n<p>&#8220;\u00c9 isso que as pessoas precisam&#8221;, disse Collins. &#8220;\u00c9 isso que a Fl\u00f3rida precisa.&#8221;<\/p>\n<\/div>\n<p><br \/>\n<br \/><a href=\"http:\/\/patch.com\/florida\/southtampa\/state-senator-ex-green-beret-chosen-fls-new-lt-gov?utm_source=article-mostrecent&#038;utm_medium=rss&#038;utm_term=politics%20%26%20government&#038;utm_campaign=recirc&#038;utm_content=aol\">Source link <\/a><\/p>","protected":false},"excerpt":{"rendered":"<p>O senador estadual Jay Collins, R-Tampa, \u00e9 o novo governador do tenente da Fl\u00f3rida. O governador Ron DeSantis nomeou na ter\u00e7a -feira Collins para encher o assento vago e suceder&hellip;<\/p>","protected":false},"author":1,"featured_media":123800,"comment_status":"closed","ping_status":"open","sticky":false,"template":"","format":"standard","meta":{"content-type":"","footnotes":""},"categories":[1],"tags":[],"class_list":["post-123799","post","type-post","status-publish","format-standard","has-post-thumbnail","hentry","category-uncategorized"],"_links":{"self":[{"href":"https:\/\/tvbrazilusa.com\/pt\/wp-json\/wp\/v2\/posts\/123799","targetHints":{"allow":["GET"]}}],"collection":[{"href":"https:\/\/tvbrazilusa.com\/pt\/wp-json\/wp\/v2\/posts"}],"about":[{"href":"https:\/\/tvbrazilusa.com\/pt\/wp-json\/wp\/v2\/types\/post"}],"author":[{"embeddable":true,"href":"https:\/\/tvbrazilusa.com\/pt\/wp-json\/wp\/v2\/users\/1"}],"replies":[{"embeddable":true,"href":"https:\/\/tvbrazilusa.com\/pt\/wp-json\/wp\/v2\/comments?post=123799"}],"version-history":[{"count":1,"href":"https:\/\/tvbrazilusa.com\/pt\/wp-json\/wp\/v2\/posts\/123799\/revisions"}],"predecessor-version":[{"id":123801,"href":"https:\/\/tvbrazilusa.com\/pt\/wp-json\/wp\/v2\/posts\/123799\/revisions\/123801"}],"wp:featuredmedia":[{"embeddable":true,"href":"https:\/\/tvbrazilusa.com\/pt\/wp-json\/wp\/v2\/media\/123800"}],"wp:attachment":[{"href":"https:\/\/tvbrazilusa.com\/pt\/wp-json\/wp\/v2\/media?parent=123799"}],"wp:term":[{"taxonomy":"category","embeddable":true,"href":"https:\/\/tvbrazilusa.com\/pt\/wp-json\/wp\/v2\/categories?post=123799"},{"taxonomy":"post_tag","embeddable":true,"href":"https:\/\/tvbrazilusa.com\/pt\/wp-json\/wp\/v2\/tags?post=123799"}],"curies":[{"name":"wp","href":"https:\/\/api.w.org\/{rel}","templated":true}]}}