{"id":123861,"date":"2025-08-13T15:14:24","date_gmt":"2025-08-13T15:14:24","guid":{"rendered":"https:\/\/tvbrazilusa.com\/2025\/08\/13\/os-pais-de-westside-high-criticam-a-repressao-uniforme-jacksonville-hoje\/"},"modified":"2025-08-13T15:21:03","modified_gmt":"2025-08-13T15:21:03","slug":"os-pais-de-westside-high-criticam-a-repressao-uniforme-jacksonville-hoje","status":"publish","type":"post","link":"https:\/\/tvbrazilusa.com\/pt\/2025\/08\/13\/os-pais-de-westside-high-criticam-a-repressao-uniforme-jacksonville-hoje\/","title":{"rendered":"Os pais de Westside High criticam a repress\u00e3o uniforme | Jacksonville hoje"},"content":{"rendered":"<p> <script async src=\"https:\/\/pagead2.googlesyndication.com\/pagead\/js\/adsbygoogle.js?client=ca-pub-8864793242727901\"\r\n     crossorigin=\"anonymous\"><\/script><br \/>\n<\/p>\n<div>\n<p>Os pais dizem que seus adolescentes est\u00e3o sendo enviados ao audit\u00f3rio &#8211; e est\u00e3o perdendo o tempo valioso da escola &#8211; porque as camisas de p\u00f3lo que eles est\u00e3o vestindo n\u00e3o t\u00eam o logotipo da escola.<\/p>\n<p>Uma m\u00e3e <a href=\"https:\/\/www.news4jax.com\/news\/local\/2025\/08\/13\/parents-voice-concerns-after-they-say-westside-high-students-banned-from-class-because-shirts-dont-include-school-logo\/\" rel=\"nofollow noopener\" target=\"_blank\">disse ao News4Jax<\/a> Ela est\u00e1 t\u00e3o frustrada que est\u00e1 pensando em puxar completamente seus filhos da Westside High School.<\/p>\n<p>Ela disse que seu filho passou dois dias inteiros no audit\u00f3rio &#8211; e sua filha, uma estudante de honra, tamb\u00e9m foi puxada da aula apenas porque suas cal\u00e7as tinham bolsos.<\/p>\n<p><!-- This site is converting visitors into subscribers and customers with OptinMonster - https:\/\/api.omwpapi.com :: Campaign Title: 2025 Email Registration Wall Message --><\/p>\n<p><!-- \/ OptinMonster --><\/p>\n<p>&#8220;Eles a enviaram no audit\u00f3rio para sentar l\u00e1. Eu tive que ligar para l\u00e1 e perguntar a eles por que&#8221;, disse Tiffany Kendrick. &#8220;Entendo que se todas as crian\u00e7as est\u00e3o sem uniformes, sim, mas \u00e9 a primeira semana de aula. Alguns desses alunos ainda n\u00e3o viram seus professores. \u00c9 rid\u00edculo. Como eles v\u00e3o conseguir educa\u00e7\u00e3o se voc\u00ea estiver colocando -os em apenas um quarto e faz\u00ea -los ficar l\u00e1 por horas?&#8221;<\/p>\n<p>De acordo com a pol\u00edtica, os alunos s\u00e3o obrigados a usar camisas polo cinza, preto ou vermelho com o logotipo da escola. Chaques ou cal\u00e7as pretas, shorts ou saias s\u00e3o permitidas &#8211; mas sem jeans, leggings ou cal\u00e7as de carga.<\/p>\n<p>Os pais dizem que alguns alunos est\u00e3o sendo retirados da aula simplesmente porque suas camisas est\u00e3o perdendo o logotipo da escola &#8211; mesmo que o restante da roupa atenda \u00e0s diretrizes.<\/p>\n<p>A escola diz que a pol\u00edtica \u00e9 obrigat\u00f3ria, sem op\u00e7\u00e3o de exclus\u00e3o.<\/p>\n<p>Em resposta \u00e0 rea\u00e7\u00e3o, <a href=\"https:\/\/www.facebook.com\/groups\/1025245472578923\/posts\/1287827099654091\" target=\"_blank\" rel=\"noreferrer noopener nofollow\">O diretor pediu desculpas pela confus\u00e3o<\/a> Em uma mensagem para os pais, dizendo que a nova pol\u00edtica \u00e9 melhorar a cultura escolar, a seguran\u00e7a e a responsabilidade.<\/p>\n<p>Sua mensagem disse, em parte:<\/p>\n<p><em>Caros pais e guardi\u00f5es da escola de Westside,<\/em><\/p>\n<p><em>Gostaria de pedir desculpas por qualquer confus\u00e3o ou frustra\u00e7\u00e3o que possa ter sido causada pela aplica\u00e7\u00e3o da pol\u00edtica de uniforme da Westside High School. Esperamos que essa correspond\u00eancia esclare\u00e7a as comunica\u00e7\u00f5es enviadas anteriormente e que s\u00e3o publicadas em nosso site.<\/em><\/p>\n<p><em>Em nosso esfor\u00e7o cont\u00ednuo para aumentar a responsabilidade dos alunos, promover a integridade e manter um ambiente de aprendizado seguro e confort\u00e1vel para todos os alunos, a Westside High School implementar\u00e1 uma pol\u00edtica de uniforme escolar obrigat\u00f3rio para o ano letivo de 2025-2026. Todos os alunos dever\u00e3o usar uniformes e n\u00e3o ter\u00e3o a op\u00e7\u00e3o de optar por n\u00e3o participar. Pesquisas mostram que os uniformes escolares melhoram a seguran\u00e7a, aumentam a auto-estima e reduzem a ansiedade sobre a apar\u00eancia. Os uniformes tamb\u00e9m melhoram a disciplina, aumentam o desempenho acad\u00eamico e contribuem para uma cultura escolar mais forte. Ao adotar essa pol\u00edtica, pretendemos fortalecer nossas academias de carreira e educa\u00e7\u00e3o t\u00e9cnica e preparar melhor os alunos para o sucesso al\u00e9m do ensino m\u00e9dio.<\/em><\/p>\n<p>Entre os estudantes, se fala de um protesto pac\u00edfico. Eles est\u00e3o encorajando um ao outro a usar seus polos escolares, mas a usar cal\u00e7as &#8220;n\u00e3o uniformes&#8221;.<\/p>\n<p>&#8220;Continue assim at\u00e9 deixar as crian\u00e7as irem para a aula&#8221;, disse um post. &#8220;Eles n\u00e3o podem continuar operando como uma escola sem estudantes nas salas de aula.&#8221;<\/p>\n<p><em>Esta hist\u00f3ria foi produzida por <a href=\"https:\/\/www.news4jax.com\/\" rel=\"nofollow noopener\" target=\"_blank\">News4Jax<\/a>a <\/em>Jacksonville hoje<em> Parceiro de not\u00edcias.<\/em><\/p>\n<\/div>\n<p><br \/>\n<br \/><a href=\"https:\/\/jaxtoday.org\/2025\/08\/13\/westside-high-parents-complain-about-uniform-crackdown\/\">Source link <\/a><\/p>","protected":false},"excerpt":{"rendered":"<p>Os pais dizem que seus adolescentes est\u00e3o sendo enviados ao audit\u00f3rio &#8211; e est\u00e3o perdendo o tempo valioso da escola &#8211; porque as camisas de p\u00f3lo que eles est\u00e3o vestindo&hellip;<\/p>","protected":false},"author":1,"featured_media":123862,"comment_status":"closed","ping_status":"open","sticky":false,"template":"","format":"standard","meta":{"content-type":"","footnotes":""},"categories":[1],"tags":[],"class_list":["post-123861","post","type-post","status-publish","format-standard","has-post-thumbnail","hentry","category-uncategorized"],"_links":{"self":[{"href":"https:\/\/tvbrazilusa.com\/pt\/wp-json\/wp\/v2\/posts\/123861","targetHints":{"allow":["GET"]}}],"collection":[{"href":"https:\/\/tvbrazilusa.com\/pt\/wp-json\/wp\/v2\/posts"}],"about":[{"href":"https:\/\/tvbrazilusa.com\/pt\/wp-json\/wp\/v2\/types\/post"}],"author":[{"embeddable":true,"href":"https:\/\/tvbrazilusa.com\/pt\/wp-json\/wp\/v2\/users\/1"}],"replies":[{"embeddable":true,"href":"https:\/\/tvbrazilusa.com\/pt\/wp-json\/wp\/v2\/comments?post=123861"}],"version-history":[{"count":1,"href":"https:\/\/tvbrazilusa.com\/pt\/wp-json\/wp\/v2\/posts\/123861\/revisions"}],"predecessor-version":[{"id":123863,"href":"https:\/\/tvbrazilusa.com\/pt\/wp-json\/wp\/v2\/posts\/123861\/revisions\/123863"}],"wp:featuredmedia":[{"embeddable":true,"href":"https:\/\/tvbrazilusa.com\/pt\/wp-json\/wp\/v2\/media\/123862"}],"wp:attachment":[{"href":"https:\/\/tvbrazilusa.com\/pt\/wp-json\/wp\/v2\/media?parent=123861"}],"wp:term":[{"taxonomy":"category","embeddable":true,"href":"https:\/\/tvbrazilusa.com\/pt\/wp-json\/wp\/v2\/categories?post=123861"},{"taxonomy":"post_tag","embeddable":true,"href":"https:\/\/tvbrazilusa.com\/pt\/wp-json\/wp\/v2\/tags?post=123861"}],"curies":[{"name":"wp","href":"https:\/\/api.w.org\/{rel}","templated":true}]}}