{"id":123936,"date":"2025-08-14T16:19:13","date_gmt":"2025-08-14T16:19:13","guid":{"rendered":"https:\/\/tvbrazilusa.com\/2025\/08\/14\/desantis-anuncia-departamento-de-deportacao-no-condado-de-baker-jacksonville-hoje\/"},"modified":"2025-08-14T16:24:50","modified_gmt":"2025-08-14T16:24:50","slug":"desantis-anuncia-departamento-de-deportacao-no-condado-de-baker-jacksonville-hoje","status":"publish","type":"post","link":"https:\/\/tvbrazilusa.com\/pt\/2025\/08\/14\/desantis-anuncia-departamento-de-deportacao-no-condado-de-baker-jacksonville-hoje\/","title":{"rendered":"DeSantis anuncia &#8216;Departamento de Deporta\u00e7\u00e3o&#8217; no Condado de Baker | Jacksonville hoje"},"content":{"rendered":"<p> <script async src=\"https:\/\/pagead2.googlesyndication.com\/pagead\/js\/adsbygoogle.js?client=ca-pub-8864793242727901\"\r\n     crossorigin=\"anonymous\"><\/script><br \/>\n<\/p>\n<div>\n<p data-beyondwords-marker=\"e6d83c75-c139-4791-b79b-7d7d778169b8\">O governador Ron DeSantis autorizou um novo Centro de Deten\u00e7\u00e3o de Imigra\u00e7\u00e3o no Instituto Correcional do Condado de Baker em Sanderson, apelidando -o de &#8220;Departamento de Deporta\u00e7\u00e3o&#8221;.<\/p>\n<p data-beyondwords-marker=\"47f3993b-fa99-4b51-b62a-36ad2a25bdb9\">Falando na instala\u00e7\u00e3o na quinta -feira, o governador disse que o centro ter\u00e1 espa\u00e7o para at\u00e9 1.300 detidos em instala\u00e7\u00f5es que foram fechadas h\u00e1 anos.<\/p>\n<p data-beyondwords-marker=\"dface1ae-e69f-4d01-8588-433aa267f701\">&#8220;Voc\u00ea fala sobre infraestrutura pronta-isso era algo que era muito atraente dessa perspectiva, porque exigiria que fiz\u00e9ssemos muito menos em p\u00e9 do que em (acampamento) Blanding e muito menos do que tivemos no Alligator Alcatraz&#8221;, disse DeSantis.<\/p>\n<p><!-- This site is converting visitors into subscribers and customers with OptinMonster - https:\/\/api.omwpapi.com :: Campaign Title: ACTIVE after 8.13, 2025 Email Registration Wall Message --><\/p>\n<p><!-- \/ OptinMonster --><\/p>\n<p data-beyondwords-marker=\"915d470b-0ed0-4492-9665-00adb6535a7e\">O governador prop\u00f4s usar parte de Camp Blanding no condado de Clay para a segunda instala\u00e7\u00e3o de deten\u00e7\u00e3o do estado, depois de abrir o Alligator Alcatraz nos Everglades. A instala\u00e7\u00e3o de Camp Blanding pode custar at\u00e9 US $ 100 milh\u00f5es; O Condado de Baker custaria cerca de US $ 6 milh\u00f5es, disse DeSantis.<\/p>\n<p data-beyondwords-marker=\"8833f607-6931-4756-aafb-e31b3de9cc32\">Usar as instala\u00e7\u00f5es do condado de Baker n\u00e3o \u00e9 uma id\u00e9ia nova. Fazia parte de um plano enviado meses atr\u00e1s a autoridades federais de seguran\u00e7a nacional, disse ele.<\/p>\n<p data-beyondwords-marker=\"1dfd11a9-6f04-40d9-8f4d-bbacb8c35632\">Este instituto correcional em Sanderson foi encerrado em 2021 devido \u00e0 escassez de pessoal correcional em todo o estado. \u00c9 a cerca de 32 quil\u00f4metros do Centro de Deten\u00e7\u00e3o do Condado de Baker, parte do qual \u00e9 usado para abrigar detidos por imigra\u00e7\u00e3o.<\/p>\n<\/div>\n<p><br \/>\n<br \/><a href=\"https:\/\/jaxtoday.org\/2025\/08\/14\/baker-county-will-get-the-next-immigration-detention-center\/\">Source link <\/a><\/p>","protected":false},"excerpt":{"rendered":"<p>O governador Ron DeSantis autorizou um novo Centro de Deten\u00e7\u00e3o de Imigra\u00e7\u00e3o no Instituto Correcional do Condado de Baker em Sanderson, apelidando -o de &#8220;Departamento de Deporta\u00e7\u00e3o&#8221;. Falando na instala\u00e7\u00e3o&hellip;<\/p>","protected":false},"author":1,"featured_media":123937,"comment_status":"closed","ping_status":"open","sticky":false,"template":"","format":"standard","meta":{"content-type":"","footnotes":""},"categories":[1],"tags":[],"class_list":["post-123936","post","type-post","status-publish","format-standard","has-post-thumbnail","hentry","category-uncategorized"],"_links":{"self":[{"href":"https:\/\/tvbrazilusa.com\/pt\/wp-json\/wp\/v2\/posts\/123936","targetHints":{"allow":["GET"]}}],"collection":[{"href":"https:\/\/tvbrazilusa.com\/pt\/wp-json\/wp\/v2\/posts"}],"about":[{"href":"https:\/\/tvbrazilusa.com\/pt\/wp-json\/wp\/v2\/types\/post"}],"author":[{"embeddable":true,"href":"https:\/\/tvbrazilusa.com\/pt\/wp-json\/wp\/v2\/users\/1"}],"replies":[{"embeddable":true,"href":"https:\/\/tvbrazilusa.com\/pt\/wp-json\/wp\/v2\/comments?post=123936"}],"version-history":[{"count":1,"href":"https:\/\/tvbrazilusa.com\/pt\/wp-json\/wp\/v2\/posts\/123936\/revisions"}],"predecessor-version":[{"id":123938,"href":"https:\/\/tvbrazilusa.com\/pt\/wp-json\/wp\/v2\/posts\/123936\/revisions\/123938"}],"wp:featuredmedia":[{"embeddable":true,"href":"https:\/\/tvbrazilusa.com\/pt\/wp-json\/wp\/v2\/media\/123937"}],"wp:attachment":[{"href":"https:\/\/tvbrazilusa.com\/pt\/wp-json\/wp\/v2\/media?parent=123936"}],"wp:term":[{"taxonomy":"category","embeddable":true,"href":"https:\/\/tvbrazilusa.com\/pt\/wp-json\/wp\/v2\/categories?post=123936"},{"taxonomy":"post_tag","embeddable":true,"href":"https:\/\/tvbrazilusa.com\/pt\/wp-json\/wp\/v2\/tags?post=123936"}],"curies":[{"name":"wp","href":"https:\/\/api.w.org\/{rel}","templated":true}]}}