{"id":123988,"date":"2025-08-15T00:40:00","date_gmt":"2025-08-15T00:40:00","guid":{"rendered":"https:\/\/tvbrazilusa.com\/2025\/08\/15\/estao-usando-o-caso-felca-para-censurar-a-internet-tv-florida-usa-a-sua-tv-brasileira-nos-estados-unidos\/"},"modified":"2025-08-15T02:20:55","modified_gmt":"2025-08-15T02:20:55","slug":"estao-usando-o-caso-felca-para-censurar-a-internet-tv-florida-usa-a-sua-tv-brasileira-nos-estados-unidos","status":"publish","type":"post","link":"https:\/\/tvbrazilusa.com\/pt\/2025\/08\/15\/estao-usando-o-caso-felca-para-censurar-a-internet-tv-florida-usa-a-sua-tv-brasileira-nos-estados-unidos\/","title":{"rendered":"\u2018Est\u00e3o usando o caso Felca para CENSURAR a internet \u2013 TV Florida USA \u2013 A sua TV Brasileira nos Estados Unidos"},"content":{"rendered":"<p> <script async src=\"https:\/\/pagead2.googlesyndication.com\/pagead\/js\/adsbygoogle.js?client=ca-pub-8864793242727901\"\r\n     crossorigin=\"anonymous\"><\/script><br \/>\n<\/p>\n<div>\n<p><span class=\"s5\">\u201c<\/span><span class=\"s6\">O que n\u00f3s sentimos? Que mesmo o <\/span><span class=\"s6\">Felca<\/span><span class=\"s6\">, tendo feito uma den\u00fancia s\u00e9ria, sincera, foi-se utilizado dessa plataforma para poder levar uma narrativa de regulamenta\u00e7\u00e3o das redes. \u00c9 inacredit\u00e1vel. Tudo o que acontece no Brasil precisamos regular as redes, precisamos regular as redes. S\u00f3 que, na verdade, n\u00f3s sabemos que na pr\u00f3pria Uni\u00e3o Europeia ocorreu a regulamenta\u00e7\u00e3o das redes e o efeito disso para combate a crimes sexuais envolvendo crian\u00e7as e adolescentes foi zero efetiv<\/span><span class=\"s6\">o<\/span><\/p>\n<p><strong>Assista o v\u00eddeo e saiba mais:<\/strong><\/p>\n<p><span class=\"s6\"><br \/><\/span><span class=\"s6\">Ent\u00e3o, muito menos que o governo consiga combater os crimes nem reais que n\u00f3s temos agora contra crian\u00e7as e adolescentes. <\/span><span class=\"s6\"><br \/><\/span><span class=\"s6\"><br \/><\/span><span class=\"s6\">Ent\u00e3o, o projeto vai no sentido de realmente combater esses crimes contra crian\u00e7as e adolescentes e acrescenta um artigo no ECA, que \u00e9 o 240P, que realmente penaliza de 4 a 8 anos pessoas que ir\u00e3o, enfim, se utilizar para <\/span><span class=\"s6\">adultizar<\/span><span class=\"s6\"> as crian\u00e7as ou promover conte\u00fado juntamente com crian\u00e7as no \u00e2mbito de sexualiza\u00e7\u00e3o.<\/span><span class=\"s3\"><br \/><\/span><span class=\"s3\"><br \/><\/span><span class=\"s6\">\u00c9 por isso que \u00e9 importante combater de verdade. Agora, n\u00e3o como a esquerda, porque houve aqui um projeto, por exemplo, para a cassa\u00e7\u00e3o qu\u00edmica para ped\u00f3filos. A esquerda foi contr\u00e1ria. Inclusive, o cadastro nacional de ped\u00f3filos e predadores sexuais foi votado com voto contr\u00e1rio deles. E, at\u00e9 hoje, o Lula n\u00e3o fez isso. A lei foi sancionada e, at\u00e9 hoje, n\u00e3o h\u00e1 cadastro de ped\u00f3filos e predadores sexuais.<\/span><span class=\"s6\"><br \/><\/span><span class=\"s6\"><br \/><\/span><span class=\"s6\">A mesma esquerda que tamb\u00e9m debochou, cancelou o filme O Som da Liberdade, que foi um filme que expunha exatamente isso.<\/span><span class=\"s6\">\u201d<\/span><span class=\"s6\"><br \/><\/span><span class=\"s6\"><br \/><\/span><span class=\"s3\">Ent\u00e3o <\/span><span class=\"s3\">eh<\/span><span class=\"s3\"> preciso ter coer\u00eancia, as pessoas est\u00e3o vendo isso e n\u00e3o tenho d\u00favidas que que <\/span><span class=\"s3\">eh<\/span><span class=\"s3\"> a esquerda continuar\u00e1, o governo Lula, principalmente, continuar\u00e1 tentando emplacar essa regulamenta\u00e7\u00e3o das redes aqui. at\u00e9 combater de fato pornografia infantil, conte\u00fado sexual para crian\u00e7as e adolescentes que tem essa<\/span><span class=\"s3\">utiliza\u00e7\u00e3o por essa faixa et\u00e1ria, realmente vamos punir aumentar as penas para que esse tipo de crime n\u00e3o aconte\u00e7a mais.<\/span><span class=\"s7\">\u201d<\/span><\/p>\n<\/div>\n<p><br \/>\n<br \/><a href=\"https:\/\/tvfloridausa.com\/2025\/08\/15\/nikolas-ferreira-expoe-manobra-da-esquerda-estao-usando-o-caso-felca-para-censurar-a-internet\/\">Source link <\/a><\/p>","protected":false},"excerpt":{"rendered":"<p>\u201cO que n\u00f3s sentimos? Que mesmo o Felca, tendo feito uma den\u00fancia s\u00e9ria, sincera, foi-se utilizado dessa plataforma para poder levar uma narrativa de regulamenta\u00e7\u00e3o das redes. \u00c9 inacredit\u00e1vel. Tudo&hellip;<\/p>","protected":false},"author":1,"featured_media":123055,"comment_status":"closed","ping_status":"open","sticky":false,"template":"","format":"standard","meta":{"content-type":"","footnotes":""},"categories":[22],"tags":[],"class_list":["post-123988","post","type-post","status-publish","format-standard","has-post-thumbnail","hentry","category-tv-florida-usa"],"_links":{"self":[{"href":"https:\/\/tvbrazilusa.com\/pt\/wp-json\/wp\/v2\/posts\/123988","targetHints":{"allow":["GET"]}}],"collection":[{"href":"https:\/\/tvbrazilusa.com\/pt\/wp-json\/wp\/v2\/posts"}],"about":[{"href":"https:\/\/tvbrazilusa.com\/pt\/wp-json\/wp\/v2\/types\/post"}],"author":[{"embeddable":true,"href":"https:\/\/tvbrazilusa.com\/pt\/wp-json\/wp\/v2\/users\/1"}],"replies":[{"embeddable":true,"href":"https:\/\/tvbrazilusa.com\/pt\/wp-json\/wp\/v2\/comments?post=123988"}],"version-history":[{"count":1,"href":"https:\/\/tvbrazilusa.com\/pt\/wp-json\/wp\/v2\/posts\/123988\/revisions"}],"predecessor-version":[{"id":123989,"href":"https:\/\/tvbrazilusa.com\/pt\/wp-json\/wp\/v2\/posts\/123988\/revisions\/123989"}],"wp:featuredmedia":[{"embeddable":true,"href":"https:\/\/tvbrazilusa.com\/pt\/wp-json\/wp\/v2\/media\/123055"}],"wp:attachment":[{"href":"https:\/\/tvbrazilusa.com\/pt\/wp-json\/wp\/v2\/media?parent=123988"}],"wp:term":[{"taxonomy":"category","embeddable":true,"href":"https:\/\/tvbrazilusa.com\/pt\/wp-json\/wp\/v2\/categories?post=123988"},{"taxonomy":"post_tag","embeddable":true,"href":"https:\/\/tvbrazilusa.com\/pt\/wp-json\/wp\/v2\/tags?post=123988"}],"curies":[{"name":"wp","href":"https:\/\/api.w.org\/{rel}","templated":true}]}}