{"id":124073,"date":"2025-08-16T00:49:00","date_gmt":"2025-08-16T00:49:00","guid":{"rendered":"https:\/\/tvbrazilusa.com\/2025\/08\/16\/hugo-motta-emprega-caseiro-de-sua-fazenda-como-assessor-tv-florida-usa-a-sua-tv-brasileira-nos-estados-unidos\/"},"modified":"2025-08-16T04:03:48","modified_gmt":"2025-08-16T04:03:48","slug":"hugo-motta-emprega-caseiro-de-sua-fazenda-como-assessor-tv-florida-usa-a-sua-tv-brasileira-nos-estados-unidos","status":"publish","type":"post","link":"https:\/\/tvbrazilusa.com\/pt\/2025\/08\/16\/hugo-motta-emprega-caseiro-de-sua-fazenda-como-assessor-tv-florida-usa-a-sua-tv-brasileira-nos-estados-unidos\/","title":{"rendered":"Hugo Motta emprega caseiro de sua fazenda como assessor \u2013 TV Florida USA \u2013 A sua TV Brasileira nos Estados Unidos"},"content":{"rendered":"<p> <script async src=\"https:\/\/pagead2.googlesyndication.com\/pagead\/js\/adsbygoogle.js?client=ca-pub-8864793242727901\"\r\n     crossorigin=\"anonymous\"><\/script><br \/>\n<\/p>\n<div>\n<p>Funcion\u00e1rios e moradores de Serraria, cidade com cerca de 6 mil habitantes na\u00a0<strong>Para\u00edba<\/strong>, confirmam que Ary Gustavo Soares, oficialmente assessor do deputado Hugo Motta (Republicanos-PB) na\u00a0<strong><a rel=\"nofollow\" target=\"_blank\" href=\"https:\/\/www.camara.leg.br\/\">C\u00e2mara dos Deputados<\/a><\/strong>, atua como caseiro da fazenda do presidente da Casa. Apesar do cargo de secret\u00e1rio parlamentar, que exige dedica\u00e7\u00e3o exclusiva de 40 horas semanais, Soares fica na propriedade durante a semana.<\/p>\n<p>Desde 2019, Ary recebe sal\u00e1rio e benef\u00edcios que somam R$ 7,2 mil mensais pagos pela C\u00e2mara. O cargo, conforme a lei e normas internas, impede v\u00ednculo com outras atividades p\u00fablicas ou privadas que conflitem com a fun\u00e7\u00e3o. A legisla\u00e7\u00e3o prev\u00ea que a atua\u00e7\u00e3o do assessor deve ser restrita a atividades parlamentares.<\/p>\n<p>Em visita \u00e0 regi\u00e3o, o jornal\u00a0<em>Folha de S.Paulo<\/em>\u00a0confirmou a rotina do caseiro por meio de ex-funcion\u00e1rios, vizinhos e t\u00e9cnicos agr\u00edcolas. Todos relataram que Soares administra o cotidiano da fazenda, dorme na casa principal e retorna a Patos, onde mora com a fam\u00edlia, nos fins de semana. Ele tamb\u00e9m foi o representante da fazenda em um processo trabalhista movido por Antonio da Costa, ex-tratorista, que ganhou R$ 18 mil em a\u00e7\u00e3o na Justi\u00e7a.<\/p>\n<div id=\"attachment_4509\" style=\"width: 791px\" class=\"wp-caption alignnone\">\n<p id=\"caption-attachment-4509\" class=\"wp-caption-text\">Fazenda de Hugo Motta em Serraria (PA) | Foto: Reprodu\u00e7\u00e3o\/X<\/p>\n<\/div>\n<p>O acesso \u00e0 propriedade \u00e9 controlado por uma funcion\u00e1ria que se identificou apenas como Maria. Ela confirmou \u00e0\u00a0<em>Folha\u00a0<\/em>que Ary estava no local durante a apura\u00e7\u00e3o do jornal. T\u00e9cnicos de extens\u00e3o rural tamb\u00e9m relataram que a entrada de visitantes depende da autoriza\u00e7\u00e3o do caseiro. Al\u00e9m disso, vizinhos afirmaram que qualquer demanda sobre a fazenda \u00e9 tratada diretamente com ele.<\/p>\n<p>Cada deputado disp\u00f5e de um or\u00e7amento mensal de R$ 133 mil para contratar entre cinco e 25 secret\u00e1rios parlamentares, cujos sal\u00e1rios variam de R$ 1.584,10 a R$ 18.719,88. O ato da Mesa 72\/1997 determina que esses servidores devem trabalhar apenas em atividades parlamentares. O site da C\u00e2mara veda o exerc\u00edcio em hor\u00e1rios e locais incompat\u00edveis com a fun\u00e7\u00e3o.<\/p>\n<p>De acordo com a Lei 8.112\/1990, servidores n\u00e3o podem exercer outras atividades incompat\u00edveis com o cargo. O ato da Mesa 24\/2015 estabelece jornada de 8 horas di\u00e1rias e 40 semanais, mas permite que secret\u00e1rios em seus estados cumpram hor\u00e1rios definidos por seus superiores, sem necessidade de ponto presencial.<\/p>\n<div id=\"attachment_4510\" style=\"width: 502px\" class=\"wp-caption alignnone\"><img fetchpriority=\"high\" decoding=\"async\" aria-describedby=\"caption-attachment-4510\" class=\"wp-image-4510 size-full\" alt=\"\" width=\"492\" height=\"290\" srcset=\"https:\/\/www.podernacional.com.br\/wp-content\/uploads\/2025\/08\/TCU-Motta.jpeg 492w, https:\/\/www.podernacional.com.br\/wp-content\/uploads\/2025\/08\/TCU-Motta-300x177.jpeg 300w, https:\/\/www.podernacional.com.br\/wp-content\/uploads\/2025\/08\/TCU-Motta-18x12.jpeg 18w\" data-lazy-sizes=\"(max-width: 492px) 100vw, 492px\" src=\"https:\/\/www.podernacional.com.br\/wp-content\/uploads\/2025\/08\/TCU-Motta.jpeg\"\/><img loading=\"lazy\" decoding=\"async\" aria-describedby=\"caption-attachment-4510\" class=\"wp-image-4510 size-full\" src=\"https:\/\/www.podernacional.com.br\/wp-content\/uploads\/2025\/08\/TCU-Motta.jpeg\" alt=\"\" width=\"492\" height=\"290\" srcset=\"https:\/\/www.podernacional.com.br\/wp-content\/uploads\/2025\/08\/TCU-Motta.jpeg 492w, https:\/\/www.podernacional.com.br\/wp-content\/uploads\/2025\/08\/TCU-Motta-300x177.jpeg 300w, https:\/\/www.podernacional.com.br\/wp-content\/uploads\/2025\/08\/TCU-Motta-18x12.jpeg 18w\" sizes=\"auto, (max-width: 492px) 100vw, 492px\"\/><\/p>\n<p id=\"caption-attachment-4510\" class=\"wp-caption-text\">Nabor e Hugo, em 2020: pai e filho da fam\u00edlia Motta, que comanda parte da pol\u00edtica paraibana | Foto: Reprodu\u00e7\u00e3o\/Redes sociais<\/p>\n<\/div>\n<h2 id=\"h-parentes-do-caseiro-sao-nomeados-por-parentes-de-motta\" class=\"wp-block-heading\">Parentes do caseiro s\u00e3o nomeados por parentes de Motta<\/h2>\n<p>Pol\u00edticos de Patos relataram que, nos fins de semana, Ary atua como motorista de Hugo Motta, enquanto nos dias \u00fateis cuida da fazenda. O ato da Mesa 58\/2010 permite que secret\u00e1rios parlamentares desempenhem fun\u00e7\u00f5es de apoio, inclusive dirigir, desde que vinculadas a atividades parlamentares, n\u00e3o pessoais.<\/p>\n<p>A fazenda foi adquirida por Motta em mar\u00e7o de 2023 por R$ 2,7 milh\u00f5es, conforme apurado pelo portal Uol. O im\u00f3vel est\u00e1 registrado em nome de uma empresa da mulher do deputado, Luana Motta, e de seus filhos. No local funciona a Agropecu\u00e1ria Tapuio, que pertence ao presidente da C\u00e2mara.<\/p>\n<div id=\"attachment_4511\" style=\"width: 750px\" class=\"wp-caption alignnone\"><img decoding=\"async\" aria-describedby=\"caption-attachment-4511\" class=\"wp-image-4511 size-large\" alt=\"\" width=\"740\" height=\"385\" srcset=\"https:\/\/www.podernacional.com.br\/wp-content\/uploads\/2025\/08\/Hugo-Motta-2-1024x533.jpg 1024w, https:\/\/www.podernacional.com.br\/wp-content\/uploads\/2025\/08\/Hugo-Motta-2-300x156.jpg 300w, https:\/\/www.podernacional.com.br\/wp-content\/uploads\/2025\/08\/Hugo-Motta-2-768x400.jpg 768w, https:\/\/www.podernacional.com.br\/wp-content\/uploads\/2025\/08\/Hugo-Motta-2-1536x800.jpg 1536w, https:\/\/www.podernacional.com.br\/wp-content\/uploads\/2025\/08\/Hugo-Motta-2-18x9.jpg 18w, https:\/\/www.podernacional.com.br\/wp-content\/uploads\/2025\/08\/Hugo-Motta-2.jpg 1920w\" data-lazy-sizes=\"(max-width: 740px) 100vw, 740px\" src=\"https:\/\/www.podernacional.com.br\/wp-content\/uploads\/2025\/08\/Hugo-Motta-2-1024x533.jpg\"\/><img loading=\"lazy\" decoding=\"async\" aria-describedby=\"caption-attachment-4511\" class=\"wp-image-4511 size-large\" src=\"https:\/\/www.podernacional.com.br\/wp-content\/uploads\/2025\/08\/Hugo-Motta-2-1024x533.jpg\" alt=\"\" width=\"740\" height=\"385\" srcset=\"https:\/\/www.podernacional.com.br\/wp-content\/uploads\/2025\/08\/Hugo-Motta-2-1024x533.jpg 1024w, https:\/\/www.podernacional.com.br\/wp-content\/uploads\/2025\/08\/Hugo-Motta-2-300x156.jpg 300w, https:\/\/www.podernacional.com.br\/wp-content\/uploads\/2025\/08\/Hugo-Motta-2-768x400.jpg 768w, https:\/\/www.podernacional.com.br\/wp-content\/uploads\/2025\/08\/Hugo-Motta-2-1536x800.jpg 1536w, https:\/\/www.podernacional.com.br\/wp-content\/uploads\/2025\/08\/Hugo-Motta-2-18x9.jpg 18w, https:\/\/www.podernacional.com.br\/wp-content\/uploads\/2025\/08\/Hugo-Motta-2.jpg 1920w\" sizes=\"auto, (max-width: 740px) 100vw, 740px\"\/><\/p>\n<p id=\"caption-attachment-4511\" class=\"wp-caption-text\">Hugo Motta, presidente da C\u00e2mara dos Deputados | Foto: Marcelo Camargo\/Ag\u00eancia Brasil<\/p>\n<\/div>\n<p>Dois parentes de Soares tamb\u00e9m t\u00eam cargos p\u00fablicos. A mulher do caseiro, Isabella Per\u00f4nico, trabalha no gabinete da av\u00f3 de Hugo Motta e recebe R$ 14,3 mil por m\u00eas. O irm\u00e3o, Andr\u00e9 Guedes, \u00e9 superintendente da PatosPrev, com sal\u00e1rio de R$ 13 mil. O prefeito de Patos, Nabor Wanderley, pai de Motta, fez a nomea\u00e7\u00e3o.<\/p>\n<p>Em julho, a\u00a0<em>Folha\u00a0<\/em>revelou que\u00a0<strong>Hugo Motta mantinha tr\u00eas funcion\u00e1rias fantasma em seu gabinete<\/strong>. Diante da repercuss\u00e3o na imprensa, duas delas foram exoneradas. A terceira, Louise Lacerda, permanece no cargo e \u00e9 filha e sobrinha de aliados do deputado.<\/p>\n<p>Na ocasi\u00e3o, Motta afirmou que \u201cpreza pelo cumprimento rigoroso das obriga\u00e7\u00f5es dos funcion\u00e1rios de seu gabinete, incluindo os que atuam de forma remota e s\u00e3o dispensados do ponto dentro das regras estabelecidas pela C\u00e2mara\u201d.<\/p>\n<p>Informa\u00e7\u00e3o <strong>Revista Oeste<\/strong><\/p>\n<p>\u00a0<\/p>\n<\/div>\n<p><br \/>\n<br \/><a href=\"https:\/\/tvfloridausa.com\/2025\/08\/16\/hugo-motta-emprega-caseiro-de-sua-fazenda-como-assessor\/\">Source link <\/a><\/p>","protected":false},"excerpt":{"rendered":"<p>Funcion\u00e1rios e moradores de Serraria, cidade com cerca de 6 mil habitantes na\u00a0Para\u00edba, confirmam que Ary Gustavo Soares, oficialmente assessor do deputado Hugo Motta (Republicanos-PB) na\u00a0C\u00e2mara dos Deputados, atua como&hellip;<\/p>","protected":false},"author":1,"featured_media":124074,"comment_status":"closed","ping_status":"open","sticky":false,"template":"","format":"standard","meta":{"content-type":"","footnotes":""},"categories":[22],"tags":[],"class_list":["post-124073","post","type-post","status-publish","format-standard","has-post-thumbnail","hentry","category-tv-florida-usa"],"_links":{"self":[{"href":"https:\/\/tvbrazilusa.com\/pt\/wp-json\/wp\/v2\/posts\/124073","targetHints":{"allow":["GET"]}}],"collection":[{"href":"https:\/\/tvbrazilusa.com\/pt\/wp-json\/wp\/v2\/posts"}],"about":[{"href":"https:\/\/tvbrazilusa.com\/pt\/wp-json\/wp\/v2\/types\/post"}],"author":[{"embeddable":true,"href":"https:\/\/tvbrazilusa.com\/pt\/wp-json\/wp\/v2\/users\/1"}],"replies":[{"embeddable":true,"href":"https:\/\/tvbrazilusa.com\/pt\/wp-json\/wp\/v2\/comments?post=124073"}],"version-history":[{"count":1,"href":"https:\/\/tvbrazilusa.com\/pt\/wp-json\/wp\/v2\/posts\/124073\/revisions"}],"predecessor-version":[{"id":124075,"href":"https:\/\/tvbrazilusa.com\/pt\/wp-json\/wp\/v2\/posts\/124073\/revisions\/124075"}],"wp:featuredmedia":[{"embeddable":true,"href":"https:\/\/tvbrazilusa.com\/pt\/wp-json\/wp\/v2\/media\/124074"}],"wp:attachment":[{"href":"https:\/\/tvbrazilusa.com\/pt\/wp-json\/wp\/v2\/media?parent=124073"}],"wp:term":[{"taxonomy":"category","embeddable":true,"href":"https:\/\/tvbrazilusa.com\/pt\/wp-json\/wp\/v2\/categories?post=124073"},{"taxonomy":"post_tag","embeddable":true,"href":"https:\/\/tvbrazilusa.com\/pt\/wp-json\/wp\/v2\/tags?post=124073"}],"curies":[{"name":"wp","href":"https:\/\/api.w.org\/{rel}","templated":true}]}}