{"id":124131,"date":"2025-08-17T22:46:00","date_gmt":"2025-08-17T22:46:00","guid":{"rendered":"https:\/\/tvbrazilusa.com\/2025\/08\/17\/filha-de-fotografo-demitido-apos-flagrar-gesto-de-moraes-questiona-versao-do-estadao-tv-florida-usa-a-sua-tv-brasileira-nos-estados-unidos\/"},"modified":"2025-08-18T00:36:25","modified_gmt":"2025-08-18T00:36:25","slug":"filha-de-fotografo-demitido-apos-flagrar-gesto-de-moraes-questiona-versao-do-estadao-tv-florida-usa-a-sua-tv-brasileira-nos-estados-unidos","status":"publish","type":"post","link":"https:\/\/tvbrazilusa.com\/pt\/2025\/08\/17\/filha-de-fotografo-demitido-apos-flagrar-gesto-de-moraes-questiona-versao-do-estadao-tv-florida-usa-a-sua-tv-brasileira-nos-estados-unidos\/","title":{"rendered":"Filha de fot\u00f3grafo demitido ap\u00f3s flagrar gesto de Moraes questiona vers\u00e3o do Estad\u00e3o \u2013 TV Florida USA \u2013 A sua TV Brasileira nos Estados Unidos"},"content":{"rendered":"<p> <script async src=\"https:\/\/pagead2.googlesyndication.com\/pagead\/js\/adsbygoogle.js?client=ca-pub-8864793242727901\"\r\n     crossorigin=\"anonymous\"><\/script><br \/>\n<\/p>\n<div>\n<p>O\u00a0<strong>fot\u00f3grafo Alex Silva<\/strong>, de 63 anos, foi\u00a0<strong>demitido do jornal O Estado de S. Paulo<\/strong>\u00a0em 6 de agosto, dias depois de registrar uma imagem do ministro do\u00a0<strong>Supremo\u00a0Tribunal Federal (STF), Alexandre de Moraes<\/strong>, durante o cl\u00e1ssico entre\u00a0<strong>Corinthians e Palmeiras<\/strong>, realizado na\u00a0<strong>Neo Qu\u00edmica Arena<\/strong>, em S\u00e3o Paulo.<br \/>A foto mostra Moraes fazendo um\u00a0<strong>gesto obsceno em dire\u00e7\u00e3o \u00e0 torcida<\/strong>. O registro ganhou repercuss\u00e3o, e dias depois Silva foi desligado da equipe de fotografia do jornal.<\/p>\n<h2><strong>Assista o v\u00eddeo:<\/strong><\/h2>\n<\/p>\n<h2 class=\"wp-block-heading\">Manifesta\u00e7\u00e3o da filha do fot\u00f3grafo<\/h2>\n<p>A filha do profissional,\u00a0<strong>Lara Prado<\/strong>, publicou um v\u00eddeo nas redes sociais em defesa do pai e questionando a decis\u00e3o do Estad\u00e3o:<\/p>\n<blockquote class=\"wp-block-quote is-layout-flow wp-block-quote-is-layout-flow\">\n<p>\u201cEu sou a filha do fot\u00f3grafo que tirou essa foto aqui do ministro Alexandre de Moraes, e vou explicar toda a hist\u00f3ria pra voc\u00eas. Tudo come\u00e7ou na Neo Qu\u00edmica Arena, em um cl\u00e1ssico entre Corinthians e Palmeiras, no dia 30 de setembro. A reda\u00e7\u00e3o informou ao meu pai que o ministro estaria presente em algum camarote, mas n\u00e3o especificou qual. Depois de muito procurar, ele encontrou o ministro.\u201d<\/p>\n<\/blockquote>\n<p>Segundo Lara, Alex Silva\u00a0<strong>registrou tr\u00eas fotogramas<\/strong>\u00a0e enviou imediatamente ao jornal:<\/p>\n<blockquote class=\"wp-block-quote is-layout-flow wp-block-quote-is-layout-flow\">\n<p>\u201cForam tr\u00eas fotogramas que meu pai conseguiu registrar e logo em seguida enviou para o Estad\u00e3o. N\u00e3o foi na capa do jornal. Logo depois, uma imagem que surpreendeu muita gente. E detalhe: o Estad\u00e3o vendeu essa foto para outros ve\u00edculos de comunica\u00e7\u00e3o, como a Folha de S.Paulo, e foi a Folha que colocou na capa \u2014 n\u00e3o o Estad\u00e3o.\u201d<\/p>\n<\/blockquote>\n<h2 class=\"wp-block-heading\">Questionamento ao Estad\u00e3o<\/h2>\n<div class=\"google-auto-placed ap_container\">\n<p>Com\u00a0<strong>23 anos de atua\u00e7\u00e3o no Estad\u00e3o<\/strong>\u00a0e mais de tr\u00eas d\u00e9cadas de carreira, Alex Silva foi desligado sem justificativas detalhadas. Segundo a filha:<\/p>\n<blockquote>\n<p><strong>\u201cUma semana depois da publica\u00e7\u00e3o, meu pai foi chamado \u00e0 sede do jornal e informado de que seria desligado por \u2018motivos administrativos\u2019, sem maiores explica\u00e7\u00f5es.\u201d<\/strong><\/p>\n<\/blockquote>\n<\/div>\n<p>Lara encerrou o v\u00eddeo com uma pergunta direta ao p\u00fablico:<\/p>\n<div id=\"contr-3266474885\" class=\"contr-conteudo\">\n<blockquote>\n<p><strong>\u201cEu n\u00e3o sei se esse v\u00eddeo vai alcan\u00e7ar muitas pessoas, mas quero perguntar pra voc\u00ea que est\u00e1 assistindo: voc\u00ea acredita nessa justificativa ou n\u00e3o?\u201d<\/strong><\/p>\n<\/blockquote>\n<\/div>\n<\/div>\n<p><br \/>\n<br \/><a href=\"https:\/\/tvfloridausa.com\/2025\/08\/17\/filha-de-fotografo-demitido-apos-flagrar-gesto-de-moraes-questiona-versao-do-estadao\/\">Source link <\/a><\/p>","protected":false},"excerpt":{"rendered":"<p>O\u00a0fot\u00f3grafo Alex Silva, de 63 anos, foi\u00a0demitido do jornal O Estado de S. Paulo\u00a0em 6 de agosto, dias depois de registrar uma imagem do ministro do\u00a0Supremo\u00a0Tribunal Federal (STF), Alexandre de&hellip;<\/p>","protected":false},"author":1,"featured_media":123055,"comment_status":"closed","ping_status":"open","sticky":false,"template":"","format":"standard","meta":{"content-type":"","footnotes":""},"categories":[22],"tags":[],"class_list":["post-124131","post","type-post","status-publish","format-standard","has-post-thumbnail","hentry","category-tv-florida-usa"],"_links":{"self":[{"href":"https:\/\/tvbrazilusa.com\/pt\/wp-json\/wp\/v2\/posts\/124131","targetHints":{"allow":["GET"]}}],"collection":[{"href":"https:\/\/tvbrazilusa.com\/pt\/wp-json\/wp\/v2\/posts"}],"about":[{"href":"https:\/\/tvbrazilusa.com\/pt\/wp-json\/wp\/v2\/types\/post"}],"author":[{"embeddable":true,"href":"https:\/\/tvbrazilusa.com\/pt\/wp-json\/wp\/v2\/users\/1"}],"replies":[{"embeddable":true,"href":"https:\/\/tvbrazilusa.com\/pt\/wp-json\/wp\/v2\/comments?post=124131"}],"version-history":[{"count":1,"href":"https:\/\/tvbrazilusa.com\/pt\/wp-json\/wp\/v2\/posts\/124131\/revisions"}],"predecessor-version":[{"id":124132,"href":"https:\/\/tvbrazilusa.com\/pt\/wp-json\/wp\/v2\/posts\/124131\/revisions\/124132"}],"wp:featuredmedia":[{"embeddable":true,"href":"https:\/\/tvbrazilusa.com\/pt\/wp-json\/wp\/v2\/media\/123055"}],"wp:attachment":[{"href":"https:\/\/tvbrazilusa.com\/pt\/wp-json\/wp\/v2\/media?parent=124131"}],"wp:term":[{"taxonomy":"category","embeddable":true,"href":"https:\/\/tvbrazilusa.com\/pt\/wp-json\/wp\/v2\/categories?post=124131"},{"taxonomy":"post_tag","embeddable":true,"href":"https:\/\/tvbrazilusa.com\/pt\/wp-json\/wp\/v2\/tags?post=124131"}],"curies":[{"name":"wp","href":"https:\/\/api.w.org\/{rel}","templated":true}]}}