{"id":12431,"date":"2024-07-30T17:47:48","date_gmt":"2024-07-30T17:47:48","guid":{"rendered":"https:\/\/tvbrazilusa.com\/2024\/07\/30\/trump-diz-novamente-que-os-cristaos-nao-precisarao-mais-votar-se-votarem-nele\/"},"modified":"2024-07-30T17:49:19","modified_gmt":"2024-07-30T17:49:19","slug":"trump-diz-novamente-que-os-cristaos-nao-precisarao-mais-votar-se-votarem-nele","status":"publish","type":"post","link":"https:\/\/tvbrazilusa.com\/pt\/2024\/07\/30\/trump-diz-novamente-que-os-cristaos-nao-precisarao-mais-votar-se-votarem-nele\/","title":{"rendered":"Trump diz novamente que os crist\u00e3os &#8220;n\u00e3o precisar\u00e3o mais votar&#8221; se votarem nele"},"content":{"rendered":"<p> <script async src=\"https:\/\/pagead2.googlesyndication.com\/pagead\/js\/adsbygoogle.js?client=ca-pub-8864793242727901\"\r\n     crossorigin=\"anonymous\"><\/script><br \/>\n<\/p>\n<div id=\"\">\n<header class=\"m-article-header m-article-header--standard\">\n\t\t\t\t\t\t\t\t\t\t\t\t<span id=\"article-header-primary-term\"><br \/>\n\t\t\t\t\t\t\t\t<a class=\"a-term a-term--primary\" href=\"https:\/\/www.boston.com\/tag\/politics\/\"><\/p>\n<p>\t\t\t\t\t\t\t\tPol\u00edtica\t\t\t\t\t\t\t\t<\/a><br \/>\n\t\t\t\t\t\t\t<\/span><\/p>\n<h2 class=\"m-article-header__sub-headline\">O ex-presidente, em entrevista \u00e0 Fox News, n\u00e3o recuou em seus coment\u00e1rios e repetiu seu argumento de que, se for eleito, \u201co pa\u00eds ser\u00e1 consertado\u201d e seus votos n\u00e3o ser\u00e3o necess\u00e1rios.<\/h2>\n<figure class=\"a-photo m-article-header__photo\"><figcaption class=\"a-photo__caption\">\n<p>\tO ex-presidente Donald Trump disse que os crist\u00e3os nunca mais ter\u00e3o que votar se votarem nele em novembro.<em> Doug Mills\/The New York Times<\/em>\t<\/figcaption><\/figure>\n<div class=\"m-article-header__meta\">\n<div class=\"m-article-header__byline\">\n<p class=\"m-article-header__author\">\n<p>\t\t\t\t\t\t\t\tPor Maggie Astor, New York Times Service\t\t\t\t\t\t\t<\/p>\n<p>\t\t\t\t\t\t    \t\t\t\t\t\t\t<time class=\"m-article-header__date\"><\/p>\n<p>        \t\t\t\t\t\t\tatualizado em 30 de julho de 2024 | 13h47    \t\t\t\t\t\t\t<\/time><\/p><\/div>\n<\/p><\/div>\n<\/header>\n<p>O ex-presidente Donald Trump, em uma entrevista transmitida na noite de segunda-feira, repetiu sua recente afirma\u00e7\u00e3o de que os crist\u00e3os nunca mais ter\u00e3o que votar se votarem nele em novembro, e rejeitou v\u00e1rios pedidos para voltar atr\u00e1s ou esclarecer a declara\u00e7\u00e3o.<\/p>\n<p>Trunfo <a href=\"https:\/\/www.nytimes.com\/2024\/07\/27\/us\/politics\/trump-votes-christians.html\">disse sexta-feira<\/a> para uma reuni\u00e3o de conservadores crist\u00e3os: \u201cEu amo voc\u00eas. Voc\u00eas t\u00eam que sair e votar. Em quatro anos, voc\u00eas n\u00e3o precisam votar de novo. N\u00f3s vamos consertar isso t\u00e3o bem que voc\u00eas n\u00e3o v\u00e3o precisar votar.\u201d Sua entrevistadora na segunda-feira, Laura Ingraham da Fox News, observou que os democratas destacaram essa cita\u00e7\u00e3o como evid\u00eancia de que Trump acabaria com as elei\u00e7\u00f5es, e pediu a Trump que refutasse o que ela chamou de cr\u00edtica \u201crid\u00edcula\u201d.<\/p>\n<p>Ingraham disse: \u201cEles est\u00e3o dizendo que voc\u00ea disse a uma multid\u00e3o de crist\u00e3os que eles n\u00e3o precisariam votar no futuro\u201d.<\/p>\n<p>Trump come\u00e7ou sua resposta dizendo: \u201cDeixe-me dizer o que quero dizer com isso. Eu tinha uma multid\u00e3o tremenda, falando com crist\u00e3os em geral \u2014 quero dizer, essa era uma multid\u00e3o que gostava muito de mim.\u201d Ele acrescentou que os cat\u00f3licos s\u00e3o \u201ctratados muito mal por esta administra\u00e7\u00e3o\u201d e que \u201celes s\u00e3o como perseguidos\u201d, ent\u00e3o divagou, dizendo que os judeus que votaram nos democratas \u201cdeveriam ter suas cabe\u00e7as examinadas\u201d, um sentimento que ele expressou <a href=\"https:\/\/www.nytimes.com\/2024\/04\/10\/us\/politics\/trump-jews-biden.html\">muitas vezes antes<\/a>atraindo cr\u00edticas de antissemitismo. Ele ent\u00e3o reiterou sua declara\u00e7\u00e3o de sexta-feira.<\/p>\n<p>\u201cEu disse, vote em mim, voc\u00ea n\u00e3o vai ter que fazer isso nunca mais. \u00c9 verdade\u201d, ele disse. \u201cPorque n\u00f3s temos que fazer o voto. Crist\u00e3os n\u00e3o s\u00e3o conhecidos como um grande grupo de eleitores. Eles n\u00e3o votam. E eu estou explicando isso a eles. Voc\u00ea nunca vota. Desta vez, vote. Eu vou endireitar o pa\u00eds, voc\u00ea n\u00e3o vai ter que votar mais. Eu n\u00e3o vou precisar do seu voto.\u201d<\/p>\n<p>Ingraham ofereceu-lhe uma sa\u00edda: \u201cQuer dizer que n\u00e3o tem de votar em <em>voc\u00ea<\/em>porque voc\u00ea ter\u00e1 quatro anos no cargo.\u201d<\/p>\n<p>Trump come\u00e7ou a falar sobre propriet\u00e1rios de armas n\u00e3o votarem, mas Ingraham o interrompeu.<\/p>\n<p>\u201cEst\u00e1 sendo interpretado, como voc\u00ea n\u00e3o est\u00e1 surpreso em ouvir, pela esquerda como, bem, eles nunca mais ter\u00e3o outra elei\u00e7\u00e3o\u201d, ela disse. \u201cEnt\u00e3o voc\u00ea pode ao menos responder \u2014\u201d<\/p>\n<p>Trump a interrompeu, afirmando novamente que os crist\u00e3os \u201cvotam em porcentagens muito pequenas\u201d e divagando sobre como ele mudaria as pr\u00e1ticas de vota\u00e7\u00e3o.<\/p>\n<p>Ele ent\u00e3o repetiu sua declara\u00e7\u00e3o de sexta-feira mais uma vez, dizendo que sua mensagem tinha sido: \u201cN\u00e3o se preocupe com o futuro. Voc\u00ea tem que votar em 5 de novembro. Depois disso, voc\u00ea n\u00e3o precisa mais se preocupar em votar. Eu n\u00e3o me importo, porque n\u00f3s vamos consertar isso. O pa\u00eds ser\u00e1 consertado e n\u00f3s nem precisaremos mais do seu voto, porque francamente teremos tanto amor, se voc\u00ea n\u00e3o quiser mais votar, tudo bem.\u201d<\/p>\n<p>A democracia tem sido um foco importante da campanha do presidente Joe Biden e agora da vice-presidente Kamala Harris, bem como das campanhas de muitos candidatos democratas, e os coment\u00e1rios de Trump refor\u00e7aram isso.<\/p>\n<p>Em mais uma troca, Ingraham observou que os democratas estavam argumentando que Trump poderia nunca deixar o cargo se fosse eleito novamente, e perguntou, com uma risada: &#8220;Mas voc\u00ea deixar\u00e1 o cargo depois de quatro anos?&#8221;<\/p>\n<p>\u201cClaro. A prop\u00f3sito, e eu fiz da \u00faltima vez\u201d, disse Trump.<\/p>\n<p>Ele deixou o cargo em 2021 ap\u00f3s sua derrota e a de seus aliados <a href=\"https:\/\/www.nytimes.com\/2021\/01\/31\/us\/trump-election-lie.html\">campanha abrangente<\/a> anular a elei\u00e7\u00e3o falhou, e depois que seus apoiadores invadiram o Capit\u00f3lio em 6 de janeiro para tentar impedir o Congresso de certificar os resultados.<\/p>\n<p><em>Este artigo foi publicado originalmente em <a href=\"https:\/\/www.nytimes.com\/2024\/07\/30\/us\/politics\/trump-christians-vote-ingraham.html\">O jornal New York Times<\/a>.<\/em><\/p>\n<\/p><\/div>\n<p><script>\n\t\tvar consent=\"grant\";\n\t\t\/* The above code is parsing the JSON data from the local storage and storing it in a variable. *\/\n\t\t\t\t\tconst onetrustStorageConsent = JSON.parse(localStorage.getItem( 'consent_one_trust_bdc' ) );\n\t\t\tif ( ( onetrustStorageConsent !== null ) ) {\n\t\t\t\t\/* Checking to see if the user has consented to the use of cookies.\n\t\t\t\t* If they have not, it is deleting the cookie.\n\t\t\t\t* This will comment for now, until further notice.\n\t\t\t\t*\/\n\t\t\t\t\/\/if ( onetrustStorageConsent.C0002 === false ) {\n\t\t\t\t\/\/\tdocument.cookie=\"_fbp=;expires=Thu, 01 Jan 2010 00:00:00 UTC; path=\/; domain=.boston.com\";\n\t\t\t\t\/\/}\n\t\t\t\t\/* Checking if the user has given consent for the cookie C0002.\n\t\t\t\t* If the user has given consent, the variable consent will be set to 'grant'.\n\t\t\t\t* If the user has not given consent,the variable consent will be set to 'revoke'.\n\t\t\t\t* Documentation https:\/\/developers.facebook.com\/docs\/meta-pixel\/implementation\/gdpr\n\t\t\t\t*\/\n\t\t\t\tif ( onetrustStorageConsent.C0002 !== true ) {\n\t\t\t\t\tconsent=\"revoke\";\n\t\t\t\t}\n\t\t\t}\n\t\t\t\t!function(f,b,e,v,n,t,s)\n\t\t{if(f.fbq)return;n=f.fbq=function(){n.callMethod?\n\t\tn.callMethod.apply(n,arguments):n.queue.push(arguments)};\n\t\tif(!f._fbq)f._fbq=n;n.push=n;n.loaded=!0;n.version='2.0';\n\t\tn.queue=[];t=b.createElement(e);t.async=!0;\n\t\tt.src=v;s=b.getElementsByTagName(e)[0];\n\t\ts.parentNode.insertBefore(t,s)}(window, document,'script',\n\t\t'https:\/\/connect.facebook.net\/en_US\/fbevents.js');\n\t\tfbq('consent', consent);\n\t\tfbq('init', '989222871864976');\n\t\tfbq('track', 'PageView');\n\t<\/script><script type=\"module\">\n\t\tvar consent=\"grant\";\n\t\t\/* The above code is parsing the JSON data from the local storage and storing it in a variable. *\/\n\t\t\tconst onetrustStorageConsent = JSON.parse(localStorage.getItem( 'consent_one_trust_bdc' ) );\n\t\t\t\/* Checking to see if the user has consented to the use of cookies.\n\t\t\t* If they have not, it is deleting the cookie.\n\t\t\t* This will comment for now, until further notice.\n\t\t\t*\/\n\t\t\t\/\/if ( onetrustStorageConsent.C0002 === false ) {\n\t\t\t\/\/\tdocument.cookie=\"_fbp=;expires=Thu, 01 Jan 2010 00:00:00 UTC; path=\/; domain=.boston.com\";\n\t\t\t\/\/}\n\t\t\t\/* Checking if the user has given consent for the cookie C0002.\n\t\t\t* If the user has given consent, the variable consent will be set to 'grant'.\n\t\t\t* If the user has not given consent,the variable consent will be set to 'revoke'.\n\t\t\t* Documentation https:\/\/developers.facebook.com\/docs\/meta-pixel\/implementation\/gdpr\n\t\t\t*\/\n\t\t\tif ( ( onetrustStorageConsent !== null ) && (onetrustStorageConsent.C0002 !== true ) ) {\n\t\t\t\tconsent=\"revoke\";\n\t\t\t}\n\t\t\t\t!function(f,b,e,v,n,t,s){if(f.fbq)return;n=f.fbq=function()\n\t\t{n.callMethod? n.callMethod.apply(n,arguments):n.queue.push(arguments)}\n\t\t;if(!f._fbq)f._fbq=n;\n\t\tn.push=n;n.loaded=!0;n.version='2.0';n.queue=[];t=b.createElement(e);t.async=!0;\n\t\tt.src=v;s=b.getElementsByTagName(e)[0];s.parentNode.insertBefore(t,s)}(window,\n\t\tdocument,'script','https:\/\/connect.facebook.net\/en_US\/fbevents.js');\n\t\tfbq('consent', consent);\n\t\tfbq('init', '813236348753005');\n\t\tfbq('track', \"PageView\");\n\t<\/script><br \/>\n<br \/><br \/>\n<br \/><a href=\"https:\/\/www.boston.com\/news\/politics\/2024\/07\/30\/trump-again-says-that-christians-wont-have-to-vote-anymore-if-they-vote-for-him\/\">Source link <\/a><\/p>","protected":false},"excerpt":{"rendered":"<p>Pol\u00edtica O ex-presidente, em entrevista \u00e0 Fox News, n\u00e3o recuou em seus coment\u00e1rios e repetiu seu argumento de que, se for eleito, \u201co pa\u00eds ser\u00e1 consertado\u201d e seus votos n\u00e3o&hellip;<\/p>","protected":false},"author":1,"featured_media":12432,"comment_status":"closed","ping_status":"open","sticky":false,"template":"","format":"standard","meta":{"content-type":"","footnotes":""},"categories":[1],"tags":[],"class_list":["post-12431","post","type-post","status-publish","format-standard","has-post-thumbnail","hentry","category-uncategorized"],"_links":{"self":[{"href":"https:\/\/tvbrazilusa.com\/pt\/wp-json\/wp\/v2\/posts\/12431","targetHints":{"allow":["GET"]}}],"collection":[{"href":"https:\/\/tvbrazilusa.com\/pt\/wp-json\/wp\/v2\/posts"}],"about":[{"href":"https:\/\/tvbrazilusa.com\/pt\/wp-json\/wp\/v2\/types\/post"}],"author":[{"embeddable":true,"href":"https:\/\/tvbrazilusa.com\/pt\/wp-json\/wp\/v2\/users\/1"}],"replies":[{"embeddable":true,"href":"https:\/\/tvbrazilusa.com\/pt\/wp-json\/wp\/v2\/comments?post=12431"}],"version-history":[{"count":1,"href":"https:\/\/tvbrazilusa.com\/pt\/wp-json\/wp\/v2\/posts\/12431\/revisions"}],"predecessor-version":[{"id":12433,"href":"https:\/\/tvbrazilusa.com\/pt\/wp-json\/wp\/v2\/posts\/12431\/revisions\/12433"}],"wp:featuredmedia":[{"embeddable":true,"href":"https:\/\/tvbrazilusa.com\/pt\/wp-json\/wp\/v2\/media\/12432"}],"wp:attachment":[{"href":"https:\/\/tvbrazilusa.com\/pt\/wp-json\/wp\/v2\/media?parent=12431"}],"wp:term":[{"taxonomy":"category","embeddable":true,"href":"https:\/\/tvbrazilusa.com\/pt\/wp-json\/wp\/v2\/categories?post=12431"},{"taxonomy":"post_tag","embeddable":true,"href":"https:\/\/tvbrazilusa.com\/pt\/wp-json\/wp\/v2\/tags?post=12431"}],"curies":[{"name":"wp","href":"https:\/\/api.w.org\/{rel}","templated":true}]}}