{"id":124416,"date":"2025-08-21T16:08:51","date_gmt":"2025-08-21T16:08:51","guid":{"rendered":"https:\/\/tvbrazilusa.com\/2025\/08\/21\/especialistas-questionam-a-politica-de-uso-da-forca-da-jso-jacksonville-hoje\/"},"modified":"2025-08-21T16:27:50","modified_gmt":"2025-08-21T16:27:50","slug":"especialistas-questionam-a-politica-de-uso-da-forca-da-jso-jacksonville-hoje","status":"publish","type":"post","link":"https:\/\/tvbrazilusa.com\/pt\/2025\/08\/21\/especialistas-questionam-a-politica-de-uso-da-forca-da-jso-jacksonville-hoje\/","title":{"rendered":"Especialistas questionam a pol\u00edtica de uso da for\u00e7a da JSO | Jacksonville hoje"},"content":{"rendered":"<p> <script async src=\"https:\/\/pagead2.googlesyndication.com\/pagead\/js\/adsbygoogle.js?client=ca-pub-8864793242727901\"\r\n     crossorigin=\"anonymous\"><\/script><br \/>\n<\/p>\n<div>\n<p>O <a href=\"https:\/\/jaxtoday.org\/2025\/07\/21\/civil-rights-groups-condemn-violent-jacksonville-arrest\/\">Parada de tr\u00e1fego controverso<\/a> de um motorista que se recusou a abrir a porta ou janela do carro para os deputados do xerife de Jacksonville surgiram em parte da vaga pol\u00edtica de uso de for\u00e7a do departamento, que d\u00e1 aos oficiais individuais amplos para usar a viol\u00eancia no primeiro sinal de resist\u00eancia, de acordo com especialistas que falaram com o tribut\u00e1rio. <\/p>\n<p>Esses especialistas tamb\u00e9m concordaram por unanimidade que o policial Donald Bowers deveria ter relatado seu golpe no rosto de William McNeil Jr. depois que ele quebrou a janela do carro para arrastar McNeil para fora do carro. Esse golpe de m\u00e3o aberta n\u00e3o foi divulgada no relat\u00f3rio da pol\u00edcia ou no relat\u00f3rio de resposta a resist\u00eancia Bowers conclu\u00eddo ap\u00f3s a pris\u00e3o de McNeil.<\/p>\n<p>O v\u00eddeo da parada de tr\u00e2nsito de McNeil Jr. em fevereiro e a pris\u00e3o se tornou viral neste ver\u00e3o, depois que McNeil divulgou imagens tiradas de seu celular, que foi montado em seu painel. <\/p>\n<p><!-- This site is converting visitors into subscribers and customers with OptinMonster - https:\/\/api.omwpapi.com :: Campaign Title: ACTIVE after 8.13, 2025 Email Registration Wall Message --><\/p>\n<p><!-- \/ OptinMonster --><\/p>\n<p>As filmagens mostram que Bowers esmaga a janela de McNeil e atingiu o homem visivelmente calmo de 22 anos antes de soltar e arrast\u00e1-lo para o ch\u00e3o com a ajuda de v\u00e1rios policiais chamados como reserva.<\/p>\n<p>Enfrentando as cr\u00edticas sobre as filmagens do painel, o escrit\u00f3rio do xerife de Jacksonville lan\u00e7ou o v\u00eddeo do Bodycam de Bowers e argumentou que continha contexto crucial que estava ausente nas imagens de celular de McNeil. <\/p>\n<p>Tanto as \u00e1guas quanto a advogada estadual Melissa Nelson, cujo escrit\u00f3rio <a href=\"https:\/\/jaxtoday.org\/2025\/08\/13\/state-attorney-explains-why-cops-were-cleared-in-violent-arrest\/\">Bowers limpos<\/a> De qualquer irregularidade criminal durante a parada, lamentou o que eles caracterizaram como desinforma\u00e7\u00e3o que se espalhou ap\u00f3s as filmagens de celular de McNeil, espalhadas nas m\u00eddias sociais.<\/p>\n<p>&#8220;Havia absolutamente for\u00e7a usada pelos oficiais de pris\u00e3o e, sim, essa for\u00e7a \u00e9 feia&#8221;, disse o xerife Tk Waters quando ele divulgou a filmagem. &#8220;Mas, como eu disse muitas vezes antes, a realidade \u00e9 que toda for\u00e7a, toda a viol\u00eancia, \u00e9 feia. E apenas porque a for\u00e7a \u00e9 feia n\u00e3o significa que \u00e9 ilegal ou contr\u00e1ria \u00e0 pol\u00edtica&#8221;.<\/p>\n<p>Durante a parada de fevereiro, de acordo com o v\u00eddeo do Bodycam, McNeil recusou os m\u00faltiplos comandos de Bowers para deixar o ve\u00edculo. O v\u00eddeo mostra que, em vez disso, McNeil pediu a Bowers v\u00e1rias vezes para &#8220;chamar seu supervisor&#8221;. <\/p>\n<p>Bowers tamb\u00e9m disse a McNeil que iniciou a parada porque McNeil estava dirigindo na chuva sem far\u00f3is &#8211; um <a href=\"https:\/\/jaxtrib.org\/2025\/07\/28\/black-drivers-ticketed-more-for-traffic-violation-that-prompted-viral-jacksonville-stop\/\" rel=\"nofollow noopener\" target=\"_blank\">raramente citado por infra\u00e7\u00e3o<\/a>de acordo com dados de tr\u00e1fego. Enquanto as filmagens do corpo mostram gotas de chuva no ve\u00edculo de McNeil, n\u00e3o estava chovendo na \u00e9poca em que o v\u00eddeo do Bodycam Bowers come\u00e7ou.<\/p>\n<p>O tribut\u00e1rio solicitou qualquer filmagem dispon\u00edvel no ve\u00edculo de Bowers, mas a ag\u00eancia disse que n\u00e3o havia nenhum dispon\u00edvel. <\/p>\n<p>Bowers mais tarde disse aos investigadores que ele tinha outro motivo para parar McNeil, que ele n\u00e3o revelou durante a parada de tr\u00e2nsito: McNeil foi visto deixando um suposto <a href=\"https:\/\/jaxtrib.org\/2025\/08\/13\/jso-officer-in-viral-stop-had-third-unspoken-reason-why-he-pulled-driver-over\/\" rel=\"nofollow noopener\" target=\"_blank\">casa de drogas que estava sob vigil\u00e2ncia<\/a>. <\/p>\n<p>Bowers escreveu em uma forma de &#8220;resposta \u00e0 resist\u00eancia&#8221; que ele deu um soco no rosto de McNeil depois de pux\u00e1-lo para fora do ve\u00edculo porque McNeil &#8220;tentou se afastar dos oficiais&#8221;, embora as imagens de v\u00eddeo n\u00e3o pare\u00e7am mostrar isso. <\/p>\n<p>Deixado de fora do relat\u00f3rio de Bowers foi <a href=\"https:\/\/www.news4jax.com\/news\/local\/2025\/08\/13\/jso-officer-who-hit-man-during-viral-traffic-stop-didnt-include-it-in-his-report-the-sao-said-his-reason-is-credible\/\" rel=\"nofollow noopener\" target=\"_blank\">Qualquer men\u00e7\u00e3o a uma greve inicial de m\u00e3o aberta<\/a> Ele aterrissou no rosto de McNeil depois de quebrar a janela do carro. Enquanto o golpe foi mostrado claramente no pr\u00f3prio v\u00eddeo de McNeil, a filmagem da c\u00e2mera corporal da JSO n\u00e3o mostra claramente esse golpe, que Bowers pousou logo antes de arrastar McNeil para fora do SUV. <\/p>\n<p>Bowers disse aos investigadores que foi treinado para usar uma &#8220;greve de distra\u00e7\u00e3o&#8221; em tais circunst\u00e2ncias e, por esse motivo, ele n\u00e3o achou necess\u00e1rio list\u00e1-lo em seu relat\u00f3rio de uso da for\u00e7a. <\/p>\n<p>O escrit\u00f3rio do procurador do estado concluiu que Bowers, que tem mais de uma d\u00fazia de elogios em seu arquivo de pessoal, n\u00e3o cometeu nenhum crime durante a parada. Uma revis\u00e3o interna separada tratada pela JSO para determinar se a pol\u00edtica do departamento quebrou os Bowers continua. <\/p>\n<h3 class=\"wp-block-heading\">Pol\u00edticas de uso da for\u00e7a<\/h3>\n<p>O tribut\u00e1rio enviou tr\u00eas especialistas em justi\u00e7a criminal uma c\u00f3pia da pol\u00edtica de uso do departamento, o relat\u00f3rio do advogado estadual e o relat\u00f3rio de Bowers para revisar. Todos concordaram que Bowers deveria ter relatado a &#8220;greve de distra\u00e7\u00e3o&#8221; inicial.<\/p>\n<p>Ayesha Bell Hardaway, um <a href=\"https:\/\/case.edu\/law\/our-school\/faculty-directory\/ayesha-bell-hardaway\" rel=\"nofollow noopener\" target=\"_blank\">Professor da Case de Cleveland Western Reserve University<\/a> e diretor do Instituto de Justi\u00e7a Social da escola, observou que a pol\u00edtica de 26 p\u00e1ginas n\u00e3o descreve os requisitos de relat\u00f3rios at\u00e9 a p\u00e1gina 25-e que parece exigir relatar o uso da for\u00e7a somente quando as les\u00f5es s\u00e3o infligidas. <\/p>\n<p>\u201cAs pol\u00edticas s\u00e3o projetadas para fornecer aos policiais instru\u00e7\u00f5es sobre quais s\u00e3o suas obriga\u00e7\u00f5es como policiais, como funcion\u00e1rios p\u00fablicos, e isso [policy] N\u00e3o fez isso necessariamente de uma maneira convincente \u201d, disse ela. <\/p>\n<p>Depois de revisar o resumo do advogado estadual sobre a parada e a pol\u00edtica de uso da for\u00e7a da JSO, Bell Hardaway disse que ainda n\u00e3o entendeu a justificativa de Bowers deixando-o fora de seu relat\u00f3rio.<\/p>\n<p>A pol\u00edtica, disse ela, estipula que qualquer uso da for\u00e7a que resulte em uma les\u00e3o deve ser relatado. McNeil sofreu um dente quebrado, concuss\u00e3o e les\u00e3o cerebral traum\u00e1tica durante a pris\u00e3o, segundo seus advogados. <\/p>\n<p>Ela e outros especialistas disseram que a afirma\u00e7\u00e3o de Bowers de que o golpe era um meio adequado para um fim era irrelevante para se precisava ser relatado, uma vez que qualquer uso da for\u00e7a \u00e9 presumivelmente t\u00e1tico.<\/p>\n<p>&#8220;O Gabinete do Procurador do Estado passa por um grande esfor\u00e7o em seu relat\u00f3rio para justificar o comportamento do oficial&#8221;, disse ela. &#8220;Esse tipo de l\u00f3gica circular \u00e9 exatamente como a aplica\u00e7\u00e3o da lei evita ser responsabilizada e envia uma mensagem aos policiais de que, mesmo em casos em que o oficial pode ser completamente justificado na tomada de decis\u00e3o, que se eles decidirem n\u00e3o seguir as regras das pol\u00edticas, n\u00e3o haver\u00e1 consequ\u00eancias&#8221;.<\/p>\n<p>Gene Paoline, a <a href=\"https:\/\/ccie.ucf.edu\/person\/gene-paoline\/\" rel=\"nofollow noopener\" target=\"_blank\">Professor de Justi\u00e7a Criminal<\/a> na Universidade da Fl\u00f3rida Central, estudou e comparou as pol\u00edticas de uso da for\u00e7a em <a href=\"https:\/\/www.tandfonline.com\/doi\/abs\/10.1080\/07418825.2016.1147593\" rel=\"nofollow noopener\" target=\"_blank\">662 departamentos de pol\u00edcia<\/a> e apresentou as descobertas dele e de seu co-autor na Reuni\u00e3o Internacional de Chefes de Pol\u00edcia de 2018 em Orlando.<\/p>\n<p>JSO&#8217;s <a href=\"https:\/\/opendata.jaxsheriff.org\/Doc\/29\" rel=\"nofollow noopener\" target=\"_blank\">pol\u00edtica<\/a>ele disse, n\u00e3o exige que todas as inst\u00e2ncias de for\u00e7a sejam relatadas, a menos que uma arma de choque, spray de pimenta ou arma de fogo fosse usada. No entanto, n\u00e3o h\u00e1 padr\u00e3o para como escrever uma pol\u00edtica de uso da for\u00e7a e eles variam departamentando. <\/p>\n<p>Por exemplo, Paoline disse que Orlando tem um limiar muito mais rigoroso para quando os policiais devem relatar qualquer n\u00edvel de for\u00e7a do que Jacksonville. Alguns departamentos, disse ele, consideram algemar um tipo de for\u00e7a suspeito. <\/p>\n<p>Dado o limiar mais r\u00edgido, poderia dar a falsa impress\u00e3o de que a pol\u00edcia de Orlando usa for\u00e7a com muito mais frequ\u00eancia do que Jacksonville simplesmente por causa de seus requisitos de relat\u00f3rio. <\/p>\n<p>&#8220;Essa pol\u00edtica definitivamente fornece a voc\u00ea a margem de manobra para usar v\u00e1rios tipos de for\u00e7a assim que a pessoa mostrar qualquer tipo de resist\u00eancia&#8221;, disse ele sobre o padr\u00e3o da JSO.  <\/p>\n<p>Ao contr\u00e1rio de muitos outros departamentos, o JSO n\u00e3o possui uma regra de &#8220;cont\u00ednuo de uso da for\u00e7a&#8221;, que permite que os policiais usem maiores n\u00edveis de for\u00e7a em propor\u00e7\u00e3o ao n\u00edvel de viol\u00eancia usado por um suspeito. O continuum d\u00e1 aos policiais mais dire\u00e7\u00e3o do que a pol\u00edtica da JSO, que &#8220;basicamente permite que o oficial use sua pr\u00f3pria discri\u00e7\u00e3o&#8221;, disse Paoline. <\/p>\n<p>Em uma entrevista de 2023 com o tribut\u00e1rio-conduzido ap\u00f3s uma pris\u00e3o controversa e violenta-o sub-her\u00f3i Shawn, Coarsey, disse que a pol\u00edtica da JSO est\u00e1 alinhada com os padr\u00f5es do Departamento de Aplica\u00e7\u00e3o da Lei da Fl\u00f3rida, que, segundo ele<\/p>\n<p>O JSO n\u00e3o respondeu a um pedido de entrevista sobre o manuseio da parada de tr\u00e2nsito de McNeil, exceto para perguntar quais cita\u00e7\u00f5es o tribut\u00e1rio planejava usar na entrevista de 2023 com a Coarsey. <\/p>\n<p>Jacksonville usa um &#8220;modelo de razoabilidade objetivo&#8221;, que \u00e9 um padr\u00e3o que se concentra se outro oficial na mesma situa\u00e7\u00e3o teria acreditado que o uso da for\u00e7a foi justificado, considerando que as informa\u00e7\u00f5es dispon\u00edveis para os policiais da \u00e9poca foram usadas.<\/p>\n<p>Em 2020, a Associa\u00e7\u00e3o de Chefes de Pol\u00edcia da Fl\u00f3rida convocou um subcomit\u00ea sobre responsabilidade e mudan\u00e7a social <a href=\"https:\/\/drive.google.com\/file\/d\/1WPmp6_Xb2ZcBSmMepuCTCc3Z9T953qCI\/view?usp=sharing\" rel=\"nofollow noopener\" target=\"_blank\">que liberaram recomenda\u00e7\u00f5es sobre pol\u00edticas de uso da for\u00e7a<\/a>que inclu\u00eda informa\u00e7\u00f5es de nove chefes de pol\u00edcia da Fl\u00f3rida. <\/p>\n<p>O relat\u00f3rio finalizado disse que a razoabilidade objetiva ou um continuum \u00e9 um padr\u00e3o aceit\u00e1vel para pol\u00edticas, desde que sejam &#8220;devidamente elaborados&#8221;. Quando o relat\u00f3rio foi publicado, houve uma divis\u00e3o de 50\/50 dos departamentos da Fl\u00f3rida sobre qual modelo \u00e9 usado.<\/p>\n<p>Mike Benza, outro professor da Case Western Reserve University, disse que n\u00e3o viu nenhum problema com a escrita da pol\u00edtica de Jacksonville &#8211; mas ele concordou que a &#8220;greve discricion\u00e1ria&#8221; Bowers desembarcou em McNeil deveria ter sido relatada. Ele tamb\u00e9m questionou se a greve era razo\u00e1vel. <\/p>\n<p>&#8220;A Quarta Emenda diz que os policiais s\u00f3 podem usar a quantidade de for\u00e7a necess\u00e1ria para se proteger ou proteger outros ou conduzir seus neg\u00f3cios legais&#8221;, disse ele, enfatizando que a investiga\u00e7\u00e3o do procurador do estado &#8211; que procura crimes em potencial &#8211; \u00e9 separada da investiga\u00e7\u00e3o do departamento sobre viola\u00e7\u00f5es de pol\u00edticas.<\/p>\n<p>Bell Hardaway acrescentou que a pol\u00edtica de Jacksonville &#8220;se esfor\u00e7a para criar cobertura para os policiais usarem a for\u00e7a sem identificar especificamente a filosofia dos princ\u00edpios por tr\u00e1s do uso da for\u00e7a&#8221;.<\/p>\n<h3 class=\"wp-block-heading\" id=\"how-jso-reviews-cases\">Como o JSO analisa os casos<\/h3>\n<p>A JSO raramente descobre que seus oficiais violaram a pol\u00edtica de uso da for\u00e7a.<\/p>\n<p>Por exemplo, em 2022, a JSO abriu 125 investiga\u00e7\u00f5es sobre alega\u00e7\u00f5es de uso desnecess\u00e1rio da for\u00e7a. Desses, 108 alega\u00e7\u00f5es n\u00e3o passaram por uma revis\u00e3o inicial. <a href=\"https:\/\/drive.google.com\/file\/d\/1KkOtPHuOpB6jADrWkCw2W4xNFuGUgnLv\/view\" rel=\"nofollow noopener\" target=\"_blank\">Dos 17 que fizeram<\/a>nenhuma das alega\u00e7\u00f5es foi sustentada, de acordo com os dados do departamento. <\/p>\n<p>Em 2024, havia <a href=\"https:\/\/opendata.jaxsheriff.org\/Doc\/60\" rel=\"nofollow noopener\" target=\"_blank\">135 alega\u00e7\u00f5es de uso desnecess\u00e1rio de for\u00e7a<\/a> e duas queixas foram sustentadas.<\/p>\n<p>Coarsey, abordando os n\u00fameros de 2022, disse que todo incidente de uso da for\u00e7a \u00e9 fortemente revisado, um processo que envolve o supervisor direto do oficial, o comandante do rel\u00f3gio e depois a unidade de supervis\u00e3o profissional, que \u00e9 separada. <\/p>\n<p>&#8220;Se h\u00e1 algo que est\u00e1 fora de pol\u00edtica, ou em quest\u00e3o, ou talvez precise ser visto pelos assuntos internos ou pela unidade de integridade, ela sobe a cadeia, at\u00e9 o diretor&#8221;, disse Coarsey. &#8220;Ele ent\u00e3o decide se ir\u00e1 para a resposta ao conselho de resist\u00eancia ou se est\u00e1 indo para a integridade. Portanto, h\u00e1 muitos olhos que olham para todos os relat\u00f3rios&#8221;.<\/p>\n<p>Nessa conversa de 2023, Coarsey advertiu um jornalista com o tribut\u00e1rio por usar o termo &#8220;batida&#8221; em uma hist\u00f3ria que descreveu as a\u00e7\u00f5es de v\u00e1rios policiais que chutaram e derrubaram um homem de 28 anos 17 vezes depois que ele fugiu de uma parada de tr\u00e2nsito. O homem, Le&#8217;kien Woods, sofreu uma les\u00e3o na cabe\u00e7a fechada, um rim rompido e supostamente fez o sangue como resultado da pris\u00e3o, segundo seus advogados. <\/p>\n<p>&#8220;Se voc\u00ea for factual e deseja divulg\u00e1 -lo para as pessoas neste condado, quais s\u00e3o os fatos, \u00e9 menos de 1%&#8221;, disse Coarsey sobre a frequ\u00eancia com que a for\u00e7a \u00e9 usada durante os contatos da pol\u00edcia com o p\u00fablico em 2023. &#8220;S\u00e3o 2% das pessoas presas&#8221;.<\/p>\n<p>De acordo com os dados da JSO, <a href=\"https:\/\/opendata.jaxsheriff.org\/Doc\/60\" rel=\"nofollow noopener\" target=\"_blank\">Essa porcentagem de uso da for\u00e7a<\/a> Contra pessoas que foram presas subiram para 3% em 2024.<\/p>\n<p><em><em>Esta hist\u00f3ria \u00e9 publicada atrav\u00e9s de uma parceria entre <\/em><a href=\"https:\/\/jaxtoday.org\/\">Jacksonville hoje<\/a><em> e <a href=\"http:\/\/jaxtrib.com\/\" target=\"_blank\" rel=\"noreferrer noopener nofollow\">O afluente<\/a>.<\/em><\/em><\/p>\n<\/div>\n<p><br \/>\n<br \/><a href=\"https:\/\/jaxtoday.org\/2025\/08\/21\/experts-question-jsos-use-of-force-policy\/\">Source link <\/a><\/p>","protected":false},"excerpt":{"rendered":"<p>O Parada de tr\u00e1fego controverso de um motorista que se recusou a abrir a porta ou janela do carro para os deputados do xerife de Jacksonville surgiram em parte da&hellip;<\/p>","protected":false},"author":1,"featured_media":124417,"comment_status":"closed","ping_status":"open","sticky":false,"template":"","format":"standard","meta":{"content-type":"","footnotes":""},"categories":[1],"tags":[],"class_list":["post-124416","post","type-post","status-publish","format-standard","has-post-thumbnail","hentry","category-uncategorized"],"_links":{"self":[{"href":"https:\/\/tvbrazilusa.com\/pt\/wp-json\/wp\/v2\/posts\/124416","targetHints":{"allow":["GET"]}}],"collection":[{"href":"https:\/\/tvbrazilusa.com\/pt\/wp-json\/wp\/v2\/posts"}],"about":[{"href":"https:\/\/tvbrazilusa.com\/pt\/wp-json\/wp\/v2\/types\/post"}],"author":[{"embeddable":true,"href":"https:\/\/tvbrazilusa.com\/pt\/wp-json\/wp\/v2\/users\/1"}],"replies":[{"embeddable":true,"href":"https:\/\/tvbrazilusa.com\/pt\/wp-json\/wp\/v2\/comments?post=124416"}],"version-history":[{"count":1,"href":"https:\/\/tvbrazilusa.com\/pt\/wp-json\/wp\/v2\/posts\/124416\/revisions"}],"predecessor-version":[{"id":124418,"href":"https:\/\/tvbrazilusa.com\/pt\/wp-json\/wp\/v2\/posts\/124416\/revisions\/124418"}],"wp:featuredmedia":[{"embeddable":true,"href":"https:\/\/tvbrazilusa.com\/pt\/wp-json\/wp\/v2\/media\/124417"}],"wp:attachment":[{"href":"https:\/\/tvbrazilusa.com\/pt\/wp-json\/wp\/v2\/media?parent=124416"}],"wp:term":[{"taxonomy":"category","embeddable":true,"href":"https:\/\/tvbrazilusa.com\/pt\/wp-json\/wp\/v2\/categories?post=124416"},{"taxonomy":"post_tag","embeddable":true,"href":"https:\/\/tvbrazilusa.com\/pt\/wp-json\/wp\/v2\/tags?post=124416"}],"curies":[{"name":"wp","href":"https:\/\/api.w.org\/{rel}","templated":true}]}}