{"id":12458,"date":"2024-07-30T17:55:32","date_gmt":"2024-07-30T17:55:32","guid":{"rendered":"https:\/\/tvbrazilusa.com\/2024\/07\/30\/mpf-da-venezuela-informa-que-a-ditadura-prendeu-750-manifestantes-terroristas-paulo-figueiredo\/"},"modified":"2024-07-30T18:18:56","modified_gmt":"2024-07-30T18:18:56","slug":"mpf-da-venezuela-informa-que-a-ditadura-prendeu-750-manifestantes-terroristas-paulo-figueiredo","status":"publish","type":"post","link":"https:\/\/tvbrazilusa.com\/pt\/2024\/07\/30\/mpf-da-venezuela-informa-que-a-ditadura-prendeu-750-manifestantes-terroristas-paulo-figueiredo\/","title":{"rendered":"&#8220;MPF&#8221; da Venezuela informa que a ditadura prendeu 750 manifestantes: &#8220;Terroristas&#8221; &#8211; Paulo Figueiredo"},"content":{"rendered":"<p> <script async src=\"https:\/\/pagead2.googlesyndication.com\/pagead\/js\/adsbygoogle.js?client=ca-pub-8864793242727901\"\r\n     crossorigin=\"anonymous\"><\/script><br \/>\n<\/p>\n<div id=\"wtr-content\" data-bg=\"#FFFFFF\" data-fg=\"#006d91\" data-width=\"25\" data-mute=\"1\" data-fgopacity=\"1.00\" data-mutedopacity=\"0.5\" data-placement=\"bottom\" data-placement-offset=\"0\" data-content-offset=\"262\" data-placement-touch=\"bottom\" data-placement-offset-touch=\"0\" data-transparent=\"\" data-shadow=\"0\" data-touch=\"1\" data-non-touch=\"1\" data-comments=\"0\" data-commentsbg=\"transparent\" data-location=\"page\" data-mutedfg=\"#006d91\" data-endfg=\"#006d91\" data-rtl=\"\">\n<h3 class=\"wp-block-heading\">\u00d3rg\u00e3o j\u00e1 havia alertado para poss\u00edveis pris\u00f5es de opositores<\/h3>\n<p>O chefe do Minist\u00e9rio P\u00fablico da Venezuela, Tarek Saab, informou, nesta ter\u00e7a-feira, 30, que a ditadura j\u00e1 prendeu 749 pessoas que protestavam contra o regime, desde o in\u00edcio das manifesta\u00e7\u00f5es.<\/p>\n<p>\u201cV\u00e3o ser processados por terrorismo\u201d, garantiu Saab, durante uma transmiss\u00e3o. \u201cCertamente, as redes internacionais e ONG pagas pela USAID v\u00e3o dizer que s\u00e3o perseguidos.\u201d<\/p>\n<p>De acordo com o C\u00f3digo Penal da Venezuela, quem for condenado por um dos crimes apontados pelo chavismo pode pegar de\u00a0um m\u00eas a dez anos de pris\u00e3o.<\/p>\n<p>Na tarde de ontem, Saab j\u00e1 havia alertado a oposi\u00e7\u00e3o sobre protestos. \u201cInformamos que a nossa institui\u00e7\u00e3o estar\u00e1 monitorando qualquer ato que pretenda iniciar uma escalada na viol\u00eancia para sujar a festa democr\u00e1tica que estamos vivendo\u201d, disse o chefe do \u201cMPF\u201d. \u201cAdvertimos que os atos de viol\u00eancia e chamados a desconhecer os resultados oficiais podem se encontrar em delitos de \u2018instiga\u00e7\u00e3o p\u00fablica\u2019, obstru\u00e7\u00e3o de vias p\u00fablicas, est\u00edmulo ao \u00f3dio e resist\u00eancia \u00e0 pris\u00e3o.\u201d<\/p>\n<p><strong><a href=\"https:\/\/revistaoeste.com\/mundo\/mpf-da-venezuela-informa-que-a-ditadura-prendeu-750-manifestantes-terroristas\/\">Source link<\/a><\/strong><\/p>\n<\/div>\n<p><br \/>\n<br \/><a href=\"https:\/\/paulofigueiredoshow.com\/mpf-da-venezuela-informa-que-a-ditadura-prendeu-750-manifestantes-terroristas\/\">Source link <\/a><\/p>","protected":false},"excerpt":{"rendered":"<p>\u00d3rg\u00e3o j\u00e1 havia alertado para poss\u00edveis pris\u00f5es de opositores O chefe do Minist\u00e9rio P\u00fablico da Venezuela, Tarek Saab, informou, nesta ter\u00e7a-feira, 30, que a ditadura j\u00e1 prendeu 749 pessoas que&hellip;<\/p>","protected":false},"author":1,"featured_media":12459,"comment_status":"closed","ping_status":"open","sticky":false,"template":"","format":"standard","meta":{"content-type":"","footnotes":""},"categories":[16],"tags":[37,1100,1590,4681,1660,4682,4683,4684,1101],"class_list":["post-12458","post","type-post","status-publish","format-standard","has-post-thumbnail","hentry","category-noticias","tag-como","tag-ditador","tag-maduro","tag-manifestantes","tag-mpf","tag-prende","tag-processados","tag-tarek-saab","tag-venezuela"],"_links":{"self":[{"href":"https:\/\/tvbrazilusa.com\/pt\/wp-json\/wp\/v2\/posts\/12458","targetHints":{"allow":["GET"]}}],"collection":[{"href":"https:\/\/tvbrazilusa.com\/pt\/wp-json\/wp\/v2\/posts"}],"about":[{"href":"https:\/\/tvbrazilusa.com\/pt\/wp-json\/wp\/v2\/types\/post"}],"author":[{"embeddable":true,"href":"https:\/\/tvbrazilusa.com\/pt\/wp-json\/wp\/v2\/users\/1"}],"replies":[{"embeddable":true,"href":"https:\/\/tvbrazilusa.com\/pt\/wp-json\/wp\/v2\/comments?post=12458"}],"version-history":[{"count":1,"href":"https:\/\/tvbrazilusa.com\/pt\/wp-json\/wp\/v2\/posts\/12458\/revisions"}],"predecessor-version":[{"id":12460,"href":"https:\/\/tvbrazilusa.com\/pt\/wp-json\/wp\/v2\/posts\/12458\/revisions\/12460"}],"wp:featuredmedia":[{"embeddable":true,"href":"https:\/\/tvbrazilusa.com\/pt\/wp-json\/wp\/v2\/media\/12459"}],"wp:attachment":[{"href":"https:\/\/tvbrazilusa.com\/pt\/wp-json\/wp\/v2\/media?parent=12458"}],"wp:term":[{"taxonomy":"category","embeddable":true,"href":"https:\/\/tvbrazilusa.com\/pt\/wp-json\/wp\/v2\/categories?post=12458"},{"taxonomy":"post_tag","embeddable":true,"href":"https:\/\/tvbrazilusa.com\/pt\/wp-json\/wp\/v2\/tags?post=12458"}],"curies":[{"name":"wp","href":"https:\/\/api.w.org\/{rel}","templated":true}]}}