{"id":124595,"date":"2025-08-21T16:04:05","date_gmt":"2025-08-21T16:04:05","guid":{"rendered":"https:\/\/tvbrazilusa.com\/2025\/08\/21\/os-pais-se-preocupam-mais-com-essas-10-coisas-quando-as-criancas-voltam-para-a-escola\/"},"modified":"2025-08-24T15:27:27","modified_gmt":"2025-08-24T15:27:27","slug":"os-pais-se-preocupam-mais-com-essas-10-coisas-quando-as-criancas-voltam-para-a-escola","status":"publish","type":"post","link":"https:\/\/tvbrazilusa.com\/pt\/2025\/08\/21\/os-pais-se-preocupam-mais-com-essas-10-coisas-quando-as-criancas-voltam-para-a-escola\/","title":{"rendered":"Os pais se preocupam mais com essas 10 coisas quando as crian\u00e7as voltam para a escola"},"content":{"rendered":"<p> <script async src=\"https:\/\/pagead2.googlesyndication.com\/pagead\/js\/adsbygoogle.js?client=ca-pub-8864793242727901\"\r\n     crossorigin=\"anonymous\"><\/script><br \/>\n<\/p>\n<div>\n<p>O estresse de volta \u00e0s aulas n\u00e3o \u00e9 apenas para crian\u00e7as.<\/p>\n<\/div>\n<div>\n<p>Setenta e cinco por cento dos pais de crian\u00e7as de 1 a 18 que responderam ao <a href=\"https:\/\/mottpoll.org\/reports\/top-health-concerns-2025?utm_source=National+Poll+on+Children%27s+Health+List&#038;utm_campaign=93beea1152-Top10_081825&#038;utm_medium=email&#038;utm_term=0_ba6e5a0194-93beea1152-96095085\" rel=\"nofollow\" target=\"_blank\">Pesquisa nacional do Hospital Infantil CS Mott sobre Sa\u00fade da Crian\u00e7a<\/a> disse que eles se preocupam com o efeito que a m\u00eddia social ter\u00e1 no bem -estar de seus filhos. Dois t\u00f3picos intimamente relacionados tamb\u00e9m pesam muito em suas mentes &#8211; muito tempo na tela e uso de dispositivos (75 %) e seguran\u00e7a na Internet (66 %), de acordo com a pesquisa.<\/p>\n<p>A pesquisa, que registrou 2.021 respostas de pais selecionados aleatoriamente, foi realizada em fevereiro pela Ipsos Public Affairs for Tuniversity of Michigan Health System Children&#8217;s Hospital. Os pais receberam uma variedade de t\u00f3picos de sa\u00fade infantil e pediram para classificar suas principais preocupa\u00e7\u00f5es.<\/p>\n<\/div>\n<div>\n<p>As preocupa\u00e7\u00f5es com as m\u00eddias sociais e o uso da Internet se correlacionam estreitamente com o que os pais v\u00eaem como uma sa\u00fade f\u00edsica e mental em decl\u00ednio. No geral, 69 % dos pais acham que a sa\u00fade f\u00edsica de n\u00f3s, crian\u00e7as e adolescentes, est\u00e1 diminuindo e 83 % acham que sua sa\u00fade mental est\u00e1 piorando.<\/p>\n<p>&#8220;Essas preocupa\u00e7\u00f5es dos pais refletem uma crescente consci\u00eancia de que as crian\u00e7as de hoje est\u00e3o enfrentando desafios crescentes que afetam sua sa\u00fade f\u00edsica e mental&#8221;, disse Susan Woolford, pediatra do Hospital Infantil de Mott e co-diretor de pesquisas, em comunicado \u00e0 imprensa.<\/p>\n<\/div>\n<div>\n<p>&#8220;Os pais continuam a expressar preocupa\u00e7\u00e3o com o papel generalizado da tecnologia na vida de seus filhos&#8221;, acrescentou. &#8220;O tempo excessivo da tela e a exposi\u00e7\u00e3o \u00e0 m\u00eddia social est\u00e3o ligados ao sono ruim, menos atividade f\u00edsica e resultados negativos de sa\u00fade mental, incluindo ansiedade, baixa auto-estima e compara\u00e7\u00f5es sociais doentias&#8221;.<\/p>\n<h3>M\u00e3es e pais t\u00eam preocupa\u00e7\u00f5es diferentes<\/h3>\n<figure><figcaption>(Shutterstock)<\/figcaption><\/figure>\n<p>A preocupa\u00e7\u00e3o dos pais com a tecnologia varia de acordo com a idade de seus filhos, disse Woolford<\/p>\n<\/div>\n<div>\n<p>&#8220;Aqueles com crian\u00e7as mais novas geralmente se concentram no tempo da tela e seu potencial impacto na aten\u00e7\u00e3o e na aprendizagem&#8221;, disse ela. &#8220;Enquanto isso, os pais dos adolescentes t\u00eam maior probabilidade de se preocupar com a forma como as m\u00eddias sociais afetam a auto-imagem, a press\u00e3o dos colegas e a vis\u00e3o de mundo.&#8221;<\/p>\n<p>A pesquisa mostrou que m\u00e3es e pais se preocupam com coisas diferentes, com as m\u00e3es mais propensas do que os pais de classificar a sa\u00fade mental como uma quest\u00e3o importante. <\/p>\n<\/div>\n<div>\n<p>  &#8220;As m\u00e3es costumam assumir o papel dos cuidadores emocionais na fam\u00edlia, o que pode torn\u00e1 -las mais sintonizadas com mudan\u00e7as no humor ou no comportamento de seus filhos&#8221;, disse Woolford. &#8220;Eles tamb\u00e9m podem ter mais chances de conversar com seus filhos sobre seus sentimentos&#8221;.<\/p>\n<p>As m\u00e3es tamb\u00e9m tinham mais probabilidade do que os pais de classificar t\u00f3picos como bullying, viol\u00eancia escolar e explora\u00e7\u00e3o infantil como as principais preocupa\u00e7\u00f5es.<\/p>\n<figure><img decoding=\"async\" data-image=\"790386-1755791238\" src=\"https:\/\/patch.com\/img\/cdn20\/users\/790386\/20250821\/114717\/styles\/raw\/public\/processed_images\/081825_Top10_MomsVsDads.png\" data-sizes=\"(min-width: 780px) 726px, 100vw\" srcset=\"https:\/\/patch.com\/img\/cdn20\/users\/790386\/20250821\/114717\/styles\/raw\/public\/processed_images\/081825_Top10_MomsVsDads.png?width=640 640w, https:\/\/patch.com\/img\/cdn20\/users\/790386\/20250821\/114717\/styles\/raw\/public\/processed_images\/081825_Top10_MomsVsDads.png?width=726 726w\"\/><\/figure>\n<h3>Nutri\u00e7\u00e3o, atividade f\u00edsica principal preocupa\u00e7\u00f5es<\/h3>\n<p>Quase todos os pais pesquisados \u200b\u200bdisseram que pelo menos um dos t\u00f3picos sobre os quais foram questionados eram grandes preocupa\u00e7\u00f5es para crian\u00e7as e adolescentes, e quase dois ter\u00e7os classificaram 10 ou mais t\u00f3picos como um grande problema.<\/p>\n<p>Woolford explicou que seus pontos de vista s\u00e3o formados por suas experi\u00eancias com seus filhos e outros na comunidade, mas tamb\u00e9m pelo que eles leram ou ouviram de fontes de segunda m\u00e3o.<\/p>\n<p>A maioria das preocupa\u00e7\u00f5es dos pais cercam a nutri\u00e7\u00e3o e o n\u00edvel de exerc\u00edcio de seus filhos. Enquanto eles entendem como a alimenta\u00e7\u00e3o saud\u00e1vel fundamental e o exerc\u00edcio regular s\u00e3o para o bem-estar geral de uma crian\u00e7a, eles n\u00e3o t\u00eam certeza de como ajud\u00e1-la a fazer escolhas saud\u00e1veis, disse Woolford.<\/p>\n<\/div>\n<div>\n<p>&#8220;As preocupa\u00e7\u00f5es com a nutri\u00e7\u00e3o provavelmente refletem os desafios de encontrar op\u00e7\u00f5es de alimentos saud\u00e1veis \u200b\u200bacess\u00edveis, acess\u00edveis e aceit\u00e1veis \u200b\u200bpara as crian\u00e7as. Os pais podem enfrentar problemas semelhantes em ajudar seus filhos a serem fisicamente ativos&#8221;, acrescentou.<\/p>\n<p>Mais da metade disse que a viol\u00eancia armada \u00e9 uma quest\u00e3o de topo, seguida de perto pelos medos de seq\u00fcestro de crian\u00e7as e tr\u00e1fego sexual e o uso de \u00e1lcool e drogas.<\/p>\n<p>Os desafios sist\u00eamicos, incluindo a falta de servi\u00e7os de sa\u00fade mental, pobreza e abuso ou neglig\u00eancia infantil, foram uma das principais preocupa\u00e7\u00f5es para dois em cada cinco entrevistados.<\/p>\n<p>Tamb\u00e9m listados como um grande problema foram o estresse dos pais, a dissemina\u00e7\u00e3o de informa\u00e7\u00f5es de sa\u00fade falsas ou enganosas, gravidez na adolesc\u00eancia ou atividade sexual, discrimina\u00e7\u00e3o com base na identidade de ra\u00e7a ou g\u00eanero, pior da qualidade do ar e da \u00e1gua e a seguran\u00e7a do suprimento de alimentos.<\/p>\n<p>Mais de um ter\u00e7o dos pais tamb\u00e9m estava preocupado com o acesso desigual aos cuidados de sa\u00fade e quase tr\u00eas quintos classificaram o custo dos cuidados de sa\u00fade e seguro de sa\u00fade para crian\u00e7as como um grande problema. Essas preocupa\u00e7\u00f5es podem ser montadas para as fam\u00edlias dos EUA, pois mudan\u00e7as de pol\u00edticas relacionadas ao Medicaid entram em vigor, disse Woolford.<\/p>\n<\/div>\n<div>\n<p>&#8220;O acesso consistente aos cuidados de sa\u00fade \u00e9 fundamental, especialmente quando os fornecedores podem ajudar as fam\u00edlias a gerenciar as quest\u00f5es f\u00edsicas, mentais e sociais que as crian\u00e7as est\u00e3o enfrentando hoje&#8221;, disse ela.<\/p>\n<h3>O top 10<\/h3>\n<p>Os principais t\u00f3picos que os pais classificam como um grande problema para as crian\u00e7as s\u00e3o:<\/p>\n<ol>\n<li>M\u00eddia social (75 %) <\/li>\n<li>Muito tempo de tela\/uso de dispositivos (75 %) <\/li>\n<li>Seguran\u00e7a da Internet (66 %) <\/li>\n<li>Dieta n\u00e3o saud\u00e1vel (62 %) <\/li>\n<li>Sa\u00fade mental de crian\u00e7as\/adolescentes (62 %) <\/li>\n<li>Custo do seguro de sa\u00fade\/sa\u00fade (56 %) <\/li>\n<li>Obesidade (56 %) <\/li>\n<li>Fumando\/vaping (56 %) <\/li>\n<li>Bullying (54 %) <\/li>\n<li>Viol\u00eancia escolar (54 %) <\/li>\n<\/ol>\n<h2>Relacionado <\/h2>\n<h3><a href=\"https:\/\/patch.com\/us\/across-america\/perfect-storm-infectious-diseases-brews-kids-head-back-school\">&#8216;Tempestade perfeita&#8217; de doen\u00e7as infecciosas se formando<\/a><\/h3>\n<ul>\n<li><a href=\"https:\/\/patch.com\/us\/across-america\/perfect-storm-infectious-diseases-brews-kids-head-back-school\"\/><em>C<\/em><em>Com a incerteza em torno das pol\u00edticas federais, as escolas locais devem se ofender na batalha contra doen\u00e7as infecciosas, dizem especialistas.<\/em><\/li>\n<\/ul>\n<h3><a href=\"https:\/\/patch.com\/us\/across-america\/bullied-death-when-kids-kill-words\">Bullying at\u00e9 a morte: quando as crian\u00e7as matam com palavras<\/a><\/h3>\n<h3><a href=\"https:\/\/patch.com\/us\/across-america\/clear-backpacks-school-safety-measure-won-t-stop-shootings-experts\">As mochilas claras param os tiroteios na escola?<\/a><\/h3>\n<ul>\n<li><em><em>Em resposta aos tiroteios nas escolas, mais escolas exigem sacolas de livros transparentes &#8211; as pol\u00edticas que as crian\u00e7as veem e os especialistas chamam inadequados.<\/em><\/em><\/li>\n<\/ul><\/div>\n<p><br \/>\n<br \/><a href=\"http:\/\/patch.com\/us\/across-america\/parents-worry-most-these-10-things-kids-go-back-school?utm_source=article-mostrecent&#038;utm_medium=rss&#038;utm_term=schools&#038;utm_campaign=recirc&#038;utm_content=aol\">Source link <\/a><\/p>","protected":false},"excerpt":{"rendered":"<p>O estresse de volta \u00e0s aulas n\u00e3o \u00e9 apenas para crian\u00e7as. Setenta e cinco por cento dos pais de crian\u00e7as de 1 a 18 que responderam ao Pesquisa nacional do&hellip;<\/p>","protected":false},"author":1,"featured_media":124596,"comment_status":"closed","ping_status":"open","sticky":false,"template":"","format":"standard","meta":{"content-type":"","footnotes":""},"categories":[1],"tags":[],"class_list":["post-124595","post","type-post","status-publish","format-standard","has-post-thumbnail","hentry","category-uncategorized"],"_links":{"self":[{"href":"https:\/\/tvbrazilusa.com\/pt\/wp-json\/wp\/v2\/posts\/124595","targetHints":{"allow":["GET"]}}],"collection":[{"href":"https:\/\/tvbrazilusa.com\/pt\/wp-json\/wp\/v2\/posts"}],"about":[{"href":"https:\/\/tvbrazilusa.com\/pt\/wp-json\/wp\/v2\/types\/post"}],"author":[{"embeddable":true,"href":"https:\/\/tvbrazilusa.com\/pt\/wp-json\/wp\/v2\/users\/1"}],"replies":[{"embeddable":true,"href":"https:\/\/tvbrazilusa.com\/pt\/wp-json\/wp\/v2\/comments?post=124595"}],"version-history":[{"count":1,"href":"https:\/\/tvbrazilusa.com\/pt\/wp-json\/wp\/v2\/posts\/124595\/revisions"}],"predecessor-version":[{"id":124597,"href":"https:\/\/tvbrazilusa.com\/pt\/wp-json\/wp\/v2\/posts\/124595\/revisions\/124597"}],"wp:featuredmedia":[{"embeddable":true,"href":"https:\/\/tvbrazilusa.com\/pt\/wp-json\/wp\/v2\/media\/124596"}],"wp:attachment":[{"href":"https:\/\/tvbrazilusa.com\/pt\/wp-json\/wp\/v2\/media?parent=124595"}],"wp:term":[{"taxonomy":"category","embeddable":true,"href":"https:\/\/tvbrazilusa.com\/pt\/wp-json\/wp\/v2\/categories?post=124595"},{"taxonomy":"post_tag","embeddable":true,"href":"https:\/\/tvbrazilusa.com\/pt\/wp-json\/wp\/v2\/tags?post=124595"}],"curies":[{"name":"wp","href":"https:\/\/api.w.org\/{rel}","templated":true}]}}